{"id":49720,"date":"2023-04-25T15:13:39","date_gmt":"2023-04-25T12:13:39","guid":{"rendered":"http:\/\/mersingazetesi.com\/?p=49720"},"modified":"2024-06-11T22:00:47","modified_gmt":"2024-06-11T19:00:47","slug":"add-kurucu-uyesi-prof-dr-mustafa-altintas-akp-ve-huda-par-akp-iktidarini-ve-erdogani-yalanliyor","status":"publish","type":"post","link":"https:\/\/mersingazetesi.com\/index.php\/2023\/04\/25\/add-kurucu-uyesi-prof-dr-mustafa-altintas-akp-ve-huda-par-akp-iktidarini-ve-erdogani-yalanliyor\/","title":{"rendered":"ADD KURUCU \u00dcYES\u0130 Prof. Dr. Mustafa ALTINTA\u015e: AKP VE H\u00dcDA-PAR; AKP \u0130KT\u0130DARINI VE ERDO\u011eAN\u2019I YALANLIYOR"},"content":{"rendered":"<div dir=\"ltr\">14 A\u011fustos 2001\u2019de kurulan AKP Program\u0131nda siyaset sahnesine \u00e7\u0131k\u0131\u015f nedenini\u201ctarih boyunca olanaks\u0131zl\u0131klar i\u00e7inde pek \u00e7ok ba\u015far\u0131y\u0131 ger\u00e7ekle\u015ftirmi\u015f olan ulusun b\u00fcy\u00fck g\u00fcc\u00fcn\u00fc harekete ge\u00e7irmek, halk\u0131 mutlu,\u00fclkemizi sayg\u0131n bir konuma getirmek\u201dolarak tan\u0131ml\u0131yor ve AKP\u2019yi;\u201cbinlerce y\u0131ld\u0131r ayn\u0131 co\u011frafya \u00fczerinde bar\u0131\u015f,dostluk ve karde\u015flik i\u00e7inde birlikte ya\u015fayan,ortak bir kaderi payla\u015fan, sevin\u00e7leri,kederleri,k\u0131van\u00e7lar\u0131 ortak olan t\u00fcm halk\u0131n partisi\u201dolarak niteleyip;\u201chalk\u0131m\u0131z\u0131n \u00e7ekmekte oldu\u011fu s\u0131k\u0131nt\u0131lar\u0131 sona erdirmeyi,siyasal sistemin problem \u00e7\u00f6zme ve karar alma yetene\u011fini geli\u015ftirmeyi,\u00fclkemizin kalk\u0131nmas\u0131n\u0131n \u00f6n\u00fcndeki t\u00fcm engelleri ortadan kald\u0131rmay\u0131,T\u00fcrkiye\u2019yi lay\u0131k oldu\u011fu ayd\u0131nl\u0131\u011fa kavu\u015fturma\u201dolarak ortaya koyuyor,kendisini\u201cbirlik ve b\u00fct\u00fcnl\u00fc\u011f\u00fcn\u00fcn, laik, demokratik, sosyal hukuk devletinin, siville\u015fmenin, demokratikle\u015fmenin, inan\u00e7 \u00f6zg\u00fcrl\u00fc\u011f\u00fcn\u00fcn ve f\u0131rsat e\u015fitli\u011finin esas kabul edildi\u011fi bir zemini\u201dolarak g\u00f6sterip,en yo\u011fun sava\u015f\u0131m alanlar\u0131n\u0131 ise \u201cyozla\u015fma, yolsuzluk, usuls\u00fczl\u00fck, \u00e7\u0131karc\u0131l\u0131k, iltimas, hukuk \u00f6n\u00fcnde ve f\u0131rsat a\u00e7\u0131s\u0131ndan e\u015fitsizlik, \u0131rk\u00e7\u0131l\u0131k, partizanl\u0131k, despotluk gibi olumsuzluklar\u0131\u201ds\u0131ral\u0131yor ve \u201cB\u00fcy\u00fck Atat\u00fcrk\u2019e\u201d g\u00f6ndermede bulunuyordu.<\/div>\n<div dir=\"ltr\"><\/div>\n<div dir=\"ltr\">AKP\u2019nin\u201cHer\u015fey T\u00fcrkiye \u0130\u00e7in\u201dba\u015fl\u0131kl\u0131 2002 Se\u00e7im Bildirgesi ile;T\u00fcrkiye\u2019yi;\u201czaman\u0131n\u0131 ve enerjisini i\u00e7 sorunlar\u0131yla u\u011fra\u015farak t\u00fcketen\u201d,\u201dyeterince demokratikle\u015femeyen\u201d,\u201dtemel hak ve \u00f6zg\u00fcrl\u00fcklerin tam olarak kullan\u0131lamad\u0131\u011f\u0131\u201d,\u201dg\u00f6nen\u00e7 d\u00fczeyini y\u00fckseltememi\u015f\u201d,\u201duluslar aras\u0131 piyasalarda rekabet edecek \u00fcretim boyutuna ula\u015f\u0131lamam\u0131\u015f,\u201dy\u00fcksek i\u015fsizlik ve enflasyonu\u201d,\u201ds\u00fcrekli artan i\u00e7 ve d\u0131\u015f bor\u00e7lar\u0131\u201d,ekonomideki karars\u0131zl\u0131k ve tehlikeli daralmay\u0131\u201d,\u201dy\u00fcksek faiz oranlar\u0131n\u0131\u201d,\u201dbor\u00e7 y\u00f6netim anlay\u0131\u015f\u0131n\u0131\u201da\u015farak,\u00fclkeyi d\u00fcze \u00e7\u0131kartacak parti olarak sunmaktad\u0131r.<\/div>\n<div dir=\"ltr\"><\/div>\n<div dir=\"ltr\">C.B\u015fk ve AKP Gn.B\u015fk RTE imzas\u0131n\u0131 ta\u015f\u0131yan\u201cT\u00fcrkiye Y\u00fczy\u0131l\u0131 \u0130\u00e7in Do\u011fru Ad\u0131mlar\u201dba\u015fl\u0131kl\u0131\u201c2023 Se\u00e7im Beyannamesi\u201dnde \u00f6zelliklerini;\u201dk\u00fclt\u00fcrel anlamda muhafazak\u00e2r, siyasi anlamda ise devrimci bir parti olarak; reformcu, ku\u015fat\u0131c\u0131-kapsay\u0131c\u0131, yerli-milli, \u00f6zg\u00fcrl\u00fck\u00e7\u00fc, \u00e7o\u011fulcu ve demokrat ; ereklerini de \u201chuzuru, karde\u015fli\u011fi, bar\u0131\u015f\u0131, g\u00fcveni, \u015fehirleri,hayat\u0131,mutlulu\u011fu beraber in\u015fa etmek\u201dolarak s\u0131ralamaktad\u0131r.<\/div>\n<div dir=\"ltr\"><\/div>\n<div dir=\"ltr\">16 Kas\u0131m 2002\u2019den bu yana,\u00f6nce parlamenter sistem ile,16 Haziran 2018\u2019den bu yana da \u201ctek muktedir\u201deliyle \u00fclkeyi y\u00f6neten AKP,2023 Se\u00e7im Beyannamesinin daha ba\u015fl\u0131\u011f\u0131nda iktidarlar\u0131n\u0131n 21inci y\u0131l\u0131nda,\u201d do\u011fru ad\u0131mlar atmad\u0131\u011f\u0131n\u0131, huzuru, karde\u015fli\u011fi, bar\u0131\u015f\u0131, g\u00fcveni, \u015fehirleri,hayat\u0131,mutlulu\u011fu ger\u00e7ekle\u015ftiremedi\u011fini\u201d itiraf etmektedir.<\/div>\n<div dir=\"ltr\"><\/div>\n<div dir=\"ltr\">Bu itiraf\u0131 g\u00fc\u00e7lendiren bir saptama da,se\u00e7im orta\u011f\u0131 H\u00fcda-Par\u2019dan gelmektedir.Aral\u0131k 2012\u2019de kurulan H\u00fcda-Par; \u00f6tekiler ile AKP ve AKP \u0130ktidar\u0131n\u0131 \u015fu noktalarda su\u00e7lamaktad\u0131r:<\/div>\n<div dir=\"ltr\"><\/div>\n<div dir=\"ltr\">&#8211; Sorunlarla y\u00fczle\u015fmek,\u00e7\u00f6z\u00fcm \u00fcretmek yerine, \u00e7\u00f6z\u00fcm\u00fc s\u00fcrekli ertelemek,<\/div>\n<div dir=\"ltr\">&#8211; Hak ve \u00f6zg\u00fcrl\u00fcklerin tan\u0131n\u0131p kullan\u0131m\u0131n\u0131 sa\u011flamak yerine, baz\u0131 \u00a0ko\u015fullara ba\u011flamas\u0131,<\/div>\n<div dir=\"ltr\">&#8211; \u00d6zellikle inanc\u0131n ya\u015fanmas\u0131 \u00f6n\u00fcndeki engelleri kald\u0131rmamak,<\/div>\n<div dir=\"ltr\">&#8211; K\u00fcrt sorununun \u00e7\u00f6z\u00fcm\u00fc konusunda ortaya koyduklar\u0131 i\u00e7tensizlik ve bu sorunlar\u0131n \u00e7\u00f6z\u00fcm\u00fcn\u00fc siyasi rant elde etme arac\u0131 ve arg\u00fcman\u0131 olarak kullanmak,<\/div>\n<div dir=\"ltr\">&#8211; Siyasi Partiler Kanunu ve se\u00e7im kanunlar\u0131n\u0131 de\u011fi\u015ftirme ve adaletsizlikleri giderme konusundaki s\u00f6zlerini unutmu\u015f olmak,<\/div>\n<div dir=\"ltr\">&#8211; Sosyal adaleti sa\u011flamam\u0131\u015f olmak,<\/div>\n<div dir=\"ltr\">&#8211; Mahkemelerin karar ve uygulamalar\u0131n\u0131n toplum vicdan\u0131n\u0131 rahats\u0131z edici boyutlara ula\u015fmas\u0131,<\/div>\n<div dir=\"ltr\">&#8211; Sistemden yak\u0131nanlar\u0131n, iktidara geldikten sonra sisteme uyum sa\u011flamas\u0131 ve onun sahibine d\u00f6n\u00fc\u015fmesi,<\/div>\n<div dir=\"ltr\">&#8211; Siyasi yozla\u015fman\u0131n b\u00fcy\u00fck boyutlara ula\u015ft\u0131r\u0131lmas\u0131.<\/div>\n<div dir=\"ltr\"><\/div>\n<div dir=\"ltr\">Muhalefetin bu belgeleri \u00f6zenle okumas\u0131 ve kamuoyuna mal etmesi, 14 May\u0131s\u2019taki olas\u0131 ba\u015far\u0131n\u0131n anahtar\u0131n\u0131 olu\u015fturacakt\u0131r.<\/div>\n","protected":false},"excerpt":{"rendered":"<p>14 A\u011fustos 2001\u2019de kurulan AKP Program\u0131nda siyaset sahnesine \u00e7\u0131k\u0131\u015f nedenini\u201ctarih boyunca olanaks\u0131zl\u0131klar i\u00e7inde pek \u00e7ok ba\u015far\u0131y\u0131 ger\u00e7ekle\u015ftirmi\u015f olan ulusun b\u00fcy\u00fck g\u00fcc\u00fcn\u00fc harekete ge\u00e7irmek, halk\u0131 mutlu,\u00fclkemizi sayg\u0131n bir konuma getirmek\u201dolarak tan\u0131ml\u0131yor ve AKP\u2019yi;\u201cbinlerce y\u0131ld\u0131r ayn\u0131 co\u011frafya \u00fczerinde bar\u0131\u015f,dostluk ve karde\u015flik i\u00e7inde birlikte ya\u015fayan,ortak bir kaderi payla\u015fan, sevin\u00e7leri,kederleri,k\u0131van\u00e7lar\u0131 ortak olan t\u00fcm halk\u0131n partisi\u201dolarak niteleyip;\u201chalk\u0131m\u0131z\u0131n \u00e7ekmekte oldu\u011fu s\u0131k\u0131nt\u0131lar\u0131 [&hellip;]<\/p>\n","protected":false},"author":16,"featured_media":49746,"comment_status":"open","ping_status":"open","sticky":false,"template":"","format":"standard","meta":{"footnotes":""},"categories":[38],"tags":[],"class_list":["post-49720","post","type-post","status-publish","format-standard","has-post-thumbnail","hentry","category-add-kurucu-uyesi-prof-dr-mustafa-altintas"],"views":103,"_links":{"self":[{"href":"https:\/\/mersingazetesi.com\/index.php\/wp-json\/wp\/v2\/posts\/49720","targetHints":{"allow":["GET"]}}],"collection":[{"href":"https:\/\/mersingazetesi.com\/index.php\/wp-json\/wp\/v2\/posts"}],"about":[{"href":"https:\/\/mersingazetesi.com\/index.php\/wp-json\/wp\/v2\/types\/post"}],"author":[{"embeddable":true,"href":"https:\/\/mersingazetesi.com\/index.php\/wp-json\/wp\/v2\/users\/16"}],"replies":[{"embeddable":true,"href":"https:\/\/mersingazetesi.com\/index.php\/wp-json\/wp\/v2\/comments?post=49720"}],"version-history":[{"count":0,"href":"https:\/\/mersingazetesi.com\/index.php\/wp-json\/wp\/v2\/posts\/49720\/revisions"}],"wp:featuredmedia":[{"embeddable":true,"href":"https:\/\/mersingazetesi.com\/index.php\/wp-json\/wp\/v2\/media\/49746"}],"wp:attachment":[{"href":"https:\/\/mersingazetesi.com\/index.php\/wp-json\/wp\/v2\/media?parent=49720"}],"wp:term":[{"taxonomy":"category","embeddable":true,"href":"https:\/\/mersingazetesi.com\/index.php\/wp-json\/wp\/v2\/categories?post=49720"},{"taxonomy":"post_tag","embeddable":true,"href":"https:\/\/mersingazetesi.com\/index.php\/wp-json\/wp\/v2\/tags?post=49720"}],"curies":[{"name":"wp","href":"https:\/\/api.w.org\/{rel}","templated":true}]}}