{"id":4948,"date":"2021-11-23T11:53:37","date_gmt":"2021-11-23T08:53:37","guid":{"rendered":"http:\/\/mersin.mesiad.org\/index.php\/2021\/11\/23\/4-milyon-650-bin-kisi-issiz\/"},"modified":"2021-11-23T11:53:37","modified_gmt":"2021-11-23T08:53:37","slug":"4-milyon-650-bin-kisi-issiz","status":"publish","type":"post","link":"https:\/\/mersingazetesi.com\/index.php\/2021\/11\/23\/4-milyon-650-bin-kisi-issiz\/","title":{"rendered":"4 milyon 650 bin ki\u015fi \u0130\u015eS\u0130Z !"},"content":{"rendered":"<p>\u0130\u015fsizlik oran\u0131 2,9 puanl\u0131k art\u0131\u015f ile y\u00fczde 14,0 seviyesinde ger\u00e7ekle\u015fti.<br \/>\nT\u00fcrkiye \u0130statistik Kurumu (T\u00dc\u0130K) A\u011fustos ay\u0131 2019 \u0130\u015fsizlik rakamlar\u0131n\u0131 a\u00e7\u0131klad\u0131. Haz\u0131rlanan rapordan edinilen bilgilere g\u00f6re istihdam y\u00fczde 46,3\u2019a d\u00fc\u015ft\u00fc, i\u015fsizlik oran\u0131 2,9 puanl\u0131k art\u0131\u015f g\u00f6sterdi.<\/p>\n<p>\u0130\u015fsiz say\u0131s\u0131 980 bin ki\u015fi artarak 4 milyon 650 bin ki\u015fi oldu!<br \/>\n\u00a0<br \/>\nT\u00dc\u0130K taraf\u0131ndan haz\u0131rlanan rapora g\u00f6re \u00a0T\u00fcrkiye genelinde 15 ve daha yukar\u0131 ya\u015ftakilerde i\u015fsiz say\u0131s\u0131 2019 y\u0131l\u0131 A\u011fustos d\u00f6neminde ge\u00e7en y\u0131l\u0131n ayn\u0131 d\u00f6nemine g\u00f6re 980 bin ki\u015fi artarak 4 milyon 650 bin ki\u015fi oldu. \u0130\u015fsizlik oran\u0131 2,9 puanl\u0131k art\u0131\u015f ile y\u00fczde 14,0 seviyesinde ger\u00e7ekle\u015fti. Ge\u00e7en y\u0131l\u0131n ayn\u0131 d\u00f6neminde, tar\u0131m d\u0131\u015f\u0131 i\u015fsizlik oran\u0131 3,5 puanl\u0131k art\u0131\u015f ile y\u00fczde 16,7 olarak tahmin edildi. Gen\u00e7 n\u00fcfusta i\u015fsizlik oran\u0131 6,6 puanl\u0131k art\u0131\u015f ile y\u00fczde 27,4 olurken, 15-64 ya\u015f grubunda bu oran 2,9 puanl\u0131k art\u0131\u015f ile \u00a0y\u00fczde 14,3 olarak ger\u00e7ekle\u015fti\u011fi belirtildi.<\/p>\n<p>\u0130stihdam oran\u0131 ise y\u00fczde 46,3\u00a0<\/p>\n<p>T\u00dc\u0130K raporlar\u0131na istihdam edilenlerin say\u0131s\u0131 2019 y\u0131l\u0131 A\u011fustos d\u00f6neminde, bir \u00f6nceki y\u0131l\u0131n ayn\u0131 d\u00f6nemine g\u00f6re 789 bin ki\u015fi azalarak 28 milyon 529 bin ki\u015fi oldu. Raporda istihdam oran\u0131 2 puanl\u0131k azal\u0131\u015f ile y\u00fczde 46,3 seviyelerinde ger\u00e7ekle\u015fti\u011fi belirtildi. A\u011fustos 2019 y\u0131l\u0131 d\u00f6neminde tar\u0131m sekt\u00f6r\u00fcnde \u00e7al\u0131\u015fan say\u0131s\u0131 94 bin, tar\u0131m d\u0131\u015f\u0131 sekt\u00f6rlerde \u00e7al\u0131\u015fan say\u0131s\u0131 695 bin ki\u015fi azald\u0131. \u0130stihdam edilenlerin y\u00fczde 19,6&#8217;s\u0131 tar\u0131m, y\u00fczde 19,5&#8217;i sanayi&#8217; de \u00e7al\u0131\u015ft\u0131\u011f\u0131 belirlenirken y\u00fczde 5,5&#8217;i in\u015faat, y\u00fczde 55,4&#8217;\u00fc ise hizmet sekt\u00f6r\u00fcnde yer ald\u0131. \u00d6nceki y\u0131l\u0131n ayn\u0131 d\u00f6nemi ile kar\u015f\u0131la\u015ft\u0131r\u0131ld\u0131\u011f\u0131nda tar\u0131m sekt\u00f6r\u00fcn\u00fcn istihdam edilenler i\u00e7indeki pay\u0131 0,2 puan, hizmet sekt\u00f6r\u00fcn\u00fcn pay\u0131 1,4 puan artarken in\u015faat sekt\u00f6r\u00fcn\u00fcn pay\u0131 1,6 puan azald\u0131. Sanayi sekt\u00f6r\u00fcn\u00fcn pay\u0131nda ise de\u011fi\u015fim olmad\u0131.<\/p>\n<p>\u2018\u0130\u015fg\u00fcc\u00fc 191 bin ki\u015fi artarak 33 milyon 180 bin ki\u015fi oldu\u2019<\/p>\n<p>\u0130\u015fg\u00fcc\u00fc 2019 y\u0131l\u0131 A\u011fustos d\u00f6neminde bir \u00f6nceki y\u0131l\u0131n ayn\u0131 d\u00f6nemine g\u00f6re 191 bin ki\u015fi artarak 33 milyon 180 bin ki\u015fi oldu. T\u00dc\u0130K verilerine g\u00f6re i\u015fg\u00fcc\u00fcne kat\u0131lma oran\u0131 ise 0,4 puanl\u0131k azal\u0131\u015f ile y\u00fczde 53,9 olarak ger\u00e7ekle\u015fti. Ayn\u0131 d\u00f6nemler i\u00e7in yap\u0131lan k\u0131yaslamalara g\u00f6re; erkeklerde i\u015fg\u00fcc\u00fcne kat\u0131lma oran\u0131 0,9 puanl\u0131k azal\u0131\u015f ile y\u00fczde 73,2, kad\u0131nlarda ise 0,1 puanl\u0131k art\u0131\u015f ile y\u00fczde 35,0 olarak ger\u00e7ekle\u015fti.<br \/>\n\u00a0<br \/>\nKay\u0131t d\u0131\u015f\u0131 \u00e7al\u0131\u015fan say\u0131s\u0131 1,3 puan artt\u0131<\/p>\n<p>T\u00dc\u0130K A\u011fustos 2019 d\u00f6neminde herhangi bir sosyal g\u00fcvenlik kurulu\u015funa ba\u011fl\u0131 olmadan \u00e7al\u0131\u015fanlar\u0131n oran\u0131, bir \u00f6nceki y\u0131l\u0131n ayn\u0131 d\u00f6nemine g\u00f6re 2,1 puan artarak y\u00fczde 36,1 olarak ger\u00e7ekle\u015fti. Tar\u0131m d\u0131\u015f\u0131 sekt\u00f6rde kay\u0131t d\u0131\u015f\u0131 \u00e7al\u0131\u015fanlar\u0131n oran\u0131 ise bir \u00f6nceki y\u0131l\u0131n ayn\u0131 d\u00f6nemine g\u00f6re 1,3 puan artarak y\u00fczde 23,4 oldu. \u00a0<\/p>\n<p>Kamu istihdam\u0131 y\u00fczde 7,4 artt\u0131<\/p>\n<p>Cumhurba\u015fkanl\u0131\u011f\u0131 Strateji ve B\u00fct\u00e7e Ba\u015fkanl\u0131\u011f\u0131&#8217;n\u0131n derledi\u011fi verilere g\u00f6re, 2019 y\u0131l\u0131 III. d\u00f6neminde toplam kamu istihdam\u0131 2018 y\u0131l\u0131n\u0131n ayn\u0131 d\u00f6nemine g\u00f6re y\u00fczde 7,4 oran\u0131nda artarak 4 milyon 612 bin ki\u015fi oldu.<\/p>\n<p>Mevsim etkisinden ar\u0131nd\u0131r\u0131lm\u0131\u015f istihdam oran\u0131 y\u00fczde 45,6, i\u015fsizlik oran\u0131 y\u00fczde 14,2 oldu<\/p>\n<p>T\u00dc\u0130K taraf\u0131ndan a\u00e7\u0131klanan A\u011fustos ay\u0131 2019 y\u0131l\u0131 \u0130\u015fsizlik Oran\u0131 raporuna g\u00f6re, mevsim etkisinden ar\u0131nd\u0131r\u0131lm\u0131\u015f istihdam bir \u00f6nceki d\u00f6neme g\u00f6re 66 bin ki\u015fi artarak 28 milyon 68 bin ki\u015fi olarak tahmin edildi. \u0130stihdam oran\u0131 0,1 puan artarak y\u00fczde 45,6 oldu. Mevsim etkisinden ar\u0131nd\u0131r\u0131lm\u0131\u015f i\u015fsiz say\u0131s\u0131 bir \u00f6nceki d\u00f6neme g\u00f6re 18 bin ki\u015fi azalarak 4 milyon 642 bin ki\u015fi olarak ger\u00e7ekle\u015fti. \u0130\u015fsizlik oran\u0131 0,1 puan azalarak y\u00fczde 14,2 oldu. Mevsim etkisinden ar\u0131nd\u0131r\u0131lm\u0131\u015f i\u015fg\u00fcc\u00fcne kat\u0131lma oran\u0131 de\u011fi\u015fim g\u00f6stermeyerek y\u00fczde 53,1 olarak ger\u00e7ekle\u015fti. Ekonomik faaliyete g\u00f6re istihdam edilenlerin say\u0131s\u0131, hizmet sekt\u00f6r\u00fcnde 141 bin ki\u015fi artarken, sanayi sekt\u00f6r\u00fcnde 49 bin, in\u015faat sekt\u00f6r\u00fcnde 24 bin, tar\u0131m sekt\u00f6r\u00fcnde 3 bin ki\u015fi azald\u0131\u011f\u0131 a\u00e7\u0131kland\u0131.<\/p>\n<p>SEYFETT\u0130N AKARCA<\/p>\n","protected":false},"excerpt":{"rendered":"<p>\u0130\u015fsizlik oran\u0131 2,9 puanl\u0131k art\u0131\u015f ile y\u00fczde 14,0 seviyesinde ger\u00e7ekle\u015fti. T\u00fcrkiye \u0130statistik Kurumu (T\u00dc\u0130K) A\u011fustos ay\u0131 2019 \u0130\u015fsizlik rakamlar\u0131n\u0131 a\u00e7\u0131klad\u0131. Haz\u0131rlanan rapordan edinilen bilgilere g\u00f6re istihdam y\u00fczde 46,3\u2019a d\u00fc\u015ft\u00fc, i\u015fsizlik oran\u0131 2,9 puanl\u0131k art\u0131\u015f g\u00f6sterdi. \u0130\u015fsiz say\u0131s\u0131 980 bin ki\u015fi artarak 4 milyon 650 bin ki\u015fi oldu! \u00a0 T\u00dc\u0130K taraf\u0131ndan haz\u0131rlanan rapora g\u00f6re \u00a0T\u00fcrkiye genelinde [&hellip;]<\/p>\n","protected":false},"author":2,"featured_media":0,"comment_status":"open","ping_status":"open","sticky":false,"template":"","format":"standard","meta":{"footnotes":""},"categories":[],"tags":[],"class_list":["post-4948","post","type-post","status-publish","format-standard","hentry"],"views":15,"_links":{"self":[{"href":"https:\/\/mersingazetesi.com\/index.php\/wp-json\/wp\/v2\/posts\/4948","targetHints":{"allow":["GET"]}}],"collection":[{"href":"https:\/\/mersingazetesi.com\/index.php\/wp-json\/wp\/v2\/posts"}],"about":[{"href":"https:\/\/mersingazetesi.com\/index.php\/wp-json\/wp\/v2\/types\/post"}],"author":[{"embeddable":true,"href":"https:\/\/mersingazetesi.com\/index.php\/wp-json\/wp\/v2\/users\/2"}],"replies":[{"embeddable":true,"href":"https:\/\/mersingazetesi.com\/index.php\/wp-json\/wp\/v2\/comments?post=4948"}],"version-history":[{"count":0,"href":"https:\/\/mersingazetesi.com\/index.php\/wp-json\/wp\/v2\/posts\/4948\/revisions"}],"wp:attachment":[{"href":"https:\/\/mersingazetesi.com\/index.php\/wp-json\/wp\/v2\/media?parent=4948"}],"wp:term":[{"taxonomy":"category","embeddable":true,"href":"https:\/\/mersingazetesi.com\/index.php\/wp-json\/wp\/v2\/categories?post=4948"},{"taxonomy":"post_tag","embeddable":true,"href":"https:\/\/mersingazetesi.com\/index.php\/wp-json\/wp\/v2\/tags?post=4948"}],"curies":[{"name":"wp","href":"https:\/\/api.w.org\/{rel}","templated":true}]}}