{"id":4920,"date":"2021-11-23T11:53:36","date_gmt":"2021-11-23T08:53:36","guid":{"rendered":"http:\/\/mersin.mesiad.org\/index.php\/2021\/11\/23\/arslankoyde-genc-ciftciler-destek-bekliyor\/"},"modified":"2021-11-23T11:53:36","modified_gmt":"2021-11-23T08:53:36","slug":"arslankoyde-genc-ciftciler-destek-bekliyor","status":"publish","type":"post","link":"https:\/\/mersingazetesi.com\/index.php\/2021\/11\/23\/arslankoyde-genc-ciftciler-destek-bekliyor\/","title":{"rendered":"ARSLANK\u00d6Y\u2019DE GEN\u00c7 \u00c7\u0130FT\u00c7\u0130LER DESTEK BEKL\u0130YOR&#8230;"},"content":{"rendered":"<p>Mersin Arslank\u00f6y\u2019de ya\u015fayan Adnan ve G\u00fclen Gen\u00e7 \u00e7ifti, do\u011fup b\u00fcy\u00fcd\u00fckleri ve ya\u015fad\u0131\u011f\u0131 topraklarda, \u00a0inatla tar\u0131m\u0131 terk etmeyerek, kendi emekleriyle \u00fcrettikleri do\u011fal ve lezzetli, domatesten ve biberden yapt\u0131klar\u0131 sal\u00e7alar\u0131 , \u00fcrettikleri ceviz, yumurtalar\u0131 satarak<br \/>\nhayat m\u00fccadelelerine devam ederken, arac\u0131s\u0131z olarak \u00fcr\u00fcnlerini pazarlama konusunda destek bekliyor.<\/p>\n<p>Son y\u0131llarda \u00fcreticilerin maliyetinin \u00fcst\u00fcnde pazarlarda ve marketlerde fiyat \u00e7izelgesi olu\u015fturulan meyve, sebze \u00fcr\u00fcnlerini art\u0131k \u00e7ift\u00e7i kendisi pazarl\u0131yor. Gerekti\u011fi fiyata ula\u015ft\u0131ramad\u0131klar\u0131n\u0131 dile<br \/>\ngetiren \u00e7ift\u00e7iler arac\u0131s\u0131z olarak \u00fcr\u00fcnlerini satmaya \u00e7al\u0131\u015f\u0131yorlar.<br \/>\nKamuoyu taraf\u0131ndan da tepki g\u00f6sterilen sebze, meyveler market ve pazarlarda<br \/>\nolduk\u00e7a y\u00fcksek fiyatlarda sat\u0131l\u0131yor. \u00dcrettikleri do\u011fal<br \/>\n\u00fcr\u00fcnlerini \u00a0uygun fiyatlarla arac\u0131s\u0131z satabilmek istediklerini<br \/>\nbelirten \u00e7ift destek bekliyor. \u00dcretttikleri \u00fcr\u00fcnler ile vatanda\u015flar\u0131 organik sebze, meyve ile bulu\u015fturan \u00e7ifte destek i\u00e7in &#8216;0 531 595 53 61&#8217; numaras\u0131n\u0131 arayabilir ve hem taze ve do\u011fal domates, sal\u00e7a ile kurutulmu\u015f kekik, nane vb. do\u011fal \u00fcr\u00fcnler alabilirsiniz<\/p>\n<p>\u2018Mersin B\u00fcy\u00fck\u015fehir Belediyesi\u2019ne \u00d6rnek Olmal\u0131\u2019<\/p>\n<p>Mersin B\u00fcy\u00fck\u015fehir Belediyesi\u2019nin tar\u0131m\u0131n b\u00fcy\u00fck bir hakimiyetinin oldu\u011fu \u015fehirde herhangi bir \u00fcretici pazar\u0131n\u0131 desteklememesi dikkat<br \/>\n\u00e7ekiyor. Bursa Nil\u00fcfer Belediyesi&#8217;nin kentte kurdu\u011fu k\u00f6yl\u00fc pazar\u0131n\u0131 \u00f6rnek al\u0131nmas\u0131 vatanda\u015flar taraf\u0131ndan talep ediliyor.<br \/>\nBu konuda fikirlerini a\u00e7\u0131klayan Mersinliler, \u201cBilindi\u011fi \u00fczere pazar ve market fiyatlar\u0131 y\u00fcksek seviyelerde. Ne yaz\u0131k ki bu durumdan biz t\u00fcketiciler ve \u00fcreten \u00e7ift\u00e7iler memnun de\u011filiz.<br \/>\n\u00c7\u00fcnk\u00fc onlar \u00fcrettikleri ve satt\u0131klar\u0131 mal\u0131n buralarda kat kat fazlas\u0131na sat\u0131lmas\u0131na raz\u0131 gelemiyorlar. Belediyenin \u00f6rnek projelerle destek vermesi ve Mersin\u2019e herkese yak\u0131n olan bir \u00fcretici pazar yerleri<br \/>\nkurulmas\u0131 gerekmekte.&#8221; diye konu\u015ftular.<\/p>\n<p>SEYFETT\u0130N AKARCA<\/p>\n","protected":false},"excerpt":{"rendered":"<p>Mersin Arslank\u00f6y\u2019de ya\u015fayan Adnan ve G\u00fclen Gen\u00e7 \u00e7ifti, do\u011fup b\u00fcy\u00fcd\u00fckleri ve ya\u015fad\u0131\u011f\u0131 topraklarda, \u00a0inatla tar\u0131m\u0131 terk etmeyerek, kendi emekleriyle \u00fcrettikleri do\u011fal ve lezzetli, domatesten ve biberden yapt\u0131klar\u0131 sal\u00e7alar\u0131 , \u00fcrettikleri ceviz, yumurtalar\u0131 satarak hayat m\u00fccadelelerine devam ederken, arac\u0131s\u0131z olarak \u00fcr\u00fcnlerini pazarlama konusunda destek bekliyor. Son y\u0131llarda \u00fcreticilerin maliyetinin \u00fcst\u00fcnde pazarlarda ve marketlerde fiyat \u00e7izelgesi olu\u015fturulan [&hellip;]<\/p>\n","protected":false},"author":2,"featured_media":0,"comment_status":"open","ping_status":"open","sticky":false,"template":"","format":"standard","meta":{"footnotes":""},"categories":[],"tags":[],"class_list":["post-4920","post","type-post","status-publish","format-standard","hentry"],"views":17,"_links":{"self":[{"href":"https:\/\/mersingazetesi.com\/index.php\/wp-json\/wp\/v2\/posts\/4920","targetHints":{"allow":["GET"]}}],"collection":[{"href":"https:\/\/mersingazetesi.com\/index.php\/wp-json\/wp\/v2\/posts"}],"about":[{"href":"https:\/\/mersingazetesi.com\/index.php\/wp-json\/wp\/v2\/types\/post"}],"author":[{"embeddable":true,"href":"https:\/\/mersingazetesi.com\/index.php\/wp-json\/wp\/v2\/users\/2"}],"replies":[{"embeddable":true,"href":"https:\/\/mersingazetesi.com\/index.php\/wp-json\/wp\/v2\/comments?post=4920"}],"version-history":[{"count":0,"href":"https:\/\/mersingazetesi.com\/index.php\/wp-json\/wp\/v2\/posts\/4920\/revisions"}],"wp:attachment":[{"href":"https:\/\/mersingazetesi.com\/index.php\/wp-json\/wp\/v2\/media?parent=4920"}],"wp:term":[{"taxonomy":"category","embeddable":true,"href":"https:\/\/mersingazetesi.com\/index.php\/wp-json\/wp\/v2\/categories?post=4920"},{"taxonomy":"post_tag","embeddable":true,"href":"https:\/\/mersingazetesi.com\/index.php\/wp-json\/wp\/v2\/tags?post=4920"}],"curies":[{"name":"wp","href":"https:\/\/api.w.org\/{rel}","templated":true}]}}