{"id":49061,"date":"2023-04-13T16:28:26","date_gmt":"2023-04-13T13:28:26","guid":{"rendered":"http:\/\/mersingazetesi.com\/?p=49061"},"modified":"2024-06-11T21:47:46","modified_gmt":"2024-06-11T18:47:46","slug":"penceremden-100-yilda-ataturksuz-anayasa-mumkun-mu-1","status":"publish","type":"post","link":"https:\/\/mersingazetesi.com\/index.php\/2023\/04\/13\/penceremden-100-yilda-ataturksuz-anayasa-mumkun-mu-1\/","title":{"rendered":"PENCEREMDEN: 100. YILDA ATAT\u00dcRK\u2019S\u00dcZ ANAYASA M\u00dcMK\u00dcN M\u00dc?-1"},"content":{"rendered":"<blockquote>\n<div dir=\"ltr\">\n<p>14 May\u0131s 2023 tarihinde\u00a0 Cumhurba\u015fkanl\u0131\u011f\u0131(CB)\u00a0ve milletvekili (MV)\u00a0se\u00e7imlerine giderken hem muhalefet, hemde iktidar parti ve ittifaklar\u0131n se\u00e7im vaatleri aras\u0131nda, ba\u015f\u0131na \u00e7e\u015fitli s\u0131fatlar koyarak yeni anayasa vaat ediyorlar.<\/p>\n<p>Bunun nas\u0131l bir anayasa olaca\u011f\u0131 konusunda hem iktidar,\u00a0muhalefet partilerinden baz\u0131 s\u00f6zc\u00fc veya milletvekillerinin\u00a0zaman zaman yapt\u0131\u011f\u0131 a\u00e7\u0131klamala,\u00a0\u00a0kendi niyetlerini gizlemeden ortaya koyuyor.<\/p>\n<p>\u00d6zellikle iktidar\u0131n yeni orta\u011f\u0131 H\u00fcdaPar\u2019\u0131n vizyon belgesinde yaz\u0131lanlar, hem mezhep\u00e7i, hemde kimlik\u00e7i bir yap\u0131da federal \u015feriat anayasas\u0131 istendi\u011fini ortaya koydu.<\/p>\n<p>2010 y\u0131llar\u0131n ba\u015f\u0131nda \u2018a\u00e7\u0131l\u0131m\u2019\u00a0\u00a0ad\u0131 alt\u0131nda , BOP\u2019a uyumlu, halktan gizlenerek PKK ter\u00f6r \u00f6rg\u00fct\u00fcyle yap\u0131lan g\u00f6r\u00fc\u015fmelerde yap\u0131lan pazarl\u0131klar\u0131n ortaya \u00e7\u0131kmas\u0131 ve Dolmabah\u00e7e masas\u0131n\u0131n y\u0131k\u0131lmas\u0131yla sonu\u00e7land\u0131. \u00dclkemizin do\u011fusundaki baz\u0131 kentlerimiz,\u00a0\u00a0PKK ter\u00f6r \u00f6rg\u00fct\u00fcn\u00fcn elinden Hendek sava\u015flar\u0131yla 700\u2019\u00fcn \u00fczerinde \u015fehitle geri al\u0131nabildi.<\/p>\n<p>Bug\u00fcnlerde Millet ittifak\u0131n\u0131n CB aday\u0131 Kemal K\u0131l\u0131\u00e7daro\u011flu anayasa ve \u00fclkenin t\u00fcm sorunlar\u0131n\u0131n \u00e7\u00f6z\u00fcm yeri olarak, ba\u015ftan beri TBMM\u2018yi i\u015faret etmektedir.<\/p>\n<p>A\u00e7\u0131l\u0131m s\u00fcreci maceras\u0131n\u0131n b\u00fcy\u00fck faturas\u0131 nedeniyle,\u00a0\u00a0iktidar\u0131 da art\u0131k \u00e7\u00f6z\u00fcm yeri olarak TBMM\u2019yi g\u00f6r\u00fcyor. Bu nedenle 14 May\u0131stan sonra\u00a0yeniden TBMM anayasa tart\u0131\u015fmalar\u0131n\u0131n ba\u015flamas\u0131 kuvvetle muhtemeldir.<\/p>\n<p>Millet ittifak\u0131\u00a0\u00a0mutabakatla alt\u0131na imza att\u0131klar\u0131, \u2018g\u00fc\u00e7lendirilmi\u015f parlementer sistem\u2019 anayasas\u0131n\u0131 g\u00fcndeme getirecek, AKP mevcut tek adam ucube rejimini de\u00a0korumaya \u00e7al\u0131\u015farak, baz\u0131 makyajlarla H\u00fcdaPar\u2019\u0131n istedi\u011fi de\u011fi\u015fiklikleri yapmaya \u00e7al\u0131\u015facakt\u0131r. Kalan di\u011fer partiler de TBMM deki a\u011f\u0131rl\u0131klar\u0131 oran\u0131nda, mevcut anayasan\u0131n ilk d\u00f6rt maddesi dahil, oras\u0131ndan buras\u0131ndan \u00e7eki\u015ftirerek yeni anayasay\u0131 ak\u0131llar\u0131ndan ge\u00e7en anayasan\u0131n olu\u015fmas\u0131na\u00a0\u00e7al\u0131\u015facaklar.<\/p>\n<p>M\u0130LLET \u0130TT\u0130FAKINDA SADECE CHP VE \u0130Y\u0130 PART\u0130\u2019N\u0130N TEK BA\u015eINA BARAJI GE\u00c7EB\u0130LECE\u011e\u0130 ORTAYA \u00c7IKTI<\/p>\n<p>14 May\u0131s\u2019dan sonra, CB\u2018n\u0131\u00a0kadar, her partinin ve muhalefetin partili ve ittifak milletvekili say\u0131s\u0131 son derece \u00f6nemli bir duruma gelmi\u015ftir.<\/p>\n<p>Bu nedenle millet ve cumhur ittifak\u0131 MV say\u0131s\u0131n\u0131 maksimize etmek i\u00e7in \u00e7e\u015fitli kombinasyonlar \u00fczerinde \u00e7al\u0131\u015farak aday listelerini belirledi. Genelgeyle \u00f6n se\u00e7im veya e\u011filim yoklamas\u0131 dahi yap\u0131lmayarak, CHP il ve il\u00e7e \u00f6rg\u00fctleri\u00a0\u00a0, 3500 aday aday\u0131\u00a0\u00a0\u00a0ve parti taban\u0131 parti i\u00e7i demokrasinin dinamizmi ve seferber edici enerjisinden yoksun b\u0131rak\u0131ld\u0131.<\/p>\n<p>Parti ideolojisiyle z\u0131t \u00e7izgideki ittifak parti \u00a0adaylar\u0131n\u0131 parlementoya ta\u015f\u0131ma g\u00f6revini\u00a0\u00e7ok riskli bir \u015fekilde yine CHP \u00fcstlendi.<\/p>\n<p>Daha \u00f6nce kendi amblem ve isimleriyle se\u00e7ime girme karar\u0131 alan Saadet ve DEVA partileri bile son anda CHP listelerinden girme karar\u0131 ald\u0131lar.<\/p>\n<p>Bu durum ittifaktaki\u00a0\u00a0iki b\u00fcy\u00fck kurucu ortak CHP ve \u0130Y\u0130 PART\u0130 d\u0131\u015f\u0131nda di\u011ferlerinin, masada e\u015fit s\u00f6z hakk\u0131 olmas\u0131na\u00a0\u00a0ve \u00e7ok ses \u00e7\u0131karmalar\u0131na\u00a0ra\u011fmen,\u00a0y\u00fczde yedi baraj\u0131n\u0131 tek ba\u015flar\u0131na a\u015famayacak durumda olduklar\u0131 ve\u00a0\u00a0toplumsal kar\u015f\u0131l\u0131klar\u0131n\u0131n olmad\u0131\u011f\u0131 olmad\u0131\u011f\u0131 ortaya \u00e7\u0131kt\u0131(Tabela partisi ele\u015ftirisi).<\/p>\n<p>\u00d6NCEL\u0130KL\u0130\u00a0G\u00dcNDEM DEPREM YIKIMI, ENFLASYON VE \u00dcRETKEN EKONOM\u0130 OLMALI<\/p>\n<p>T\u00fcrkiye\u2019de en \u00f6ncelikli ve yak\u0131c\u0131 sorun\u00a0\u00a06 \u015eubat 2023 sonras\u0131 toplumca ya\u015fad\u0131\u011f\u0131m\u0131z depremin utan\u00e7 verici afete d\u00f6n\u00fc\u015fmesidir.<\/p>\n<p>Bu felaketin\u00a0iyi analiz edilerek, dersler \u00e7\u0131kar\u0131larak gelecek ku\u015faklar i\u00e7in bir daha benzer felaketler ya\u015fanmayacak \u015fekilde, gereken \u00f6nlemlerin hayata ge\u00e7irilmesidir. Hallen deprem b\u00f6lgesinde, canlar\u0131n\u0131 zar zor kurtarabilmi\u015f,\u00a0\u00e7ad\u0131rlarda s\u0131k\u0131nt\u0131lar i\u00e7inde ya\u015fayan yurtta\u015flar\u0131n sorunlar\u0131n\u0131n bir an \u00f6nce \u00e7\u00f6z\u00fclmesi, 11 ildeki ekonomik ya\u015fam\u0131n ve sanayinin\u00a0\u00a0tekrar canland\u0131r\u0131l\u0131p aya\u011fa kald\u0131r\u0131lmas\u0131 gereklidir.<\/p>\n<p>Bu \u00e7abalar, hayat\u0131n\u0131 yitiren onbinlerce yurtta\u015f\u0131m\u0131z\u0131n\u00a0\u00a0geride kalanlar\u0131na ve \u00e7ocuklar\u0131m\u0131z\u0131n gelece\u011fine kar\u015f\u0131\u00a0en b\u00fcy\u00fck sorumlulu\u011fumuzdur.<\/p>\n<p>Bug\u00fcn\u00a0\u00a0ba\u015fta \u00c7in ve ABD\u00a0olmak \u00fczere, b\u00fct\u00fcn D\u00fcnya\u2019da COVID-19 salg\u0131n\u0131ndan sonra sosyal devleti g\u00fc\u00e7lendirmek ve yoksullu\u011fu bitirmek ve g\u0131da krizi ile ba\u015f etmek\u00a0\u00fczere yeni sosyal ekonomi programlar\u0131 haz\u0131rlan\u0131yor.<\/p>\n<p>T\u00fcrkiye\u2019nin kim iktidara gelirse gelsin \u00f6nceli\u011fi, \u00fcretken bir ekonomiyi aya\u011fa kald\u0131rman\u0131n\u00a0\u00a0\u00f6ncelikli\u00a0\u00a0olmas\u0131 bir zorunluluktur.<\/p>\n<p>NASIL B\u0130R ANAYASA?<\/p>\n<p>G\u00fcn\u00fcm\u00fczde Demokrasinin ve\u00a0\u00a0devletlerin ya\u015fayabilmesi i\u00e7in;<\/p>\n<p>-G\u00fc\u00e7l\u00fc Ekonomi ,<\/p>\n<p>-G\u00fc\u00e7l\u00fc Yasama,<\/p>\n<p>-G\u00fc\u00e7l\u00fc Y\u00fcr\u00fctme<\/p>\n<p>-G\u00fc\u00e7l\u00fc Yarg\u0131,<\/p>\n<p>-G\u00fc\u00e7l\u00fc Bas\u0131n ve Ele\u015ftiri \u00f6zg\u00fcrl\u00fc\u011f\u00fc,<\/p>\n<p>-G\u00fc\u00e7l\u00fc Sivil Toplum,<\/p>\n<p>-G\u00fc\u00e7l\u00fc Ordu( Bar\u0131\u015f ve G\u00fcvenlik)\u00a0\u00a0\u00a0gerekiyor.<\/p>\n<p>Yeni bir anayasa yap\u0131l\u0131rken bu \u00f6l\u00e7\u00fctlerin g\u00f6zetilmesi gerekiyor.<\/p>\n<p>Anayasal olarak g\u00fcn\u00fcm\u00fczdeki en geli\u015fmi\u015f ve temel modellerin ana \u00f6zelli\u011fi \u2018g\u00fc\u00e7ler ayr\u0131l\u0131\u011f\u0131\u2019 ilkesidir.<\/p>\n<p>Ba\u015fl\u0131ca modeller,<\/p>\n<p>-\u0130skandinav tipi kat\u0131l\u0131mc\u0131 parlementer sistem,<\/p>\n<p>-Fransa modeli yar\u0131 ba\u015fkanl\u0131k sistemi,<\/p>\n<p>-Amerikan tipi demokratik federal ba\u015fkanl\u0131k sistemidir.<\/p>\n<p>T\u00fcrkiye\u2019de ise\u00a0200 y\u0131ll\u0131k demokrasi yolculu\u011fumuz, \u00f6nce mutlak monar\u015fiden, me\u015fruti monar\u015fiye, daha sonrada Cumhuriyet\u2019e evrilmi\u015f, 2017 referandumu ile ucube partili tek adam sistemine d\u00f6n\u00fc\u015fm\u00fc\u015ft\u00fcr.<\/p>\n<p>T\u00fcm bu deneyimler ve \u00c7ok Kutuplu D\u00fcnya\u2019n\u0131n\u00a0\u00a0ger\u00e7ekleri\u00a0\u00a0dikkate al\u0131narak,\u00a0\u00a0Yeni anayasa T\u00fcrkiye\u2019nin ge\u00e7mi\u015f tarihine\u00a0\u00a0ve sosyolojisine ve dahas\u0131 Atat\u00fcrk\u2019\u00fcn kurdu\u011fu Cumhuriyetin \u00fcniter, laik, demokratik, sosyal hukuk devleti olarak ifade edilen kurulu\u015f ilkelerine de uygun olacak m\u0131d\u0131r?.<\/p>\n<p>Bu konuyu gelecek yaz\u0131m\u0131zda irdelemeye devam edece\u011fiz.<\/p>\n<p>&nbsp;<\/p>\n<\/div>\n<\/blockquote>\n","protected":false},"excerpt":{"rendered":"<p>14 May\u0131s 2023 tarihinde\u00a0 Cumhurba\u015fkanl\u0131\u011f\u0131(CB)\u00a0ve milletvekili (MV)\u00a0se\u00e7imlerine giderken hem muhalefet, hemde iktidar parti ve ittifaklar\u0131n se\u00e7im vaatleri aras\u0131nda, ba\u015f\u0131na \u00e7e\u015fitli s\u0131fatlar koyarak yeni anayasa vaat ediyorlar. Bunun nas\u0131l bir anayasa olaca\u011f\u0131 konusunda hem iktidar,\u00a0muhalefet partilerinden baz\u0131 s\u00f6zc\u00fc veya milletvekillerinin\u00a0zaman zaman yapt\u0131\u011f\u0131 a\u00e7\u0131klamala,\u00a0\u00a0kendi niyetlerini gizlemeden ortaya koyuyor. \u00d6zellikle iktidar\u0131n yeni orta\u011f\u0131 H\u00fcdaPar\u2019\u0131n vizyon belgesinde yaz\u0131lanlar, hem [&hellip;]<\/p>\n","protected":false},"author":13,"featured_media":48536,"comment_status":"open","ping_status":"open","sticky":false,"template":"","format":"standard","meta":{"footnotes":""},"categories":[28],"tags":[],"class_list":["post-49061","post","type-post","status-publish","format-standard","has-post-thumbnail","hentry","category-serdar-erkan"],"views":169,"_links":{"self":[{"href":"https:\/\/mersingazetesi.com\/index.php\/wp-json\/wp\/v2\/posts\/49061","targetHints":{"allow":["GET"]}}],"collection":[{"href":"https:\/\/mersingazetesi.com\/index.php\/wp-json\/wp\/v2\/posts"}],"about":[{"href":"https:\/\/mersingazetesi.com\/index.php\/wp-json\/wp\/v2\/types\/post"}],"author":[{"embeddable":true,"href":"https:\/\/mersingazetesi.com\/index.php\/wp-json\/wp\/v2\/users\/13"}],"replies":[{"embeddable":true,"href":"https:\/\/mersingazetesi.com\/index.php\/wp-json\/wp\/v2\/comments?post=49061"}],"version-history":[{"count":0,"href":"https:\/\/mersingazetesi.com\/index.php\/wp-json\/wp\/v2\/posts\/49061\/revisions"}],"wp:featuredmedia":[{"embeddable":true,"href":"https:\/\/mersingazetesi.com\/index.php\/wp-json\/wp\/v2\/media\/48536"}],"wp:attachment":[{"href":"https:\/\/mersingazetesi.com\/index.php\/wp-json\/wp\/v2\/media?parent=49061"}],"wp:term":[{"taxonomy":"category","embeddable":true,"href":"https:\/\/mersingazetesi.com\/index.php\/wp-json\/wp\/v2\/categories?post=49061"},{"taxonomy":"post_tag","embeddable":true,"href":"https:\/\/mersingazetesi.com\/index.php\/wp-json\/wp\/v2\/tags?post=49061"}],"curies":[{"name":"wp","href":"https:\/\/api.w.org\/{rel}","templated":true}]}}