{"id":4898,"date":"2021-11-23T11:53:35","date_gmt":"2021-11-23T08:53:35","guid":{"rendered":"http:\/\/mersin.mesiad.org\/index.php\/2021\/11\/23\/mgcnin-yeni-baskani-kaya-tepe-oldu\/"},"modified":"2021-11-23T11:53:35","modified_gmt":"2021-11-23T08:53:35","slug":"mgcnin-yeni-baskani-kaya-tepe-oldu","status":"publish","type":"post","link":"https:\/\/mersingazetesi.com\/index.php\/2021\/11\/23\/mgcnin-yeni-baskani-kaya-tepe-oldu\/","title":{"rendered":"MGC\u2019nin yeni ba\u015fkan\u0131 Kaya Tepe oldu"},"content":{"rendered":"<p>Mersin Gazeteciler Cemiyetinin (MGC) ola\u011fan\u00fcst\u00fc genel kurulunda Kaya Tepe ba\u015fkanl\u0131\u011f\u0131ndaki k\u0131rm\u0131z\u0131 liste 114 oyla se\u00e7imi kazand\u0131. D\u00f6rt adayla gidilen genel kurulda 353 \u00fcyenin 312\u2019si, yeni y\u00f6netimi belirlemek i\u00e7in oy kulland\u0131.\u00a0<br \/>\nMGC Ola\u011fan\u00fcst\u00fc Genel Kurulu, Akdeniz Belediyesi Konferans Salonunda yap\u0131ld\u0131. Kaya Tepe, Fatih \u015eahin, \u0130brahim Yal\u00e7\u0131ner ve mevcut ba\u015fkan Turgay Demirta\u015f\u2019\u0131n listeleri ile gidilen se\u00e7imli genel kurula, Mersin B\u00fcy\u00fck\u015fehir Belediye Ba\u015fkan\u0131 Vahap Se\u00e7er ile Akdeniz Belediye Ba\u015fkan\u0131 Mustafa G\u00fcltak kat\u0131ld\u0131.\u00a0<br \/>\nDivan Ba\u015fkanl\u0131\u011f\u0131n\u0131 Ahmet Ak\u0131n\u2019\u0131n yapt\u0131\u011f\u0131 genel kurulda faaliyet ve denetim raporlar\u0131 okunarak kabul edildi. Genel kurulda birer konu\u015fma yapan adaylar, meslek \u00f6rg\u00fct\u00fcn\u00fcn \u00e7\u0131tas\u0131n\u0131 y\u00fckseltmek i\u00e7in \u00e7al\u0131\u015facaklar\u0131n\u0131 belirterek projelerini anlatt\u0131lar.\u00a0<br \/>\nKonu\u015fmalar\u0131n ard\u0131ndan yap\u0131lan se\u00e7imde, Kaya Tepe\u2019nin listesi 114 oyla se\u00e7imi kazand\u0131.<\/p>\n<p>Ba\u015fkan Se\u00e7er, Gazeteciler Cemiyeti\u2019nin Ola\u011fan\u00fcst\u00fc Genel Kuruluna Kat\u0131ld\u0131<\/p>\n<p>7 ayd\u0131r belediye ba\u015fkanl\u0131\u011f\u0131 yapt\u0131\u011f\u0131n\u0131 ifade eden Ba\u015fkan Se\u00e7er, \u201cAcemi bir siyaset\u00e7i de\u011filim ama belediye ba\u015fkanl\u0131\u011f\u0131 \u00e7ok farkl\u0131 bir hizmet alan\u0131. 8 y\u0131l parlamentoda parlamenter olarak g\u00f6rev yapt\u0131m. Buras\u0131 \u00e7ok farkl\u0131 bir d\u00fcnya. Hayata bak\u0131\u015f\u0131n\u0131z\u0131 de\u011fi\u015ftiriyor. Belediye ba\u015fkanl\u0131\u011f\u0131ndan \u00f6nceki hayata, ya\u015fama, d\u00fcnyaya bak\u0131\u015f a\u00e7\u0131mla, bu 7 ayl\u0131k s\u00fcre\u00e7te \u00e7ok muazzam de\u011fi\u015fiklikler oldu. Gazeteler, gazeteciler olmazsa baz\u0131 yanl\u0131\u015flar\u0131n\u0131z\u0131 g\u00f6remiyorsunuz\u201d diye konu\u015ftu.<\/p>\n<p>\u201cBana g\u00f6re Metro Projesi\u2019nin telif hakk\u0131 size ait\u201d<\/p>\n<p>Se\u00e7er, gazetelerden ald\u0131\u011f\u0131 yorumlar, de\u011ferlendirmeler ve ele\u015ftiriler \u0131\u015f\u0131\u011f\u0131nda, devrald\u0131\u011f\u0131 Metro Projesi ile alakas\u0131 olmayan yeni bir Metro Projesi \u00fczerinde \u00e7al\u0131\u015ft\u0131\u011f\u0131ndan s\u00f6z ederek, yeni projenin telif hakk\u0131n\u0131n asl\u0131nda gazetecilere ait oldu\u011funu dile getirdi. \u00a0Se\u00e7er, \u201cSize \u00e7ok somut ve bariz bir \u00f6rnek verece\u011fim. \u00d6rne\u011fin \u00e7ok \u00f6nemli bir proje var: Metro Projesi. Benim de se\u00e7im \u00f6ncesi vaatlerim i\u00e7erisinde ve \u00f6nemli bir yat\u0131r\u0131m. Benim tabirimle, sadece bir toplu ta\u015f\u0131ma projesi de\u011fil, Mersin&#8217;e hayat verecek olan bir geli\u015fim projesi. Gazetelerden ald\u0131\u011f\u0131m yorumlar, de\u011ferlendirmeler, ele\u015ftiriler, yol g\u00f6sterici yaz\u0131larla ben bug\u00fcn devrald\u0131\u011f\u0131m Metro Projesi ile alakas\u0131 olmayan yeni bir Metro Projesi \u00fczerinde \u00e7al\u0131\u015f\u0131yorum. Baz\u0131 spek\u00fclatif hareketler olmas\u0131n diye bunu hen\u00fcz kamuoyu ile payla\u015fmad\u0131m. A\u00e7\u0131klad\u0131\u011f\u0131m zaman ger\u00e7ekten bug\u00fcnk\u00fc konu\u015fmam\u0131 hat\u0131rlaman\u0131z\u0131 istiyorum. Daha \u00f6nce ortaya konulan proje ile hi\u00e7bir alakas\u0131 olmad\u0131\u011f\u0131n\u0131 sizler de g\u00f6receksiniz. Bu projenin telif hakk\u0131 size ait\u201d ifadelerini kulland\u0131.<\/p>\n<p>\u201cDemokraside denge denetim mekanizmas\u0131 son derece \u00f6nemli\u201d<\/p>\n<p>Ba\u015fkan Se\u00e7er, Mersin&#8217;e ili\u015fkin de\u011ferlendirmeler yaparak, \u201cDemokraside denge denetim mekanizmas\u0131 son derece \u00f6nemli. \u015eimdi i\u015fim belediye ba\u015fkanl\u0131\u011f\u0131. \u0130craat y\u00f6nl\u00fc, b\u00f6lgemize ve \u015fehrimize ait baz\u0131 de\u011ferlendirmeler yapmak, bunu sizinle ili\u015fkilendirmek istiyorum. Bizim yanl\u0131\u015f yapmamam\u0131z i\u00e7in Meclis\u2019in kadrosunun iyi, liyakatli, beyni, y\u00fcre\u011fi, cebi namuslu insanlardan olu\u015fmas\u0131 laz\u0131m. \u00c7\u00fcnk\u00fc oradan kararlar ge\u00e7iyor. Benim her verdi\u011fim karar uygulamaya girmiyor. Meclis\u2019e getiriyorum, Meclis onayl\u0131yorsa bunu hayata sokuyorum. Meclis \u00f6nemli. Yarg\u0131 \u00e7ok \u00f6nemli. Tarafs\u0131z, ba\u011f\u0131ms\u0131z bir yarg\u0131n\u0131n olmas\u0131 laz\u0131m. Meclis yanl\u0131\u015f yapt\u0131\u011f\u0131 zaman, ben yanl\u0131\u015f yapt\u0131\u011f\u0131m zaman, dur arkada\u015f buras\u0131 hukuk devleti diyecek bir yarg\u0131n\u0131z\u0131n olmas\u0131 laz\u0131m. Bir de kalemi namuslu bas\u0131n\u0131n olmas\u0131 laz\u0131m\u201d diye konu\u015ftu.<\/p>\n<p>\u201cBu i\u015f parayla, maa\u015fla yap\u0131lacak bir i\u015f de\u011fil\u201d<\/p>\n<p>Gazetecilik meslek ahlak\u0131na ve kurallar\u0131na riayet ederek, bu mesle\u011fi icra eden t\u00fcm bas\u0131n mensuplar\u0131n\u0131 tebrik etti\u011fini dile getiren Se\u00e7er, \u201cBas\u0131n mensubu kisvesi alt\u0131nda bas\u0131n meslek kurallar\u0131na, ahlak\u0131na uygun olmayan, uzaktan yak\u0131ndan yan\u0131ndan ge\u00e7meyen kalemler, beyinler, bu toplulu\u011fun i\u00e7inde olursa buray\u0131 da kirletir. Bir bardak temiz s\u00fcte bir damla kirli su kar\u0131\u015ft\u0131rd\u0131\u011f\u0131n\u0131z zaman, o berrak s\u00fct\u00fcn hi\u00e7bir k\u0131ymeti kalmaz. Buna itina ve itibar g\u00f6stermek laz\u0131m. Ben gazeteciyim deyip, akl\u0131na geleni, fikir olarak, zikir olarak ya da yaz\u0131 olarak kaleme d\u00f6ken insanlar gazeteci de\u011fildir. Ama kendini iyi yeti\u015ftirmi\u015f, bu alanda, alayl\u0131, okullu, ger\u00e7ekten gazetecili\u011fin meslek ahlak\u0131na uygun ve kurallar\u0131na riayet ederek bu mesle\u011fi icra eden gazetecidir. Bu g\u00f6n\u00fcl i\u015fi. Bu i\u015f parayla yap\u0131lacak, maa\u015fla yap\u0131lacak bir i\u015f de\u011fil. Zaten k\u0131t kanaat ge\u00e7inen bir \u00e7al\u0131\u015fma alan\u0131. Y\u0131prat\u0131c\u0131 da bir alan. Fiziksel olarak y\u0131prat\u0131yor, beyinsel olarak y\u0131prat\u0131yor, sa\u011fl\u0131\u011f\u0131n\u0131z y\u0131pran\u0131yor. Bunu kabul ediyorum. Ama hala bunu \u0131srarla, inatla devam ettiriyorsa, hakikaten bu mesle\u011fi a\u015fkla yap\u0131yor demektir. Onlar\u0131n da al\u0131nlar\u0131ndan \u00f6p\u00fcyorum\u201d dedi.<\/p>\n<p>\u201cSizlerin sorunlar\u0131na kay\u0131ts\u0131z kalan bir belediye y\u00f6ntemi anlay\u0131\u015f\u0131 i\u00e7erisinde de\u011filiz\u201d<\/p>\n<p>4 aday\u0131n da de\u011ferlendirmeleri ve ba\u015fkan olduklar\u0131 takdirde cemiyete neler kazand\u0131rabilecekleri konusunda anlatt\u0131klar\u0131n\u0131 dinledi\u011fini aktaran Se\u00e7er, \u201cKentin B\u00fcy\u00fck\u015fehir Belediye Ba\u015fkan\u0131 olarak, ba\u015fkan ve y\u00f6netimi ile bir masa etraf\u0131nda tart\u0131\u015faca\u011f\u0131m, kente ya da gazetecilik mesle\u011fine dair makul, olgunca kararlar alabilece\u011fim bir yap\u0131 ile \u00e7al\u0131\u015fmak isterim. Hepsi de buna uygun insanlar. Olu\u015fturacaklar\u0131 kadrolarla bu nitelikte olacaklar\u0131na inan\u0131yorum. \u015eu ana kadar oldu\u011fu gibi, sizlerden \u00e7ok uzak, sizlerin sorunlar\u0131na kay\u0131ts\u0131z kalan bir belediye y\u00f6ntemi anlay\u0131\u015f\u0131 i\u00e7erisinde de\u011filiz. B\u00f6yle bir \u015fey varsa, s\u00f6yleyin kendimizi d\u00fczeltelim\u201d diye konu\u015ftu.<\/p>\n<p>\u201cBiz sizlerin sorunlar\u0131na asla kay\u0131ts\u0131z kalmayaca\u011f\u0131z\u201d<\/p>\n<p>Bas\u0131n Yay\u0131n ve Halkla \u0130li\u015fkiler Dairesi Ba\u015fkanl\u0131\u011f\u0131\u2019n\u0131 da bas\u0131n camias\u0131n\u0131n i\u00e7inden bir isme emanet etti\u011finin vurgusunu yapan Se\u00e7er, s\u00f6zlerine \u015fu \u015fekilde devam ederek, \u201cBas\u0131n Yay\u0131n\u2019\u0131 teslim etti\u011fimiz arkada\u015f\u0131m\u0131z da sizlerin i\u00e7erisinden biri. Sizlerle diyalo\u011fu olan, sizlerle irtibatta olan ve bizim saham\u0131zda \u00e7al\u0131\u015fan insanlar da sizlerin meslekta\u015flar\u0131. Verece\u011fimiz s\u00f6z \u015fudur: biz sizlerin sorunlar\u0131na asla kay\u0131ts\u0131z kalmayaca\u011f\u0131z\u201d dedi.<br \/>\nSe\u00e7er, Cemiyet Lokali ile ilgili de \u015funlar\u0131 s\u00f6yledi:<br \/>\n\u201cOrada bas\u0131n\u0131n hem fiziki ko\u015fullar\u0131n\u0131n uygun oldu\u011fu, hem de ortam\u0131n\u0131n m\u00fcsait oldu\u011fu bir mekanda, bas\u0131n b\u00fcrosunda \u00e7al\u0131\u015fma imkan\u0131n\u0131n sa\u011flanaca\u011f\u0131 konusunda endi\u015feniz olmas\u0131n. Ba\u015fkan oldu\u011fu d\u00f6nemde Turgay Bey ile bunu konu\u015ftuk. Bir konunun s\u00f6ylemde kalmamas\u0131 i\u00e7in evraka d\u00f6k\u00fclmesi ve dosyaya girmesi gerekiyor. Ben b\u00f6yle \u00e7al\u0131\u015fmalardan netice alan bir insan\u0131m. S\u00f6z u\u00e7ar gider, yaz\u0131 kal\u0131r. Bunlar \u00e7al\u0131\u015f\u0131l\u0131r. Neler yap\u0131lmas\u0131 gerekiyor, belediye ba\u015fkan\u0131 ile beraber oturulur konu\u015fulur. \u0130nan\u0131n bunlar \u00e7ok zor i\u015fler de\u011fil. Ama sadece b\u00f6yle bir talep ya da burada de\u011ferli \u00fcyelere verilen bir vaat \u00f6l\u00e7\u00fcs\u00fcnde kal\u0131rsa, biz de klasik siyaset\u00e7i anlay\u0131\u015f\u0131yla buraya \u00e7\u0131kar, her istenene \u2018Ne demek, tabii ki, fazlas\u0131yla, s\u00f6z\u00fcm s\u00f6zd\u00fcr, \u015funu yapaca\u011f\u0131z, bunu yapaca\u011f\u0131z\u2019 deriz. Bu olmaz. Bu anlay\u0131\u015flar \u00e7a\u011f d\u0131\u015f\u0131 kalm\u0131\u015ft\u0131r. Ben 4 karde\u015fimize de ba\u015far\u0131lar diliyorum. Belediyemiz sizlerle i\u015fbirli\u011fi i\u00e7erisindedir. Sizleri mesai arkada\u015flar\u0131 kabul ederek, \u00e7al\u0131\u015fma i\u00e7erisinde olaca\u011f\u0131z. Ben bu konunun iyi bir sonu\u00e7 alaca\u011f\u0131n\u0131 d\u00fc\u015f\u00fcn\u00fcyorum. Ba\u015far\u0131lar\u0131n\u0131z\u0131n s\u00fcrece\u011fini d\u00fc\u015f\u00fcn\u00fcyorum. Hay\u0131rl\u0131, u\u011furlu olsun\u201d<\/p>\n<p>ARZU \u00d6ZER<\/p>\n","protected":false},"excerpt":{"rendered":"<p>Mersin Gazeteciler Cemiyetinin (MGC) ola\u011fan\u00fcst\u00fc genel kurulunda Kaya Tepe ba\u015fkanl\u0131\u011f\u0131ndaki k\u0131rm\u0131z\u0131 liste 114 oyla se\u00e7imi kazand\u0131. D\u00f6rt adayla gidilen genel kurulda 353 \u00fcyenin 312\u2019si, yeni y\u00f6netimi belirlemek i\u00e7in oy kulland\u0131.\u00a0 MGC Ola\u011fan\u00fcst\u00fc Genel Kurulu, Akdeniz Belediyesi Konferans Salonunda yap\u0131ld\u0131. Kaya Tepe, Fatih \u015eahin, \u0130brahim Yal\u00e7\u0131ner ve mevcut ba\u015fkan Turgay Demirta\u015f\u2019\u0131n listeleri ile gidilen se\u00e7imli genel [&hellip;]<\/p>\n","protected":false},"author":2,"featured_media":0,"comment_status":"open","ping_status":"open","sticky":false,"template":"","format":"standard","meta":{"footnotes":""},"categories":[],"tags":[],"class_list":["post-4898","post","type-post","status-publish","format-standard","hentry"],"views":16,"_links":{"self":[{"href":"https:\/\/mersingazetesi.com\/index.php\/wp-json\/wp\/v2\/posts\/4898","targetHints":{"allow":["GET"]}}],"collection":[{"href":"https:\/\/mersingazetesi.com\/index.php\/wp-json\/wp\/v2\/posts"}],"about":[{"href":"https:\/\/mersingazetesi.com\/index.php\/wp-json\/wp\/v2\/types\/post"}],"author":[{"embeddable":true,"href":"https:\/\/mersingazetesi.com\/index.php\/wp-json\/wp\/v2\/users\/2"}],"replies":[{"embeddable":true,"href":"https:\/\/mersingazetesi.com\/index.php\/wp-json\/wp\/v2\/comments?post=4898"}],"version-history":[{"count":0,"href":"https:\/\/mersingazetesi.com\/index.php\/wp-json\/wp\/v2\/posts\/4898\/revisions"}],"wp:attachment":[{"href":"https:\/\/mersingazetesi.com\/index.php\/wp-json\/wp\/v2\/media?parent=4898"}],"wp:term":[{"taxonomy":"category","embeddable":true,"href":"https:\/\/mersingazetesi.com\/index.php\/wp-json\/wp\/v2\/categories?post=4898"},{"taxonomy":"post_tag","embeddable":true,"href":"https:\/\/mersingazetesi.com\/index.php\/wp-json\/wp\/v2\/tags?post=4898"}],"curies":[{"name":"wp","href":"https:\/\/api.w.org\/{rel}","templated":true}]}}