{"id":4894,"date":"2021-11-23T11:53:33","date_gmt":"2021-11-23T08:53:33","guid":{"rendered":"http:\/\/mersin.mesiad.org\/index.php\/2021\/11\/23\/yeni-donemin-ilk-muhtarlar-toplantisi-toroslarda\/"},"modified":"2021-11-23T11:53:33","modified_gmt":"2021-11-23T08:53:33","slug":"yeni-donemin-ilk-muhtarlar-toplantisi-toroslarda","status":"publish","type":"post","link":"https:\/\/mersingazetesi.com\/index.php\/2021\/11\/23\/yeni-donemin-ilk-muhtarlar-toplantisi-toroslarda\/","title":{"rendered":"Yeni D\u00f6nemin \u0130lk Muhtarlar Toplant\u0131s\u0131 Toroslar\u2019da"},"content":{"rendered":"<p>SEYFETT\u0130N AKARCA<br \/>\nMersin B\u00fcy\u00fck\u015fehir Belediye Ba\u015fkan\u0131 Vahap Se\u00e7er, Toroslar \u0130l\u00e7esi Mahalle Muhtarlar\u0131 ile Bilgilendirme Toplant\u0131s\u0131\u2019nda bir araya geldi.<br \/>\nToroslar \u0130l\u00e7esi\u2019nde d\u00fczenlenen bilgilendirme toplant\u0131s\u0131na, Mersin B\u00fcy\u00fck\u015fehir Belediye Ba\u015fkan\u0131 Vahap Se\u00e7er\u2019in yan\u0131 s\u0131ra Cumhuriyet Halk Partisi Mersin Milletvekili Alpay Antmen, CHP Toroslar \u0130l\u00e7e Ba\u015fkan\u0131 Burhanettin Erdo\u011fan, T\u00fcrkiye Muhtarlar Konfederasyonu Genel Ba\u015fkan Yard\u0131mc\u0131s\u0131 ve Kiremithane Muhtar\u0131 Ali \u00dclgen, T\u00fcrkiye Muhtarlar Federasyonu Mersin \u015eube Ba\u015fkan\u0131 ve \u00c7avu\u015flu Mahalle Muhtar\u0131 Halil \u0130brahim Soysal, T\u00fcm Muhtarlar Derne\u011fi ve Mersin Muhtarlar Yard\u0131mla\u015fma ve Dayan\u0131\u015fma Derne\u011fi Ba\u015fkan\u0131 ve Ye\u015filova Mahalle Muhtar\u0131 Erg\u00fcn \u00dcnl\u00fc ile muhtarlar kat\u0131ld\u0131.\u00a0<br \/>\nYeni d\u00f6nemin ilk muhtarlar toplant\u0131s\u0131n\u0131, Toroslar\u2019da ba\u015flatan ve bundan sonra da il\u00e7e il\u00e7e muhtar ile Bilgilendirme Toplant\u0131lar\u0131\u2019na devam edecek olan Ba\u015fkan Se\u00e7er, 7 ay gibi k\u0131sa bir s\u00fcrede hayata ge\u00e7irdikleri \u00e7al\u0131\u015fmalardan s\u00f6z ederken, bundan sonraki s\u00fcre\u00e7te yapmay\u0131 planlad\u0131klar\u0131 hizmetleri de aktard\u0131. 67 mahallenin sorunlar\u0131n\u0131n de\u011ferlendirildi\u011fi toplant\u0131da, konu\u015fmalar\u0131n ard\u0131ndan muhtarlar\u0131n talep, \u00f6neri ve \u015fikayetleri de dinlenerek, tek tek not al\u0131nd\u0131.<br \/>\nBa\u015fkan Se\u00e7er, toplant\u0131da, e\u011fitimden sosyal hizmetlere, yol-asfalt \u00e7al\u0131\u015fmalar\u0131ndan sa\u011fl\u0131\u011fa, kad\u0131nlar\u0131n sosyal ya\u015fama kat\u0131l\u0131mlar\u0131n\u0131 daha aktif hale getiren \u00e7al\u0131\u015fmalardan tar\u0131ma, park ve bah\u00e7elerden k\u00fclt\u00fcrel etkinliklere, sa\u011fl\u0131ktan MESK\u0130\u2019de ger\u00e7ekle\u015ftirilen hizmetlere kadar k\u0131sa s\u00fcrede hayata ge\u00e7irilen hizmetleri ve bundan sonra yapmay\u0131 planlad\u0131klar\u0131 projeleri anlatt\u0131. Se\u00e7er, ayr\u0131ca Toroslar\u2019da g\u00f6rev yapan 67 muhtardan neredeyse tamam\u0131na yak\u0131n\u0131n\u0131n toplant\u0131ya kat\u0131l\u0131m sa\u011flamas\u0131n\u0131n kendisini \u00e7ok mutlu etti\u011fini ifade etti.<\/p>\n<p>\u201cUlu \u00d6nder Mustafa Kemal Atat\u00fcrk ve arkada\u015flar\u0131n\u0131 minnetle an\u0131yoruz\u201d<\/p>\n<p>Yeni d\u00f6nemin ilk muhtarlar toplant\u0131s\u0131n\u0131 Toroslar\u2019dan ba\u015flayarak ger\u00e7ekle\u015ftirdiklerini ifade eden Mersin B\u00fcy\u00fck\u015fehir Belediye Ba\u015fkan\u0131 Vahap Se\u00e7er, 10 Kas\u0131m dolay\u0131s\u0131yla Ulu \u00d6nder Gazi Mustafa Kemal Atat\u00fcrk\u2019\u00fc anarak konu\u015fmas\u0131na ba\u015flad\u0131. \u00a0Se\u00e7er, \u201cToroslarday\u0131z. \u0130smi gibi g\u00fczel, ismi gibi y\u00fcce bu il\u00e7emizde muhtarlarla yeni d\u00f6nemde ilk toplant\u0131m\u0131z\u0131 yap\u0131yoruz. Yani siftah\u0131 buradan yap\u0131yoruz. Yar\u0131n bizler i\u00e7in \u00f6nemli bir g\u00fcn. Atam\u0131z\u2019\u0131 anaca\u011f\u0131z. Bug\u00fcn ba\u011f\u0131ms\u0131z, laik bir Cumhuriyet\u2019te ya\u015f\u0131yorsak ve bu Cumhuriyet demokrasi ile ta\u00e7lanm\u0131\u015fsa elbette ki borcumuz en ba\u015fta Ulu \u00d6nder Mustafa Kemal Atat\u00fcrk ve onun arkada\u015flar\u0131na. Minnetle, \u015f\u00fckranla an\u0131yoruz. Onlar\u0131n torunlar\u0131 olarak, onlara lay\u0131k birer evlat olmak i\u00e7in ciddiyetle, vatan sevgisiyle gece g\u00fcnd\u00fcz \u00e7al\u0131\u015f\u0131yoruz ki, \u00fclkemizi onlardan devrald\u0131\u011f\u0131m\u0131z noktadan \u00e7ok daha iyi noktalara getirelim\u201d dedi.<\/p>\n<p>\u201c67 mahallemizin sorunlar\u0131n\u0131 de\u011ferlendirece\u011fiz\u201d<\/p>\n<p>Toroslar\u2019da g\u00f6rev yapan 67 muhtardan neredeyse tamam\u0131na yak\u0131n\u0131n\u0131n toplant\u0131ya kat\u0131l\u0131m sa\u011flamas\u0131n\u0131n kendisini \u00e7ok mutlu etti\u011fini ifade eden Se\u00e7er, \u201cToroslar \u0130l\u00e7emiz\u2019de 67 muhtar\u0131m\u0131z var. Hepinize m\u00fcte\u015fekkirim. \u00c7ok \u00e7ok te\u015fekk\u00fcr ediyorum. Mevcut tamam. 2 mazeretli, 1\u2019de ula\u015f\u0131lamayan muhtar\u0131m\u0131z var ama 64 muhtar\u0131m\u0131z burada. Bu bir \u015feyi g\u00f6steriyor, hepiniz i\u015finizi ciddiye al\u0131yorsunuz. Burada Toroslar \u0130l\u00e7esi\u2019ni konu\u015faca\u011f\u0131z. 67 mahallemizin sorunlar\u0131n\u0131 de\u011ferlendirece\u011fiz. Bug\u00fcne kadar yap\u0131lanlar\u0131, bundan sonra sizlerin isteklerini, arzular\u0131n\u0131, bizim geri kald\u0131\u011f\u0131m\u0131z, eksik kald\u0131\u011f\u0131m\u0131z taraflar\u0131 konu\u015faca\u011f\u0131z. Ciddiyet g\u00fczel \u015fey. Geli\u015fen toplumlara bak\u0131n. Bug\u00fcn d\u00fcnyada g\u0131pta ile bakt\u0131\u011f\u0131m\u0131z \u00fclkelere bak\u0131n. Son derece disiplinli \u00fclkelerdir. Son derece i\u015fini ciddi yapan insanlard\u0131r. Ald\u0131\u011f\u0131 sorumlulu\u011fu, g\u00f6revi yerine getiren insanlard\u0131r ve bu insanlar bug\u00fcn o toplumlar\u0131, o \u00fclkeleri d\u00fcnyada sayg\u0131n noktalara getirmi\u015ftir. Biz de bu yolda gidece\u011fiz. Tart\u0131\u015fmas\u0131z\u201d diye konu\u015ftu.<\/p>\n<p>\u201cGe\u00e7ti\u011fimiz 7 ay i\u00e7erisinde yapt\u0131\u011f\u0131m\u0131z baz\u0131 uygulamalar\u0131 de\u011ferlendirece\u011fiz\u201d<\/p>\n<p>Muhtarlar\u0131n kendi mahallerinde, yerel y\u00f6netimlerin de kent genelinde ve \u00fclkede kalk\u0131nmay\u0131 sa\u011flamak i\u00e7in \u00e7aba g\u00f6stereceklerini dile getiren Se\u00e7er, \u201cSizler Toroslar&#8217;da mahallelerinizde, bizler t\u00fcm Mersin&#8217;de ve \u00fclkede arzu etti\u011fimiz geli\u015fmeyi, kalk\u0131nmay\u0131 sa\u011flamak i\u00e7in \u00e7abalayaca\u011f\u0131z. Bug\u00fcn burada ge\u00e7ti\u011fimiz 7 ay i\u00e7erisinde yapt\u0131\u011f\u0131m\u0131z baz\u0131 uygulamalar\u0131 de\u011ferlendirece\u011fiz. Hem Mersin geneline sarih, hem de Toroslar \u00f6zelinde yapt\u0131\u011f\u0131m\u0131z baz\u0131 \u00e7al\u0131\u015fmalar\u0131 sizlere aktaraca\u011f\u0131m\u201d ifadelerini kulland\u0131.<\/p>\n<p>Se\u00e7er, 7 ayda hayata ge\u00e7irdi\u011fi hizmetleri anlatt\u0131<\/p>\n<p>Konu\u015fmas\u0131n\u0131n ard\u0131ndan sunuma ge\u00e7en Ba\u015fkan Se\u00e7er, e\u011fitim alan\u0131nda hayata ge\u00e7irilen \u00e7al\u0131\u015fmalardan, spor alan\u0131nda ger\u00e7ekle\u015ftirilen hizmetlerden, sosyal hizmetler konusunda yap\u0131lan projelerden s\u00f6z etti.<br \/>\nYol-asfalt alan\u0131ndaki \u00e7al\u0131\u015fmalara geldi\u011finde de Mersin genelinde 158, Toroslar\u2019da ise toplam 27 km asfalt yol yap\u0131ld\u0131\u011f\u0131n\u0131 ifade eden ve asfalt \u00e7al\u0131\u015fmalar\u0131n\u0131n 12 ay boyunca devam edece\u011fini aktaran Se\u00e7er, \u201c\u0130mkan\u0131m\u0131z \u00f6l\u00e7\u00fcs\u00fcnde B\u00fcy\u00fck\u015fehir\u2019indi, Toroslar\u2019\u0131nd\u0131, Akdeniz\u2019di, bah\u00e7e yoluydu, k\u00f6y yoluydu, orman yoluydu ayr\u0131m\u0131 yapmaks\u0131z\u0131n, g\u00fcc\u00fcm\u00fcz\u00fcn yetti\u011fince Mersin\u2019in t\u00fcm yollar\u0131nda B\u00fcy\u00fck\u015fehir olarak faaliyette bulunmak istiyoruz. Bunu da imkanlar\u0131m\u0131z \u00f6l\u00e7\u00fcs\u00fcnde yapaca\u011f\u0131z\u201d dedi.<\/p>\n<p>\u201cBu belediye, 7 ay ge\u00e7ti bankalardan daha 1 TL faiz \u00f6deyip, bor\u00e7 almad\u0131\u201d<\/p>\n<p>Belediye\u2019de al\u0131mlar\u0131 m\u00fcmk\u00fcnse her aileden bir insan \u00e7al\u0131\u015fs\u0131n \u015feklinde yapmaya \u00e7al\u0131\u015ft\u0131klar\u0131n\u0131 anlatan Se\u00e7er, \u015f\u00f6yle devam etti:<br \/>\n\u201cBelediyedeki personel krizi nedir biliyor musunuz? Daha \u00e7ok bunlar\u0131 yaratanlar, torpille, siyasi saiklerle al\u0131nan personel. \u00c7al\u0131\u015fmaya ihtiyac\u0131 olan, \u00e7ocu\u011funa ekmek g\u00f6t\u00fcrmeye ihtiyac\u0131 olan vatanda\u015f\u0131m\u0131n b\u00f6yle bir derdi yok. Helaliyle paras\u0131n\u0131 kazan\u0131yor ve bizi de vatanda\u015f kar\u015f\u0131s\u0131nda onure ediyor. 100 kad\u0131n personel i\u00e7in her gitti\u011fim yerde te\u015fekk\u00fcr al\u0131yorum. Ben de o kad\u0131n \u00e7al\u0131\u015fanlar\u0131ma te\u015fekk\u00fcr ediyorum. Emeklerine, y\u00fcreklerine sa\u011fl\u0131k. Bunu a\u015fmam\u0131z laz\u0131m. Bu memleketin hizmete ihtiyac\u0131 var. Biz bir 5 y\u0131l daha se\u00e7ilelim diye, doldural\u0131m bizim arkada\u015flar\u0131n \u00e7ocuklar\u0131n\u0131, sistem \u00e7\u00f6ks\u00fcn. Zaten para da \u00f6deyemem. 7 ay ge\u00e7ti bankalardan daha 1 TL faiz \u00f6deyip, bor\u00e7 almad\u0131 bu belediye. \u00c7\u00fcnk\u00fc israf\u0131 ve gereksiz harcamalar\u0131 ortadan kald\u0131rd\u0131k. \u00d6nemli bir tasarruf sa\u011flad\u0131k. Tasarruf sa\u011flad\u0131k derken hizmetlerden vazge\u00e7tik, hizmetleri yapm\u0131yoruz da onun i\u00e7in harcamalar\u0131m\u0131z d\u00fc\u015ft\u00fc de\u011fil. Olsa da olur, olmasa da olur, hatta olmasa da iyi olur dedi\u011fimiz harcamalar\u0131 ortadan kald\u0131rd\u0131k. Bakt\u0131k ki masraflar\u0131m\u0131z d\u00fc\u015ft\u00fc. Bizim i\u00e7in her bir kuru\u015fun k\u0131ymeti var. 60 milyon liradan fazla personel giderim var. Her \u00f6n\u00fcm\u00fcze geleni kadrola\u015fma ad\u0131na i\u015fe alamay\u0131z. \u0130\u015ften \u00e7\u0131karmalar oluyor. A\u00e7\u0131k\u00e7a ifade ediyorum. Bizim kimsenin siyasi g\u00f6r\u00fc\u015f\u00fcyle i\u015fimiz yok. Olmayacak. Ama adam \u00e7al\u0131\u015fm\u0131yor, adam ald\u0131\u011f\u0131n\u0131n kar\u015f\u0131l\u0131\u011f\u0131n\u0131 vermiyor. Ben vatanda\u015flar\u0131m\u0131n vergileriyle \u00f6denen ve bana teslim edilen, benim asaletime, onuruma, \u015ferefime g\u00fcvenip bu paray\u0131 teslim eden vatanda\u015fa ihanet edemem. Onlar\u0131n paras\u0131n\u0131 \u00e7ar \u00e7ur edemeyiz. \u00c7al\u0131\u015fan adamla i\u015fimiz olmaz. Bu felsefemiz b\u00f6yle devam edecek.\u201d<\/p>\n<p>\u201c\u00c7a\u011fda\u015f \u00fclkelerde kad\u0131n sahada, \u00a0kad\u0131n alanda, kad\u0131n kimseye muhta\u00e7 de\u011fil\u201d<\/p>\n<p>Parkomat uygulamas\u0131n\u0131n \u00e7al\u0131\u015fmalar\u0131n\u0131n bitmek \u00fczere oldu\u011funa de\u011finen Se\u00e7er, \u201c100 yeni personel istihdam\u0131 olacak. Yine ilana \u00e7\u0131kaca\u011f\u0131z. Orada da kad\u0131nlara a\u011f\u0131rl\u0131k verece\u011fiz. B\u00fct\u00fcn al\u0131mlar\u0131 kad\u0131nlardan yapsam da belediyedeki kad\u0131n erkek dengesi yine sa\u011flanam\u0131yor. Biz modern, \u00e7a\u011fda\u015f bir \u00fclkeysek, bunu uygulamalar\u0131m\u0131zda g\u00f6stermemiz laz\u0131m. \u00c7a\u011fda\u015f \u00fclkelerde kad\u0131n sahada, \u00a0kad\u0131n alanda, kad\u0131n kimseye muhta\u00e7 de\u011fil. \u00c7a\u011fda\u015f \u00fclkelerde kentler tertemiz. \u00c7a\u011fda\u015f \u00fclkelerde yolsuzluk, h\u0131rs\u0131zl\u0131k, kanunsuzluk, adaletsizlik yok. Yar\u0131n Atat\u00fcrk\u2019\u00fcn \u00f6l\u00fcm y\u0131l d\u00f6n\u00fcm\u00fcn\u00fc anaca\u011f\u0131z. \u00c7a\u011fda\u015f medeniyet seviyesini bize hedef g\u00f6stermi\u015f. E\u011fer o seviyelerde olacaksak bunlar\u0131 yapaca\u011f\u0131z. Bunlar\u0131 kimseden korkmadan yapaca\u011f\u0131z. Siyasi ikballer u\u011fruna alaca\u011f\u0131m\u0131z kararlar\u0131 almayaca\u011f\u0131z. Gelece\u011fimizde siyasetimiz ne olur ne olmaz onu d\u00fc\u015f\u00fcnmeden yapaca\u011f\u0131z. \u00dclkemizi d\u00fc\u015f\u00fcnece\u011fiz. Bizim gelece\u011fimiz de\u011fil \u00fclkemizin gelece\u011fi \u00f6nemli. Bu sebeple biz bildi\u011fimiz yolda devam edece\u011fiz\u201d diye konu\u015ftu.<br \/>\n\u201cBiz hizmet adam\u0131y\u0131z\u201d<br \/>\nBir arada olman\u0131n sundu\u011fu g\u00fczellikleri payla\u015fan ve b\u00f6yle birlikteliklerin insanlara mutluluk getirdi\u011fini ifade eden Se\u00e7er, s\u00f6zlerini \u015fu \u015fekilde s\u00fcrd\u00fcrd\u00fc:<br \/>\n\u201cBir arada olmak g\u00fczel. Bir arada olmaktan korkmayal\u0131m. Bir etkinlik varsa hep beraber olal\u0131m. Ac\u0131m\u0131z varsa hep beraber olal\u0131m. Ac\u0131lar\u0131 azalt\u0131r\u0131z. Mutluluk varsa da bir arada olal\u0131m. Mutlulu\u011fu \u00e7o\u011falt\u0131r\u0131z. Onun i\u00e7in bir arada olal\u0131m. Se\u00e7imler 4.5 y\u0131l sonra. Siz de hesap vereceksiniz, ben de. Her biriniz ayr\u0131 siyasi g\u00f6r\u00fc\u015ften olabilirsiniz. Ba\u015f\u0131m \u00fczerine. Ama bak\u0131n siz muhtar olurken, size oy verenlerin i\u00e7inde sizin d\u00fcnya g\u00f6r\u00fc\u015f\u00fcn\u00fczden olmayan insanlar da vard\u0131. Bunun k\u0131ymetini bilelim ve particili\u011fi bir kenara b\u0131rakal\u0131m. Biz hizmet adam\u0131y\u0131z. 5 sene sonra partimizin bayra\u011f\u0131 ile \u00e7\u0131kar halka hesap veririz. Bizim d\u00fcnya g\u00f6r\u00fc\u015f\u00fcm\u00fcz belli. Utanm\u0131yoruz, s\u0131k\u0131lm\u0131yoruz. Ben Cumhuriyet Halk Partili, Atat\u00fcrk\u00e7\u00fc, \u00e7a\u011fda\u015f bir adam olmaktan \u00f6v\u00fcn\u00e7 duyuyorum. Bu ayr\u0131 bir \u015fey. Bu d\u00fcnya g\u00f6r\u00fc\u015f\u00fcm benim gibi d\u00fc\u015f\u00fcnmeyenlere sayg\u0131s\u0131zl\u0131k yapma hakk\u0131n\u0131 bana vermez. Onlar\u0131 da kucaklayaca\u011f\u0131m. Onun i\u00e7in bir arada olmam\u0131zda fayda var. \u00a0Hizmetlerimiz devam edecek. Bu 6 ay\u0131 kapsayan hizmetlerimizi de\u011ferlendirdi\u011fimiz bir toplant\u0131yd\u0131. \u00d6n\u00fcm\u00fczdeki g\u00fcnlerde beraber olaca\u011f\u0131z. \u0130lk olarak Toroslar\u2019da ba\u015flad\u0131k ve bundan sonra di\u011fer il\u00e7elerimizde de devam edece\u011fiz. Muhtarlar\u0131m\u0131z ile bir araya gelece\u011fiz.\u201d<br \/>\nSe\u00e7er, detayl\u0131 sunumda bug\u00fcne kadar hayata ge\u00e7irilen sosyal, k\u00fclt\u00fcrel, e\u011fitim ve sa\u011fl\u0131k gibi bir\u00e7ok alanda yap\u0131lan hizmetleri tek tek anlatt\u0131. Bunun yan\u0131 s\u0131ra, 5 y\u0131ll\u0131k Stratejik Plan\u2019da Toroslar \u0130l\u00e7esi\u2019nde yap\u0131lmas\u0131 planlanan \u00e7al\u0131\u015fmalardan da bahsetti.<br \/>\nSe\u00e7er, 5 y\u0131l i\u00e7erisinde Arpa\u00e7sakarlar Mahallesi Kanalizasyon Yap\u0131m \u0130\u015fi, G\u00f6zne-Ayvagedi\u011fi Kanalizasyon ve At\u0131ksu Ar\u0131tma Tesisi, yaz aylar\u0131nda 100 bin n\u00fcfusu yak\u0131ndan ilgilendiren Cehennem Deresi \u0130\u00e7me Suyu Rehabilitasyon Yap\u0131m \u0130\u015fi ile Alsancak Mahallesi Kanalizasyon Yap\u0131m \u0130\u015finin de ger\u00e7ekle\u015ftirilece\u011fini aktard\u0131. Ayr\u0131ca 2020\u2019de de ba\u015flayacak olan projelerden s\u00f6z eden Se\u00e7er, 2 yeni kre\u015f, 1 mahalle mutfa\u011f\u0131 kuracaklar\u0131n\u0131, 1\u2019i Akbelen\u2019de, 1\u2019i de Halkkent\u2019te olmak \u00fczere 2020 y\u0131l\u0131nda Toroslar\u2019da toplam 2, biri de hal tesisi i\u00e7inde olmak \u00fczere 3 kre\u015f \u00e7al\u0131\u015fmas\u0131n\u0131n hayata ge\u00e7irilece\u011fini anlatt\u0131. \u00a0Se\u00e7er, Halkkent\u2019te 2020 y\u0131l\u0131 i\u00e7inde mahalle mutfa\u011f\u0131 a\u00e7acaklar\u0131n\u0131 da belirtti.\u00a0<\/p>\n<p>SEYFETT\u0130N AKARCA<\/p>\n","protected":false},"excerpt":{"rendered":"<p>SEYFETT\u0130N AKARCA Mersin B\u00fcy\u00fck\u015fehir Belediye Ba\u015fkan\u0131 Vahap Se\u00e7er, Toroslar \u0130l\u00e7esi Mahalle Muhtarlar\u0131 ile Bilgilendirme Toplant\u0131s\u0131\u2019nda bir araya geldi. Toroslar \u0130l\u00e7esi\u2019nde d\u00fczenlenen bilgilendirme toplant\u0131s\u0131na, Mersin B\u00fcy\u00fck\u015fehir Belediye Ba\u015fkan\u0131 Vahap Se\u00e7er\u2019in yan\u0131 s\u0131ra Cumhuriyet Halk Partisi Mersin Milletvekili Alpay Antmen, CHP Toroslar \u0130l\u00e7e Ba\u015fkan\u0131 Burhanettin Erdo\u011fan, T\u00fcrkiye Muhtarlar Konfederasyonu Genel Ba\u015fkan Yard\u0131mc\u0131s\u0131 ve Kiremithane Muhtar\u0131 Ali \u00dclgen, [&hellip;]<\/p>\n","protected":false},"author":2,"featured_media":0,"comment_status":"open","ping_status":"open","sticky":false,"template":"","format":"standard","meta":{"footnotes":""},"categories":[],"tags":[],"class_list":["post-4894","post","type-post","status-publish","format-standard","hentry"],"views":19,"_links":{"self":[{"href":"https:\/\/mersingazetesi.com\/index.php\/wp-json\/wp\/v2\/posts\/4894","targetHints":{"allow":["GET"]}}],"collection":[{"href":"https:\/\/mersingazetesi.com\/index.php\/wp-json\/wp\/v2\/posts"}],"about":[{"href":"https:\/\/mersingazetesi.com\/index.php\/wp-json\/wp\/v2\/types\/post"}],"author":[{"embeddable":true,"href":"https:\/\/mersingazetesi.com\/index.php\/wp-json\/wp\/v2\/users\/2"}],"replies":[{"embeddable":true,"href":"https:\/\/mersingazetesi.com\/index.php\/wp-json\/wp\/v2\/comments?post=4894"}],"version-history":[{"count":0,"href":"https:\/\/mersingazetesi.com\/index.php\/wp-json\/wp\/v2\/posts\/4894\/revisions"}],"wp:attachment":[{"href":"https:\/\/mersingazetesi.com\/index.php\/wp-json\/wp\/v2\/media?parent=4894"}],"wp:term":[{"taxonomy":"category","embeddable":true,"href":"https:\/\/mersingazetesi.com\/index.php\/wp-json\/wp\/v2\/categories?post=4894"},{"taxonomy":"post_tag","embeddable":true,"href":"https:\/\/mersingazetesi.com\/index.php\/wp-json\/wp\/v2\/tags?post=4894"}],"curies":[{"name":"wp","href":"https:\/\/api.w.org\/{rel}","templated":true}]}}