{"id":48919,"date":"2023-04-12T13:12:54","date_gmt":"2023-04-12T10:12:54","guid":{"rendered":"http:\/\/mersingazetesi.com\/?p=48919"},"modified":"2024-06-11T21:47:46","modified_gmt":"2024-06-11T18:47:46","slug":"penceremden-kentsel-donusum-ve-tmmob-mersin-raporu","status":"publish","type":"post","link":"https:\/\/mersingazetesi.com\/index.php\/2023\/04\/12\/penceremden-kentsel-donusum-ve-tmmob-mersin-raporu\/","title":{"rendered":"PENCEREMDEN: KENTSEL D\u00d6N\u00dc\u015e\u00dcM VE TMMOB MERS\u0130N RAPORU"},"content":{"rendered":"<div dir=\"ltr\">Kahramanmara\u015f ve Hatay merkezli ya\u015fad\u0131\u011f\u0131m\u0131z ve 11 ilde 14 Milyon yurtta\u015f\u0131m\u0131z\u0131 etkileyen depremlerin hem b\u00f6lgede, hem de 300-400 bin depremzedeyi \u00a0a\u011f\u0131rlayan Mersin\u2019de \u00a0psikolojik ve maddi yaralar sar\u0131lmaya \u00a0\u00e7al\u0131\u015f\u0131l\u0131yor.<\/div>\n<div dir=\"ltr\">Di\u011fer taraftan meslek odalar\u0131 ve demokratik kitle odalar\u0131 kendi t\u00fcz\u00fckleri ve y\u00f6netmelikleri \u00e7er\u00e7evesinde \u00a0ya\u015fad\u0131\u011f\u0131m\u0131z bu felaketten dersler \u00e7\u0131karmaya ve toplumu bilgilendirmeye \u00e7al\u0131\u015f\u0131yorlar.<\/div>\n<div dir=\"ltr\">Bu kapsamda kentimizde ge\u00e7ti\u011fimiz hafta \u00a07 Nisan \u00a02023 Cuma \u00a0g\u00fcn\u00fc Yeni\u015fehir Atat\u00fcrk K\u00fclt\u00fcr Merkezi\u2019nde Yeni\u015fehir Belediyesi ile Atat\u00fcrk\u00e7\u00fc D\u00fc\u015f\u00fcnce Derne\u011fi( ADD) Mersin \u015eubesinin birlikte d\u00fczenledi\u011fi ve Ankara \u00f6nceki belediye ba\u015fkanlar\u0131ndan ve Kent Koop Genel Ba\u015fkan\u0131 Murat Karayal\u00e7\u0131n\u2019\u0131n kat\u0131l\u0131m\u0131yla \u201cKENTSEL D\u00d6N\u00dc\u015e\u00dcM NASIL OLMALI?\u201d toplant\u0131s\u0131 ger\u00e7ekle\u015ftirildi. Hemen \u00a0ertesinde de \u00a08 Nisan 2023 Cumartesi g\u00fcn\u00fc de \u201cMERS\u0130N \u00a0DEPREM RAPORU\u201d TMMOB\u2019a ba\u011fl\u0131 odalar taraf\u0131ndan kamuoyuna a\u00e7\u0131kland\u0131.<\/div>\n<div dir=\"ltr\"><\/div>\n<div dir=\"ltr\">MERS\u0130N\u2019DE \u00c7OK \u00d6NEML\u0130 \u0130K\u0130 TOPLANTI<\/div>\n<div dir=\"ltr\"><\/div>\n<div dir=\"ltr\">Her iki toplant\u0131da payla\u015f\u0131lan deneyim ve verilen bilgiler \u00a0a\u00e7\u0131s\u0131ndan \u00a0Mersin\u2019in gelece\u011fi a\u00e7\u0131s\u0131ndan \u00e7ok de\u011ferliydi.<\/div>\n<div dir=\"ltr\">Ancak her iki toplant\u0131ya da \u00a0Demokratik Kitle \u00d6rg\u00fctlerinin ilgisi y\u00fcksek, ancak partilerin ve yerel y\u00f6netim temsilcilerinin kat\u0131l\u0131m\u0131 a\u00e7\u0131s\u0131ndan d\u00fc\u015f\u00fckt\u00fc. Asl\u0131nda her iki toplant\u0131da payla\u015f\u0131lan bilgilerin esas muhatab\u0131, Mersin\u2019deki \u00a0merkezi ve yerel y\u00f6netim meclis ve b\u00fcrokrasisiydi.<\/div>\n<div dir=\"ltr\"><\/div>\n<div dir=\"ltr\">KAMUSAL KENTSEL D\u00d6N\u00dc\u015e\u00dcM(ANKARA)VE P\u0130YASACI KENTSEL D\u00d6N\u00dc\u015e\u00dcM (\u0130STANBUL) MODEL\u0130<\/div>\n<div dir=\"ltr\"><\/div>\n<div dir=\"ltr\">\u2018Kentsel D\u00f6n\u00fc\u015f\u00fcm Nas\u0131l Olmal\u0131?\u2019 konulu toplant\u0131da, Say\u0131n Karayal\u00e7\u0131n ve Say\u0131n Top\u00e7u\u2019nun birlikte hayata ge\u00e7irdikleri \u00a0ve toplant\u0131da payla\u015ft\u0131\u011f\u0131 kamusal kentsel d\u00f6n\u00fc\u015f\u00fcm \u00f6rnekleri \u00a0olan Dikmen Vadisi, Portakal \u00c7i\u00e7e\u011fi ve \u00a0Bat\u0131 Kent projeleri deneyiminden bug\u00fcn i\u00e7in \u00e7\u0131kar\u0131lacak \u00e7ok \u00f6nemli dersler vard\u0131. Ankara\u2019da ger\u00e7ekle\u015ftirilen bu<\/div>\n<div dir=\"ltr\">\u00a0Kamusal Kentsel D\u00f6n\u00fc\u015f\u00fcm projeleri deneyimlerinden \u00f6zetle;<\/div>\n<div dir=\"ltr\">-Kentsel ya\u015fam kalitesini y\u00fckseltmek ama\u00e7l\u0131d\u0131r,<\/div>\n<div dir=\"ltr\">-Yurtta\u015flar, \u00a0m\u00fcteahhitle muhatap olmaz, yerel y\u00f6netimler olur. Ancak yurtta\u015flar s\u00fcrecin i\u00e7inde olurlar(ortakla\u015f\u0131mc\u0131l\u0131k ilkesi)<\/div>\n<div dir=\"ltr\">-Yurtta\u015flar yerlerinden edilmez (yerindelik ilkesi),<\/div>\n<div dir=\"ltr\">-S\u00fcre\u00e7, kooperatiflerle birlikte \u00a0karar alma ilkesi ile y\u00fcr\u00fct\u00fcl\u00fcr.(Proje Demokrasisi)<\/div>\n<div dir=\"ltr\">-Finansman\u0131 kat fark\u0131 ile yap\u0131lmaz, yerel y\u00f6netimler proje finansman\u0131n\u0131 tahvil \u00e7\u0131kararak yapabilirler,<\/div>\n<div dir=\"ltr\">-Yurtta\u015flar s\u00fcrecin i\u00e7inde oldu\u011fu i\u00e7in daha k\u0131sa s\u00fcrede tamamlan\u0131yor.(\u00d6rn. Bat\u0131 kent projesi ; 55.000 konut, 300.000 n\u00fcfuslu proje, 9-10 y\u0131lda tamamland\u0131).<\/div>\n<div dir=\"ltr\"><\/div>\n<div dir=\"ltr\">1999 depremi sonras\u0131, \u0130stanbul\u2019da(Fikirtepe) Kadir Topba\u015f d\u00f6neminde \u00a0ba\u015flat\u0131lan P\u0130YASACI \u00a0KENTSEL D\u00d6N\u00dc\u015e\u00dcM modelinde \u00a0ise \u00f6zetle:<\/div>\n<div dir=\"ltr\">-\u00d6ncelik, deprem g\u00fcvenli binalar \u00fcretmektir,<\/div>\n<div dir=\"ltr\">-Yurtta\u015flar ve apartman y\u00f6netimleri \u00a0m\u00fcteahhitler ile kendileri muhatap olmak zorundad\u0131rlar,<\/div>\n<div dir=\"ltr\">-Yurtta\u015flar ve m\u00fcteahhitler pazarl\u0131k yaparak, aralar\u0131nda, bina yo\u011funlu\u011funu art\u0131rmak veya daha fazla daire \u00fcretilerek finanse edilmeye \u00e7al\u0131\u015f\u0131l\u0131r,<\/div>\n<div dir=\"ltr\">-Toplu konut \u00fcretim s\u00fcrecinde, \u00a0yerindelik ilkesi g\u00f6zetilmez, yurtta\u015flar y\u0131llard\u0131r ya\u015fad\u0131klar\u0131 yerlerden. \u00a0ba\u015fka yerlere g\u00f6\u00e7 etmek zorunda kalabilirler.<\/div>\n<div dir=\"ltr\">-Toplu konut \u00fcretim s\u00fcrecinde yurtta\u015flar s\u00fcrece ve kararlara kat\u0131lamazlar, bu nedenle y\u0131k\u0131m ve yap\u0131m s\u00fcre\u00e7leri uzar.(Fikirtepe\u2019de 15-16 y\u0131ld\u0131r bitmiyor)<\/div>\n<div dir=\"ltr\">1999 depreminden sonras\u0131nda. Kadir Topba\u015f d\u00f6neminde ba\u015flat\u0131lan , ba\u015fta \u0130stanbul olmak \u00fczere \u00a0AKP nin uygulad\u0131\u011f\u0131 ve \u00a0Piyasac\u0131 kentsel d\u00f6n\u00fc\u015f\u00fcm modeli ile ba\u015fta \u0130stanbul olmak \u00fczere b\u00fcy\u00fck kentlerimiz betona bo\u011fularak katledilmi\u015ftir. \u00a0D\u00f6nemin ba\u015fbakan\u0131 taraf\u0131ndan ifade edildi\u011fi \u00fczere \u0130stanbul\u2019a ihanet edilmi\u015ftir.<\/div>\n<div dir=\"ltr\">\u00d6te yandan, piyasac\u0131 modelde, yurtta\u015flarla m\u00fcteahhit firmalar\u0131n aras\u0131nda \u00e7\u0131kan ve mahkemelere ta\u015f\u0131nan \u00a0sorunlar \u00a0nedeniyle s\u00fcrecin uzayarak t\u0131kanmas\u0131 nedeniyle bu modelde kentsel d\u00f6n\u00fc\u015f\u00fcm \u00fclke genelinde yayg\u0131nla\u015fmam\u0131\u015ft\u0131r.<\/div>\n<div dir=\"ltr\">Bunun sonucunda, \u00a0biliminsanlar\u0131n\u0131n deprem uyar\u0131lar\u0131 dikkate al\u0131nmayarak, g\u00f6z \u00a0g\u00f6re g\u00f6re gelen depremler nedeniyle onbinlerce yurtta\u015f\u0131m\u0131z \u00f6lm\u00fc\u015ft\u00fcr. Y\u00fczbinlerce insan\u0131m\u0131z bulundu\u011fu illlerini terkedip ba\u015fla illere g\u00f6\u00e7ermek zorunda kalm\u0131\u015ft\u0131r. Deprem b\u00f6lgelerinde ekonomi, sanayi ve ya\u015fam \u00e7\u00f6km\u00fc\u015ft\u00fcr.<\/div>\n<div dir=\"ltr\"><\/div>\n<div dir=\"ltr\">\u00d6zetle, yurtta\u015flar\u0131n \u00a0s\u00fcrece ve kararlara kat\u0131lmay\u0131\u015f\u0131 ve m\u00fcteahhitlerle pazarl\u0131k s\u00fcreciyle \u00a0muhatap edilmesi ve \u00e7\u0131kan sorunlar\u0131n mahkemelere ta\u015f\u0131nmas\u0131 nedeniyle, yayg\u0131nla\u015fmam\u0131\u015ft\u0131r.<\/div>\n<div dir=\"ltr\">Bu nedenle 2002 den \u00a0beri s\u00fcrd\u00fcr\u00fclen \u2018piyasac\u0131 kentsel d\u00f6n\u00fc\u015f\u00fcm modeli\u2019 \u00a0ba\u015far\u0131l\u0131 olmam\u0131\u015ft\u0131r.<\/div>\n<div dir=\"ltr\">Bu zorunlu deprem vergisinin toplanmas\u0131na ra\u011fmen, deprem riski bulunan di\u011fer kentlerde de arzu edilen kentsel d\u00f6n\u00fc\u015f\u00fcmler ger\u00e7ekle\u015fmemi\u015f, son depremler b\u00fcy\u00fck bir felaket ve Afet\u2019e d\u00f6n\u00fc\u015fm\u00fc\u015f, toplumsal , ekonomik sosyal travmalar ya\u015fanm\u0131\u015ft\u0131r.<\/div>\n<div dir=\"ltr\">Bu nedenle, hem merkezi idare, hemde yerel y\u00f6netimler taraf\u0131ndan, Sn Murat Karayal\u00e7\u0131n taraf\u0131ndan \u00a0Ankara\u2019da ger\u00e7ekle\u015ftirilen ba\u015far\u0131l\u0131 \u00a0kamusal kentsel d\u00f6n\u00fc\u015f\u00fcm modeli, ba\u015fta \u0130stanbul olmak \u00fczere, \u0130zmir, Mersin ve Adana gibi kentlerde g\u00fcndeme ta\u015f\u0131n\u0131p, tart\u0131\u015f\u0131l\u0131p tekrar de\u011ferlendirilmelidir.<\/div>\n<div dir=\"ltr\">Ancak, t\u00fcm bu ya\u015fananlara ve ac\u0131lara ra\u011fmen, halen deprem b\u00f6lgesinde, yurtta\u015flar\u0131n, meslek odalar\u0131n\u0131n ve \u00fcniversitelerin, meslek ve bilim insanlar\u0131n\u0131n g\u00f6r\u00fc\u015fleri al\u0131nmadan yerleri belirlenip, ba\u015flat\u0131lan TOK\u0130\u2019nin konut in\u015fa s\u00fcrecinin gelecekte ba\u015fta \u00e7evre olmak \u00fczere bir \u00e7ok sorun ya\u015fatmas\u0131 olas\u0131d\u0131r.<\/div>\n<div dir=\"ltr\"><\/div>\n<div dir=\"ltr\">TMMOB MERS\u0130N \u00a0RAPORU<\/div>\n<div dir=\"ltr\"><\/div>\n<div dir=\"ltr\">8 Nisan 2023 Cumartesi g\u00fcn\u00fc bas\u0131na a\u00e7\u0131klanan raporda, TMMOB\u2019a (T\u00fcrk Mimar ve M\u00fchendis Odalar Birli\u011fi) ba\u011fl\u0131 meslek odalar\u0131n\u0131n kendi mesleklerinin bilimsel ger\u00e7eklerinin \u0131\u015f\u0131\u011f\u0131nda verdikleri bilgiler \u00e7ok \u00f6nemliydi. de\u011ferlendirilmelidir.<\/div>\n<div dir=\"ltr\">Anayasa\u2019n\u0131n 135. Maddesine g\u00f6re kurulmu\u015f olan TMMOB\u2019a ba\u011fl\u0131 t\u00fcm Odalar\u0131n \u015eube ve Temsilciliklerinin kat\u0131ld\u0131\u011f\u0131 toplant\u0131, Jeoloji \u00a0Odas\u0131n\u0131n temsilcili\u011finin \u00a0ellerindeki zemin analizlerinin \u0131\u015f\u0131\u011f\u0131nda \u00e7ok \u00f6nemli bilgiler verdi. Do\u011fuda \u00a0\u00c7ay Mahallesinden, bat\u0131daki \u00c7e\u015fmeli mahallesine kadar ikinci \u00e7evre yolunun alt\u0131nda kalan sahil band\u0131ndaki zeminde, 1-9 m aras\u0131nda s\u0131v\u0131la\u015fma oldu\u011fundan bahisle \u00f6zellikle de Mersin Akdeniz, ve Yeni\u015fehir il\u00e7elerinin sahil band\u0131nda 1970 lerde yap\u0131lan 45-55 y\u0131ll\u0131k binalar\u0131n temellerinde olu\u015fabilecek korozyon(nem nedeniyle a\u015f\u0131nma) ya dikkat \u00e7ekti. Daha sonra \u0130n\u015faat ve mimar ve di\u011fer odalar\u0131n\u0131n \u015fube ve temsilcilerinde bu b\u00f6lgelerde zemindeki s\u0131v\u0131la\u015fmas\u0131n getirece\u011fi depremde ve sonras\u0131nda binalarda, di\u011fer donat\u0131larda , kendi meslekleri a\u00e7\u0131s\u0131ndan \u00a0olas\u0131 risklere ve \u00e7\u00f6z\u00fcm \u00f6nerilerine de\u011findiler.<\/div>\n<div dir=\"ltr\">Soru yan\u0131t k\u0131sm\u0131nda, \u00f6zellikle Mezitli ve \u00c7e\u015fmeli ve sonras\u0131 Erdemli\u2019ye kadar sahilde h\u0131zla artan \u00e7ok katl\u0131 yap\u0131la\u015fmaya dikkat \u00e7ekerek buralarda depremde yapabilece\u011fi risklere dikkat \u00e7ekildi ve yerel y\u00f6netimlerin denetleyerek \u00f6nlem almas\u0131n\u0131 gerekti\u011fi vurguland\u0131.<\/div>\n<div dir=\"ltr\"><\/div>\n<div dir=\"ltr\">Mersin\u2019in ve \u00e7ocuklar\u0131m\u0131z\u0131n gelece\u011fi a\u00e7\u0131s\u0131ndan bu \u00e7ok \u00f6nemli ve de\u011ferli TMMOB raporu \u015eube ve temsilciliklerin internet sitelerinde yay\u0131nlanmaktad\u0131r. Bu raporun i\u00e7erdi\u011fi bilgilerinin, yerel belediye meclislerinde ve \u00c7evre ve \u015eehircilik Bakanl\u0131\u011f\u0131 yerel temsilcileri taraf\u0131ndan mutlaka incelenip buna g\u00f6re yerel ve merkezi idarelerin i\u015fbirli\u011fi i\u00e7inde, Ankara\u2019daki deneyimlerden yararlanarak Mersin\u2019de KAMUSAL KENTSEL D\u00d6N\u00dc\u015e\u00dcM\u2019\u00fcn ba\u015flat\u0131lmas\u0131 gerekmektedir.<\/div>\n<div dir=\"ltr\">\u00a0Bu d\u00f6n\u00fc\u015f\u00fcm\u00fcn ger\u00e7ekle\u015fmesi i\u00e7in YURTTA\u015eLARA D\u00dc\u015eEN EN \u00d6NEML\u0130 G\u00d6REV, \u00a014 May\u0131s 2023 Cumhurba\u015fkanl\u0131\u011f\u0131 ve milletvekili se\u00e7imlerinde, BU \u0130RADEY\u0130 ORTAYA KOYAB\u0130LECEK S\u0130YAS\u0130 ANLAYI\u015eI \u0130KT\u0130DAR YAPMAKTIR.<\/div>\n","protected":false},"excerpt":{"rendered":"<p>Kahramanmara\u015f ve Hatay merkezli ya\u015fad\u0131\u011f\u0131m\u0131z ve 11 ilde 14 Milyon yurtta\u015f\u0131m\u0131z\u0131 etkileyen depremlerin hem b\u00f6lgede, hem de 300-400 bin depremzedeyi \u00a0a\u011f\u0131rlayan Mersin\u2019de \u00a0psikolojik ve maddi yaralar sar\u0131lmaya \u00a0\u00e7al\u0131\u015f\u0131l\u0131yor. Di\u011fer taraftan meslek odalar\u0131 ve demokratik kitle odalar\u0131 kendi t\u00fcz\u00fckleri ve y\u00f6netmelikleri \u00e7er\u00e7evesinde \u00a0ya\u015fad\u0131\u011f\u0131m\u0131z bu felaketten dersler \u00e7\u0131karmaya ve toplumu bilgilendirmeye \u00e7al\u0131\u015f\u0131yorlar. Bu kapsamda kentimizde ge\u00e7ti\u011fimiz hafta [&hellip;]<\/p>\n","protected":false},"author":13,"featured_media":48536,"comment_status":"open","ping_status":"open","sticky":false,"template":"","format":"standard","meta":{"footnotes":""},"categories":[28],"tags":[],"class_list":["post-48919","post","type-post","status-publish","format-standard","has-post-thumbnail","hentry","category-serdar-erkan"],"views":126,"_links":{"self":[{"href":"https:\/\/mersingazetesi.com\/index.php\/wp-json\/wp\/v2\/posts\/48919","targetHints":{"allow":["GET"]}}],"collection":[{"href":"https:\/\/mersingazetesi.com\/index.php\/wp-json\/wp\/v2\/posts"}],"about":[{"href":"https:\/\/mersingazetesi.com\/index.php\/wp-json\/wp\/v2\/types\/post"}],"author":[{"embeddable":true,"href":"https:\/\/mersingazetesi.com\/index.php\/wp-json\/wp\/v2\/users\/13"}],"replies":[{"embeddable":true,"href":"https:\/\/mersingazetesi.com\/index.php\/wp-json\/wp\/v2\/comments?post=48919"}],"version-history":[{"count":0,"href":"https:\/\/mersingazetesi.com\/index.php\/wp-json\/wp\/v2\/posts\/48919\/revisions"}],"wp:featuredmedia":[{"embeddable":true,"href":"https:\/\/mersingazetesi.com\/index.php\/wp-json\/wp\/v2\/media\/48536"}],"wp:attachment":[{"href":"https:\/\/mersingazetesi.com\/index.php\/wp-json\/wp\/v2\/media?parent=48919"}],"wp:term":[{"taxonomy":"category","embeddable":true,"href":"https:\/\/mersingazetesi.com\/index.php\/wp-json\/wp\/v2\/categories?post=48919"},{"taxonomy":"post_tag","embeddable":true,"href":"https:\/\/mersingazetesi.com\/index.php\/wp-json\/wp\/v2\/tags?post=48919"}],"curies":[{"name":"wp","href":"https:\/\/api.w.org\/{rel}","templated":true}]}}