{"id":4865,"date":"2021-11-23T11:53:32","date_gmt":"2021-11-23T08:53:32","guid":{"rendered":"http:\/\/mersin.mesiad.org\/index.php\/2021\/11\/23\/insallah-hukumet-adananin-sesini-duyar\/"},"modified":"2021-11-23T11:53:32","modified_gmt":"2021-11-23T08:53:32","slug":"insallah-hukumet-adananin-sesini-duyar","status":"publish","type":"post","link":"https:\/\/mersingazetesi.com\/index.php\/2021\/11\/23\/insallah-hukumet-adananin-sesini-duyar\/","title":{"rendered":"\u201c\u0130N\u015eALLAH H\u00dcK\u00dcMET  ADANA\u2019NIN SES\u0130N\u0130 DUYAR\u201d"},"content":{"rendered":"<p>TBMM Adana\u2019n\u0131n sorunlar\u0131 konu\u015fuldu. Adana\u2019n\u0131n tar\u0131m, sanayi, i\u015fsizlik, turizm, s\u0131\u011f\u0131nmac\u0131lar gibi temel sorunlar\u0131n\u0131 TBMM Genel Kurulu\u2019nda anlatan CHP Adana Milletvekili Orhan S\u00fcmer, \u201c\u0130n\u015fallah H\u00fck\u00fcmet duyar, bu sorunlara bir an \u00f6nce \u00e7\u00f6z\u00fcm bulur\u201d diye konu\u015ftu.\u00a0<br \/>\nAdana\u2019n\u0131n sorunlar\u0131n\u0131 TBMM\u2019de dile getirmeye ve \u00e7\u00f6z\u00fcm i\u00e7in \u00f6neriler getirmeye, \u00e7a\u011fr\u0131da bulunmaya devam eden CHP\u2019li S\u00fcmer Genel Kurul\u2019da konu\u015ftu.\u00a0<br \/>\n\u201cEdebiyat\u0131n bereketli topraklar\u0131, sineman\u0131n Alt\u0131n Kozas\u0131\u201d Adana&#8217;n\u0131n bir\u00e7ok g\u00fczelli\u011fi ve \u00f6zelli\u011fi b\u00fcnyesinde bar\u0131nd\u0131rd\u0131\u011f\u0131n\u0131 belirten S\u00fcmer normal \u015fartlarda bir \u00e7ekim ve cazibe merkezi olmas\u0131n\u0131 gereken Adana\u2019da art\u0131k Adanal\u0131lar\u0131n bile kalmak istemedi\u011fini belirtti.<br \/>\n\u00a0<br \/>\nKORKARIM TARIM ALANLARI \u0130MARA A\u00c7ILACAK<\/p>\n<p>S\u00fcmer, verimli topraklar\u0131yla romanlara konu olmu\u015f Adana&#8217;da bu y\u0131l tonlarca ton karpuzun tarlada kald\u0131\u011f\u0131n\u0131, pamukta T\u00fcrkiye\u2019nin giderek d\u0131\u015fa ba\u011f\u0131ml\u0131 bir hale geldi\u011fini ve narenciyede verin d\u00fc\u015f\u00fckl\u00fc\u011f\u00fc ya\u015fand\u0131\u011f\u0131n\u0131 kaydetti. \u201c\u00d6zellikle pamuk ve narenciye \u00fcretimi te\u015fvik edilmezse korkar\u0131m ki mevcut tar\u0131m alanlar\u0131 da imara a\u00e7\u0131lmak i\u00e7in s\u0131rada bekleyecek\u201d diye seslenen S\u00fcmer tar\u0131m te\u015fviklerinin art\u0131r\u0131lmas\u0131n\u0131, tar\u0131m \u00fcr\u00fcnleri ithalat\u0131n\u0131 durdurulmas\u0131n\u0131, prim \u00f6demelerinin zaman\u0131nda yap\u0131lmas\u0131n\u0131 ve \u00e7ift\u00e7inin banka bor\u00e7lar\u0131n\u0131n ertelenmesini istedi.\u00a0<\/p>\n<p>55 FABR\u0130KA KAPANDI<\/p>\n<p>Sanayide de durumun farkl\u0131 olmad\u0131\u011f\u0131na dikkat \u00e7eken S\u00fcmer, sadece son on y\u0131lda Adana&#8217;da 55 fabrikan\u0131n kapand\u0131\u011f\u0131na dikkat \u00e7ekti.\u00a0<br \/>\nS\u00fcmer, kapanan fabrikalar\u0131n yan\u0131 s\u0131ra yo\u011fun g\u00f6\u00e7 dalgas\u0131n\u0131n Adana&#8217;y\u0131 i\u015fsizlik oran\u0131nda T\u00fcrkiye&#8217;nin en \u00fcst noktalar\u0131na ta\u015f\u0131d\u0131\u011f\u0131n\u0131 belirterek \u201cTam 35 bin 321 ki\u015fi i\u015fsizlik \u00f6dene\u011fine ba\u015fvurmu\u015f. \u0130\u015fin ba\u015fka bir ac\u0131 taraf\u0131 da e\u011fitimli ve gen\u00e7 i\u015fsizlerin say\u0131s\u0131n\u0131n giderek artmas\u0131\u201d dedi.<br \/>\n\u00a0<br \/>\nESNAF AVM\u2019LERE TESL\u0130M ED\u0130LD\u0130<\/p>\n<p>Adana&#8217;da binlerce esnaf kepenk kapatt\u0131\u011f\u0131n\u0131 ifade eden S\u00fcmer, esnaflar\u0131n plans\u0131z a\u00e7\u0131lan ve say\u0131lar\u0131 mantar gibi artan AVM&#8217;lere teslim edildi\u011fini belirtti.\u00a0<br \/>\nS\u00fcmer, Adana\u2019n\u0131n ya\u015fad\u0131\u011f\u0131 beyin g\u00f6\u00e7\u00fc sorununa da dikkat \u00e7ekerek \u201cT\u00fcm e\u011fitimini Adana&#8217;da tamamlayan p\u0131r\u0131l p\u0131r\u0131l gen\u00e7lerimiz i\u015f bulmak umuduyla art\u0131k b\u00fcy\u00fck kentlere ve hatta yurt d\u0131\u015f\u0131na giderek maalesef bir daha Adana&#8217;ya d\u00f6nmek istemiyorlar\u201d diye konu\u015ftu.\u00a0<\/p>\n<p>SI\u011eINMACI SORUNU<\/p>\n<p>S\u0131\u011f\u0131nmac\u0131lar\u0131n art\u0131k b\u00fcy\u00fck bir toplumsal sorun haline geldi\u011fini belirten CHP\u2019li S\u00fcmer \u015f\u00f6yle devam etti:\u00a0<br \/>\n\u201cT\u00fcrkiye&#8217;de 3,5 milyon s\u0131\u011f\u0131nmac\u0131n\u0131n 239 bini Adana&#8217;da ya\u015f\u0131yor. Yap\u0131lan ara\u015ft\u0131rmalara g\u00f6re Adana, s\u0131\u011f\u0131nmac\u0131lardan en fazla etkilenen 5&#8217;inci il durumunda. Yani Adana&#8217;da ya\u015fayan her 100 ki\u015fiden 12&#8217;si Suriyelidir art\u0131k. Eyl\u00fcl ay\u0131nda bir \u00e7ocu\u011fa istismar iddias\u0131, Suriyelilere y\u00f6nelik lin\u00e7 giri\u015fimine neden oldu. G\u00fcnlerce s\u00fcren bu olaylarda ger\u00e7ekten Adana Valimiz ve g\u00fcvenlik g\u00fc\u00e7lerimize sa\u011fduyulu yakla\u015f\u0131mlar\u0131 nedeniyle te\u015fekk\u00fcr ederim.\u201d<br \/>\nBaz\u0131 okullarda okuyan s\u0131\u011f\u0131nmac\u0131 \u00f6\u011frenci say\u0131s\u0131n\u0131n T\u00fcrk \u00f6\u011frenci say\u0131s\u0131n\u0131 ge\u00e7ti\u011fini s\u00f6yleyen S\u00fcmer, hem \u00e7ocuklar\u0131n okula uyum sorunu ya\u015fad\u0131\u011f\u0131n\u0131 hem de velilerin art\u0131k \u00e7ocuklar\u0131n\u0131 okula g\u00f6ndermek istemedi\u011fini kaydetti.\u00a0<br \/>\nTurizm yat\u0131r\u0131mlar\u0131 bak\u0131m\u0131ndan da Adana\u2019n\u0131n merkezi y\u00f6netimin yard\u0131m\u0131ndan mahrum kald\u0131\u011f\u0131n\u0131 belirten S\u00fcmer, Karata\u015f yolunun da al\u0131nacak \u00f6nlemlerde art\u0131k \u201c\u00f6l\u00fcm yolu\u201d olmaktan \u00e7\u0131kar\u0131lmas\u0131n\u0131 istedi.<\/p>\n<p>\u00dcRPERTEN \u0130STAT\u0130ST\u0130KLER<\/p>\n<p>S\u00fcmer, Genel Kurul\u2019da Adana\u2019ya ili\u015fkin \u015fu istatistikleri de payla\u015ft\u0131:\u00a0<br \/>\n\u201cMaalesef, Adana, uyu\u015fturucu su\u00e7lar\u0131nda T\u00fcrkiye 3&#8217;\u00fcnc\u00fcs\u00fc, cezaevine giren h\u00fck\u00fcml\u00fc say\u0131s\u0131nda T\u00fcrkiye 5&#8217;incisi, su\u00e7a s\u00fcr\u00fcklenen \u00e7ocuk say\u0131s\u0131nda T\u00fcrkiye 13&#8217;\u00fcnc\u00fcs\u00fc, i\u015f kazas\u0131 \u00f6l\u00fcmlerinde T\u00fcrkiye 8&#8217;incisi, do\u011fum yapan k\u00fc\u00e7\u00fck \u00e7ocuk say\u0131s\u0131nda T\u00fcrkiye 7&#8217;ncisi, k\u0131z \u00e7ocuk evliliklerinde ise T\u00fcrkiye 12&#8217;ncisi.\u201d<\/p>\n<p>STADYUM VE ADL\u0130YE B\u0130NASI NE OLDU?\u00a0<\/p>\n<p>S\u00fcmer s\u00f6zlerini \u015f\u00f6yle tamamlad\u0131:\u00a0<br \/>\n\u201c17 y\u0131ll\u0131k Ak Parti iktidar\u0131 d\u00f6neminde bu sorunlar i\u00e7in \u00e7\u00f6z\u00fcm \u00fcretemeyenlerin bundan sonra Adana\u2019n\u0131n birikmi\u015f ve \u00e7\u00f6z\u00fcm bekleyen sorunlar\u0131n\u0131n \u00e7\u00f6z\u00fcm\u00fc i\u00e7in hangi ad\u0131m\u0131 atacaklar\u0131n\u0131 merakla bekliyoruz.<br \/>\nY\u0131llard\u0131r bitirilemeyen stadyumumuzun ve adliye binas\u0131n\u0131n in\u015faat\u0131 da hala devam ediyor. Merak ediyor ve soruyoruz: Bunlar\u0131n sorunlar\u0131 ne zaman \u00e7\u00f6z\u00fclecek?<br \/>\nDe\u011ferli milletvekilleri, t\u00fcm bu sorunlarla bo\u011fu\u015fmam\u0131za kar\u015f\u0131n Adana&#8217;m\u0131za gelen misafirleri en iyi \u015fekilde a\u011f\u0131rlayan s\u0131cakkanl\u0131, g\u00fcler y\u00fczl\u00fc insanlar\u0131n ya\u015fad\u0131\u011f\u0131 bir kenttir Adana\u2019m\u0131z. Bu vesileyle hepinizi sayg\u0131yla selaml\u0131yorum. \u0130n\u015fallah H\u00fck\u00fcmet duyar, bu sorunlara bir an \u00f6nce \u00e7\u00f6z\u00fcm bulur.\u201d<br \/>\n\u00a0<\/p>\n<p>Haber Merkezi<\/p>\n","protected":false},"excerpt":{"rendered":"<p>TBMM Adana\u2019n\u0131n sorunlar\u0131 konu\u015fuldu. Adana\u2019n\u0131n tar\u0131m, sanayi, i\u015fsizlik, turizm, s\u0131\u011f\u0131nmac\u0131lar gibi temel sorunlar\u0131n\u0131 TBMM Genel Kurulu\u2019nda anlatan CHP Adana Milletvekili Orhan S\u00fcmer, \u201c\u0130n\u015fallah H\u00fck\u00fcmet duyar, bu sorunlara bir an \u00f6nce \u00e7\u00f6z\u00fcm bulur\u201d diye konu\u015ftu.\u00a0 Adana\u2019n\u0131n sorunlar\u0131n\u0131 TBMM\u2019de dile getirmeye ve \u00e7\u00f6z\u00fcm i\u00e7in \u00f6neriler getirmeye, \u00e7a\u011fr\u0131da bulunmaya devam eden CHP\u2019li S\u00fcmer Genel Kurul\u2019da konu\u015ftu.\u00a0 \u201cEdebiyat\u0131n bereketli [&hellip;]<\/p>\n","protected":false},"author":2,"featured_media":0,"comment_status":"open","ping_status":"open","sticky":false,"template":"","format":"standard","meta":{"footnotes":""},"categories":[],"tags":[],"class_list":["post-4865","post","type-post","status-publish","format-standard","hentry"],"views":20,"_links":{"self":[{"href":"https:\/\/mersingazetesi.com\/index.php\/wp-json\/wp\/v2\/posts\/4865","targetHints":{"allow":["GET"]}}],"collection":[{"href":"https:\/\/mersingazetesi.com\/index.php\/wp-json\/wp\/v2\/posts"}],"about":[{"href":"https:\/\/mersingazetesi.com\/index.php\/wp-json\/wp\/v2\/types\/post"}],"author":[{"embeddable":true,"href":"https:\/\/mersingazetesi.com\/index.php\/wp-json\/wp\/v2\/users\/2"}],"replies":[{"embeddable":true,"href":"https:\/\/mersingazetesi.com\/index.php\/wp-json\/wp\/v2\/comments?post=4865"}],"version-history":[{"count":0,"href":"https:\/\/mersingazetesi.com\/index.php\/wp-json\/wp\/v2\/posts\/4865\/revisions"}],"wp:attachment":[{"href":"https:\/\/mersingazetesi.com\/index.php\/wp-json\/wp\/v2\/media?parent=4865"}],"wp:term":[{"taxonomy":"category","embeddable":true,"href":"https:\/\/mersingazetesi.com\/index.php\/wp-json\/wp\/v2\/categories?post=4865"},{"taxonomy":"post_tag","embeddable":true,"href":"https:\/\/mersingazetesi.com\/index.php\/wp-json\/wp\/v2\/tags?post=4865"}],"curies":[{"name":"wp","href":"https:\/\/api.w.org\/{rel}","templated":true}]}}