{"id":4858,"date":"2021-11-23T11:53:32","date_gmt":"2021-11-23T08:53:32","guid":{"rendered":"http:\/\/mersin.mesiad.org\/index.php\/2021\/11\/23\/mersin-egitim-alaninda-ilklere-imza-atan-bir-il\/"},"modified":"2021-11-23T11:53:32","modified_gmt":"2021-11-23T08:53:32","slug":"mersin-egitim-alaninda-ilklere-imza-atan-bir-il","status":"publish","type":"post","link":"https:\/\/mersingazetesi.com\/index.php\/2021\/11\/23\/mersin-egitim-alaninda-ilklere-imza-atan-bir-il\/","title":{"rendered":"\u201cMersin e\u011fitim alan\u0131nda ilklere imza atan bir il\u201d"},"content":{"rendered":"<p>Mersin Valisi Ali \u0130hsan Su, Mersin\u2019in e\u011fitim alan\u0131nda ilklere imza atan bir il oldu\u011funu s\u00f6yledi.\u00a0<br \/>\nMilli E\u011fitim Bakanl\u0131\u011f\u0131\u2019n\u0131n 2023 E\u011fitim Vizyonu do\u011frultusunda \u0130l Milli E\u011fitim M\u00fcd\u00fcrl\u00fc\u011f\u00fc taraf\u0131ndan Mersin\u2019e ikinci atama ile atanan okul y\u00f6neticilerine y\u00f6nelik d\u00fczenlenen &#8216;Mersin Y\u00f6netici Akademisi&#8217; e\u011fitimleri Vali Ali \u0130hsan Su&#8217;nun da kat\u0131ld\u0131\u011f\u0131 t\u00f6renle ba\u015flad\u0131. Mersin, Tarsus, Toros ve \u00c7a\u011f \u00dcniversiteleri i\u015fbirli\u011finde d\u00fczenlenen e\u011fitimlerin Mehmet Celaleddin \u00d6kten Konferans Salonu\u2019nda d\u00fczenlenen a\u00e7\u0131l\u0131\u015f program\u0131na \u0130l Milli E\u011fitim M\u00fcd\u00fcr\u00fc Adem Koca\u2019n\u0131n yan\u0131 s\u0131ra, yeni atanan 76 okul m\u00fcd\u00fcr\u00fc ile 274 m\u00fcd\u00fcr yard\u0131mc\u0131s\u0131 ve \u015fube m\u00fcd\u00fcrleri kat\u0131ld\u0131.\u00a0<br \/>\nProgramda yapt\u0131\u011f\u0131 konu\u015fmas\u0131na Mersin\u2019in e\u011fitim alan\u0131nda ilklere imza atan bir il oldu\u011funu belirterek ba\u015flayan Vali Su, y\u00f6neticili\u011fin tarihten g\u00fcn\u00fcm\u00fcze kadar hep \u00f6nemli oldu\u011funu, iyi bir idarecinin okulunu, \u00f6\u011fretmenlerini, \u00f6\u011frenci ve velilerini \u00e7ok iyi tan\u0131mas\u0131 gerekti\u011fini vurgulad\u0131.\u00a0<br \/>\nKonu\u015fmas\u0131n\u0131n devam\u0131nda \u00f6\u011fretmenli\u011fin itibar\u0131 y\u00fcksek bir meslek oldu\u011funu ifade eden Vali Su, d\u00fczenlenen e\u011fitimlerin ba\u015far\u0131l\u0131 ge\u00e7mesini temenni ederek, idarecilere y\u00fcr\u00fctt\u00fckleri \u00e7al\u0131\u015fmalarda ba\u015far\u0131lar diledi.\u00a0<br \/>\nT\u00fcrkiye&#8217;de ilk kez ger\u00e7ekle\u015ftirilen &#8216;Y\u00f6netici Akademisi&#8217; e\u011fitimleri kapsam\u0131nda, bin 47 okul m\u00fcd\u00fcr\u00fcne, 24 akademisyen taraf\u0131ndan toplam 100&#8217;er saatlik e\u011fitim verildi\u011fi, g\u00f6reve yeni ba\u015flayan 76 okul m\u00fcd\u00fcr\u00fc ve 274 m\u00fcd\u00fcr yard\u0131mc\u0131s\u0131 i\u00e7in ise e\u011fitimlerin hafta boyunca verilmeye devam edece\u011fi bildirildi. \u00a0<\/p>\n<p>\u0130HA<\/p>\n","protected":false},"excerpt":{"rendered":"<p>Mersin Valisi Ali \u0130hsan Su, Mersin\u2019in e\u011fitim alan\u0131nda ilklere imza atan bir il oldu\u011funu s\u00f6yledi.\u00a0 Milli E\u011fitim Bakanl\u0131\u011f\u0131\u2019n\u0131n 2023 E\u011fitim Vizyonu do\u011frultusunda \u0130l Milli E\u011fitim M\u00fcd\u00fcrl\u00fc\u011f\u00fc taraf\u0131ndan Mersin\u2019e ikinci atama ile atanan okul y\u00f6neticilerine y\u00f6nelik d\u00fczenlenen &#8216;Mersin Y\u00f6netici Akademisi&#8217; e\u011fitimleri Vali Ali \u0130hsan Su&#8217;nun da kat\u0131ld\u0131\u011f\u0131 t\u00f6renle ba\u015flad\u0131. Mersin, Tarsus, Toros ve \u00c7a\u011f \u00dcniversiteleri i\u015fbirli\u011finde [&hellip;]<\/p>\n","protected":false},"author":2,"featured_media":0,"comment_status":"open","ping_status":"open","sticky":false,"template":"","format":"standard","meta":{"footnotes":""},"categories":[],"tags":[],"class_list":["post-4858","post","type-post","status-publish","format-standard","hentry"],"views":22,"_links":{"self":[{"href":"https:\/\/mersingazetesi.com\/index.php\/wp-json\/wp\/v2\/posts\/4858","targetHints":{"allow":["GET"]}}],"collection":[{"href":"https:\/\/mersingazetesi.com\/index.php\/wp-json\/wp\/v2\/posts"}],"about":[{"href":"https:\/\/mersingazetesi.com\/index.php\/wp-json\/wp\/v2\/types\/post"}],"author":[{"embeddable":true,"href":"https:\/\/mersingazetesi.com\/index.php\/wp-json\/wp\/v2\/users\/2"}],"replies":[{"embeddable":true,"href":"https:\/\/mersingazetesi.com\/index.php\/wp-json\/wp\/v2\/comments?post=4858"}],"version-history":[{"count":0,"href":"https:\/\/mersingazetesi.com\/index.php\/wp-json\/wp\/v2\/posts\/4858\/revisions"}],"wp:attachment":[{"href":"https:\/\/mersingazetesi.com\/index.php\/wp-json\/wp\/v2\/media?parent=4858"}],"wp:term":[{"taxonomy":"category","embeddable":true,"href":"https:\/\/mersingazetesi.com\/index.php\/wp-json\/wp\/v2\/categories?post=4858"},{"taxonomy":"post_tag","embeddable":true,"href":"https:\/\/mersingazetesi.com\/index.php\/wp-json\/wp\/v2\/tags?post=4858"}],"curies":[{"name":"wp","href":"https:\/\/api.w.org\/{rel}","templated":true}]}}