{"id":4846,"date":"2021-11-23T11:53:31","date_gmt":"2021-11-23T08:53:31","guid":{"rendered":"http:\/\/mersin.mesiad.org\/index.php\/2021\/11\/23\/mersinde-buyuk-festival\/"},"modified":"2021-11-23T11:53:31","modified_gmt":"2021-11-23T08:53:31","slug":"mersinde-buyuk-festival","status":"publish","type":"post","link":"https:\/\/mersingazetesi.com\/index.php\/2021\/11\/23\/mersinde-buyuk-festival\/","title":{"rendered":"MERS\u0130N\u2019DE B\u00dcY\u00dcK FEST\u0130VAL"},"content":{"rendered":"<p>Sahil band\u0131nda d\u00fczenlenen festival a\u00e7\u0131l\u0131\u015f\u0131nda, T\u00fcrkiye&#8217;nin yan\u0131 s\u0131ra aralar\u0131nda Rusya, Bulgaristan, Ukrayna, K\u0131rg\u0131zistan, G\u00fcrcistan, Bosna Hersek, Azerbaycan ve Hindistan&#8217;\u0131n da oldu\u011fu, 25 \u00fclkeden 700&#8217;\u00fcn \u00fczerinde g\u00f6steri sanat\u00e7\u0131s\u0131, \u00a0bir \u00e7ok farkl\u0131 \u00fclkelerden gelen sanat gruplar\u0131,olu\u015fturulan kortejde g\u00f6steri sundu<\/p>\n<p>\u00d6zdemir: \u201cNarenciye Mersin\u2019dir\u201d<\/p>\n<p>A\u00e7\u0131l\u0131\u015f konu\u015fmas\u0131nda, Akdeniz&#8217;in incisi Mersin&#8217;in g\u00fclen y\u00fcz\u00fcn\u00fc herkese g\u00f6stermek i\u00e7in rengarenk bir narenciye d\u00fcnyas\u0131 olu\u015fturduklar\u0131n\u0131 vurgulayan Festival \u0130cra Komitesi Ba\u015fkan\u0131 ve Mersin Ticaret Borsas\u0131 Ba\u015fkan\u0131 Abdullah \u00d6zdemir, &#8220;Bug\u00fcn Mersin&#8217;in en b\u00fcy\u00fck bulu\u015fmas\u0131na ev sahipli\u011fi yapt\u0131k. Bizim g\u00f6z\u00fcm\u00fczde narenciye \u00fcr\u00fcnleri birer m\u00fccevher gibidir. Bir kuyumcu misali bu \u00fcr\u00fcnleri \u00f6zenle i\u015fleyerek, 30 fig\u00fcr ve t\u00fcm bu g\u00fczel s\u00fcslemeleri yapt\u0131k. Meyvenin kendisinin s\u00fcsleme arac\u0131 olarak kullan\u0131ld\u0131\u011f\u0131 T\u00fcrkiye&#8217;nin ilk ve tek festivali Mersin Narenciye Festivalidir. Festival boyunca y\u00fcz binlerce ziyaret\u00e7imize co\u015fku ve e\u011flence dolu bir \u015fenlik ortam\u0131 sunuyoruz. Amac\u0131m\u0131z, kamuoyunun dikkatini narenciyeye ve Mersin&#8217;e \u00e7ekmek, narenciyenin hak etti\u011fi de\u011feri bulmas\u0131n\u0131 sa\u011flamak. Narenciye, Mersin i\u00e7in etraf\u0131nda kenetlenilmesi gereken bir sembol. T\u00fcrkiye&#8217;de narenciyenin kalbi Mersin&#8217;e atmaktad\u0131r. En b\u00fcy\u00fck temennimiz, \u00fcreticilerimizin al\u0131n terlerinin kar\u015f\u0131l\u0131\u011f\u0131n\u0131 almalar\u0131d\u0131r. Narenciye t\u00fcketiminin ve ihracat\u0131n\u0131n artmas\u0131 ana hedefimiz olmal\u0131d\u0131r. Narenciye hayatt\u0131r, sevgidir, ho\u015fg\u00f6r\u00fcd\u00fcr, karde\u015fliktir. Narenciye Mersin&#8217;dir &#8221; diye konu\u015ftu. \u00a0 \u00a0 \u00a0 \u00a0 \u00a0 \u00a0 \u00a0 \u00a0 \u00a0 \u00a0 \u00a0 \u00a0<\/p>\n<p>T\u00fcrkiye&#8217;nin narenciye deposu Mersin&#8217;de bu y\u0131l 7&#8217;ncisi d\u00fczenlenen Uluslararas\u0131 Mersin Narenciye Festivali, a\u00e7\u0131l\u0131\u015f program\u0131 ve 2 bini a\u015fk\u0131n insan\u0131n kat\u0131ld\u0131\u011f\u0131 kortej y\u00fcr\u00fcy\u00fc\u015f\u00fc ile di\u011fer y\u0131llara g\u00f6re \u00e7ok daha \u00e7o\u015fkulu ve kalabal\u0131k bir \u015fekilde ger\u00e7ekle\u015fti. Merkez Yeni\u015fehir il\u00e7esi Adnan Menderes Bulvar\u0131 \u00fczerindeki K\u00fclt\u00fcr Parkta 70 d\u00f6n\u00fcml\u00fck alanda ger\u00e7ekle\u015ftirilen festival kapsam\u0131nda, \u00a0a\u011fa\u00e7 giydirmeleri dahil yap\u0131lan Fil,Ejderha,Ay\u0131 ve aslan gibi ilgin\u00e7 fig\u00fcrler 500 binin \u00fczerinde limon, portakal ve greyfurtla yap\u0131larak Akdeniz&#8217;in k\u0131y\u0131s\u0131n\u0131 s\u00fcsledi. Mersin Valili\u011fi ba\u015fta olmak \u00fczere 27 kurumun destekleriyle ger\u00e7ekle\u015ftirilen festivalin a\u00e7\u0131l\u0131\u015f\u0131, Side Harabeleri \u00f6n\u00fcnde yap\u0131ld\u0131.<br \/>\nA\u00e7\u0131l\u0131\u015fa, Mersin Valisi Ali \u0130hsan Su, Akdeniz B\u00f6lge ve Garnizon Komutan\u0131 Tu\u011famiral Ercan Kire\u00e7tepe, Mersin B\u00fcy\u00fck\u015fehir Belediye Ba\u015fkan\u0131 Vahap Se\u00e7er, T\u00fcrkiye Odalar ve Borsalar Birli\u011fi Ba\u015fkan\u0131 Rifat Hisarc\u0131kl\u0131o\u011flu ile Mersin milletvekilleri ve protokol \u00fcyeleri kat\u0131ld\u0131.<\/p>\n<p>Hisarc\u0131kl\u0131o\u011flu: \u201cMersin\u2019e bu yak\u0131\u015f\u0131r\u201d<\/p>\n<p>TOBB Ba\u015fkan\u0131 Rifat Hisarc\u0131kl\u0131o\u011flu Narenciye Festivalinin hay\u0131rl\u0131 olmas\u0131n\u0131 diledi. Bir\u00e7ok \u015fehirde festivallere kat\u0131ld\u0131\u011f\u0131n\u0131 belirten Hisarc\u0131kl\u0131o\u011flu, \u201c Mersin bunun en iyisini yapm\u0131\u015f. Tasar\u0131m\u0131ndan lojisti\u011fine kadar d\u00fcnya standartlar\u0131nda bir festival yap\u0131yorsunuz. \u015eimdi bunu bir kademe daha yukar\u0131ya \u00e7\u0131kart\u0131p uluslararas\u0131 festival haline \u00e7eviriyor olmam\u0131z laz\u0131m. Mersin\u2019e, Mersinliye de bu yak\u0131\u015f\u0131r\u201d ifadelerini kulland\u0131.\u00a0<br \/>\nNarenciyenin, Mersin ve T\u00fcrkiye i\u00e7in \u00e7ok \u00f6nemli oldu\u011funu dile getiren Hisarc\u0131kl\u0131o\u011flu, \u015f\u00f6yle devam etti: \u201c\u00dcretimin y\u00fczde 25\u2019ini, ihracat\u0131n y\u00fczde 37\u2019sini tek ba\u015f\u0131na Mersin yap\u0131yor. Bir\u00e7ok aile bu i\u015ften ekmek yiyor. Bu \u015fehrin ekonomisinin bel kemi\u011fi narenciyedir. Narenciyeyi sadece narenciye olarak satmak yerine, ona muhakkak \u00fclke olarak katma de\u011fer katmal\u0131y\u0131z. Suyundan kurutmas\u0131na kadar narenciyeye de\u011fer katacak i\u015fleri yap\u0131p, bunu markala\u015ft\u0131r\u0131yor olmam\u0131z laz\u0131m. Mersin\u2019de bunu yapacak vizyon da potansiyel de var.\u201d\u00a0<br \/>\nFestivale 30 \u00fclkeden yabanc\u0131 gruplar\u0131n \u00e7a\u011fr\u0131lmas\u0131n\u0131n; sadece narenciye de\u011fil, Mersin\u2019in tan\u0131t\u0131m\u0131 ve markala\u015fmas\u0131 i\u00e7in de at\u0131lan vizyoner bir ad\u0131m oldu\u011funu s\u00f6yleyen Hisarc\u0131kl\u0131o\u011flu, \u201cNas\u0131l \u00fcr\u00fcnlerin, hizmetlerin marka de\u011feri varsa, g\u00fcn\u00fcm\u00fczde art\u0131k \u015fehirlerin de bir marka de\u011feri var. D\u00fcnyada art\u0131k \u00fclkeler de\u011fil, \u015fehirler birbirleriyle yar\u0131\u015f\u0131yorlar. D\u00fcnyada 600 tane marka olmu\u015f \u015fehir var. Bu noktada Mersinimizde m\u00fcthi\u015f bir potansiyel var. \u00c7ok \u00f6nemli bir tar\u0131m \u015fehri, sebzede T\u00fcrkiye\u2019yi besleyen bir \u015fehir. Ayn\u0131 zamanda Mersin bir sanayi \u015fehri, bin 500 tane sanayi tesisi var ki, bu hi\u00e7 dile getirilmiyor. T\u00fcrkiye\u2019nin en b\u00fcy\u00fck 500 \u015firketi i\u00e7erisinde 9 tane sanayi \u015firketi ile Mersinimiz yer almaktad\u0131r. Ticaret ve fuar \u015fehri; \u00f6n\u00fcm\u00fczdeki y\u0131l bu \u015fehir 12 fuara ev sahipli\u011fi yapacak. Bir e\u011fitim \u015fehri 4 tane \u00fcniversitesiyle. Bir turizm \u015fehri. Mersin i\u00e7in yurt d\u0131\u015f\u0131nda \u2018T\u00fcrkiye\u2019nin Miami\u2019si\u2019 deniyor. Sahil \u015feridine bakt\u0131\u011f\u0131m\u0131zda Miami asl\u0131nda burada, 7 bin mil \u00f6teye gitmeye gerek yok. Gelin, yan\u0131 ba\u015f\u0131n\u0131zda bir Miami var. Her \u015feyi Allah bu \u015fehre vermi\u015f. Bir ve beraber olunca in\u015fallah bu markala\u015fmay\u0131 da hep beraber yapaca\u011f\u0131z\u201d dedi.<\/p>\n<p>\u201cKent g\u00fclmeli, halk g\u00fclmeli\u201d<\/p>\n<p>Mersin B\u00fcy\u00fck\u015fehir Belediye Ba\u015fkan\u0131 Vahap Se\u00e7er, festivalde yapt\u0131\u011f\u0131 konu\u015fmas\u0131nda, birlik ve beraberlik ruhunun ortaya g\u00fczel i\u015fler \u00e7\u0131kard\u0131\u011f\u0131n\u0131 belirterek, \u201cG\u00fczel kentimiz, Akdeniz&#8217;in incisi, bar\u0131\u015f, huzur ve karde\u015flik kenti Mersinimiz\u2019de enerjimiz y\u00fcksek. \u00d6yle de olmak gerekiyor. Kent g\u00fclmeli, kenti y\u00f6netenler g\u00fclmeli, devlet g\u00fclmeli, halk g\u00fclmeli. Kol kola, el ele ba\u015faramayaca\u011f\u0131m\u0131z, a\u015famayaca\u011f\u0131m\u0131z hi\u00e7bir engel yok\u201d dedi.<br \/>\nMersin\u2019in \u00f6zelliklerini ve birbirinden g\u00fczel potansiyellerini a\u00e7\u0131\u011fa \u00e7\u0131karma g\u00f6revlerinin oldu\u011funu ifade eden Ba\u015fkan Se\u00e7er, \u201cBizlerin g\u00f6revi Mersin\u2019in g\u00fczellikleri, \u00f6zellikleri ve bu potansiyeli a\u00e7\u0131\u011fa \u00e7\u0131karmak. Ba\u015fta Say\u0131n Valimiz, bizler, se\u00e7ilmi\u015f belediye ba\u015fkanlar\u0131, milletvekilleri, atanm\u0131\u015flar, hepimizin ortak g\u00f6revi bu\u201d diye konu\u015ftu.<br \/>\nNarenciyenin ba\u015fkenti Mersin\u2019i daha ileri noktalara ta\u015f\u0131mak i\u00e7in pozitif ayr\u0131mc\u0131l\u0131k istediklerini ifade eden Se\u00e7er, \u00a0\u201cNarenciye \u00f6nemli. Burada i\u015f d\u00fcnyas\u0131n\u0131n de\u011ferli insanlar\u0131 var. Ben Mersinimiz\u2019e pozitif ayr\u0131mc\u0131l\u0131k istiyorum. Ba\u015fta T\u00fcrkiye Odalar ve Borsalar Birli\u011fi bunu ba\u015flatabilir. \u0130stikbal vaat etmeyen bir \u015fehre koca T\u00fcrkiye Odalar ve Borsalar Birli\u011fi Ba\u015fkan\u0131 gelir mi? Demek ki bu enerji var, bu hareketlilik var, bu verimlilik var\u201d dedi.<\/p>\n<p>&#8220;T\u00fcrkiye&#8217;nin tar\u0131m sekt\u00f6r\u00fcnde \u00f6ne \u00e7\u0131kan ilk 3 ilinden birisi Mersin&#8217;dir&#8221;<\/p>\n<p>Vali Su ise Mersin&#8217;in ticaret, sanayi, lojistik, ekonomi gibi her alanda \u00f6nemli bir potansiyele sahip olmakla beraber, ayn\u0131 zamanda bereketli topraklar\u0131, \u00e7al\u0131\u015fkan \u00e7al\u0131\u015fkan \u00e7ift\u00e7isiyle tar\u0131m sekt\u00f6r\u00fcnde de \u00f6nemli bir potansiyele sahip oldu\u011funu dile getirdi.<br \/>\nSu, &#8220;T\u00fcrkiye&#8217;nin tar\u0131m sekt\u00f6r\u00fcnde \u00f6ne \u00e7\u0131kan ilk 3 ilinden birisi Mersin&#8217;dir. \u00dclkemizin narenciye \u00fcretiminin d\u00f6rtte birini, narenciye ihracat\u0131n\u0131n y\u00fczde 37&#8217;sini ger\u00e7ekle\u015ftiren bir iliz. Sadece narenciyede de\u011fil, limon, \u00e7ilek, muz gibi 7 \u00fcr\u00fcnde \u00fcretim olarak T\u00fcrkiye birincisi, 8 \u00fcr\u00fcnde T\u00fcrkiye ikincisi bir iliz. Mersin olarak tar\u0131m sekt\u00f6r\u00fcnde \u00e7ok ciddi bir potansiyelimiz var. Bu potansiyelimizin en \u00f6nemli aya\u011f\u0131n\u0131 olu\u015fturan narenciye \u00fcr\u00fcnlerini tan\u0131tmak, d\u00fcnyayla bulu\u015fturmak, ilimizi ve \u00fclkemizi tan\u0131tmak amac\u0131yla Narenciye Festivalini d\u00fczenliyoruz. Narenciyenin marka olmas\u0131 i\u00e7in b\u00fct\u00fcn g\u00fcc\u00fcm\u00fczle \u00e7al\u0131\u015f\u0131yoruz. 2020 y\u0131l\u0131nda Mersin ilimiz D\u00fcnya Turun\u00e7gil Kongresine de ev sahipli\u011fi yapacak&#8221; ifadelerini kulland\u0131.<\/p>\n<p>Konu\u015fmalar\u0131n ard\u0131ndan Vali Su, protokol \u00fcyeleriyle birlikte festival alan\u0131na kurulan &#8216;narenciye \u00e7e\u015fmesi&#8217;ne giderek, \u00e7e\u015fmeden portakal suyu doldurup ikram etti.<br \/>\nProtokol \u00fcyeleri daha sonra kortej y\u00fcr\u00fcy\u00fc\u015f\u00fcn\u00fcn yap\u0131laca\u011f\u0131 alana ge\u00e7ti. Kortej y\u00fcr\u00fcy\u00fc\u015f\u00fcnden sonra Vali Su, Ba\u015fkan Se\u00e7er ve protokol \u00fcyeli sahil \u015feridi boyunca y\u00fcr\u00fcyerek standlar\u0131 ziyaret etti. Bir s\u00fcre Su jeti g\u00f6sterisini izledikten sonra Ba\u015fkan Se\u00e7er B\u00fcy\u00fck\u015fehir stand\u0131nda fidan da\u011f\u0131tt\u0131.<br \/>\nMersin ve \u00e7evre illerden gelen binlerce insan festival alan\u0131na yo\u011fun ilgi g\u00f6sterdi. Birbirinden farkl\u0131 g\u00f6steri ve konserlerle Mersin \u00e7o\u015fkulu ,renkli bir haftasonu ge\u00e7irdi. 25 \u00fclkeden gelen 700&#8217;\u00fcn \u00fczerinde g\u00f6steri sanat\u00e7\u0131s\u0131 ile Mersin&#8217;in her alan\u0131ndaki gruplar\u0131n\u0131n kat\u0131l\u0131m\u0131yla 2 binin \u00fczerinde insanla yap\u0131lan kortej y\u00fcr\u00fcy\u00fc\u015f\u00fc de renkli g\u00f6r\u00fcnt\u00fclere sahne oldu. Gruplar, k\u0131sa g\u00f6sterileriyle b\u00fcy\u00fck alk\u0131\u015f ald\u0131. T\u00fcrkiye Su Jeti ve Flyboard \u015eampiyonas\u0131n\u0131n yan\u0131 s\u0131ra bir\u00e7ok etkinli\u011fin ger\u00e7ekle\u015ftirilece\u011fi festival, arkas\u0131nda renkli g\u00f6r\u00fcnt\u00fclerle ve kat\u0131l\u0131mc\u0131lar\u0131n \u00e7o\u015fku dolu foto\u011fraflar\u0131n\u0131 b\u0131rakt\u0131.<\/p>\n<p>MEHMET \u00d6ZCAN<\/p>\n","protected":false},"excerpt":{"rendered":"<p>Mersin&#8217;de bu y\u0131l 7. kez d\u00fczenlenen Uluslararas\u0131 Narenciye Festivali, \u00e7e\u015fitli \u00fclkelerden kat\u0131l\u0131mc\u0131lar\u0131n g\u00f6sterileriyle di\u011fer y\u0131llara g\u00f6re \u00e7ok daha renkli g\u00f6r\u00fcnt\u00fclerle ger\u00e7ekle\u015fti.<\/p>\n","protected":false},"author":2,"featured_media":0,"comment_status":"open","ping_status":"open","sticky":false,"template":"","format":"standard","meta":{"footnotes":""},"categories":[],"tags":[],"class_list":["post-4846","post","type-post","status-publish","format-standard","hentry"],"views":16,"_links":{"self":[{"href":"https:\/\/mersingazetesi.com\/index.php\/wp-json\/wp\/v2\/posts\/4846","targetHints":{"allow":["GET"]}}],"collection":[{"href":"https:\/\/mersingazetesi.com\/index.php\/wp-json\/wp\/v2\/posts"}],"about":[{"href":"https:\/\/mersingazetesi.com\/index.php\/wp-json\/wp\/v2\/types\/post"}],"author":[{"embeddable":true,"href":"https:\/\/mersingazetesi.com\/index.php\/wp-json\/wp\/v2\/users\/2"}],"replies":[{"embeddable":true,"href":"https:\/\/mersingazetesi.com\/index.php\/wp-json\/wp\/v2\/comments?post=4846"}],"version-history":[{"count":0,"href":"https:\/\/mersingazetesi.com\/index.php\/wp-json\/wp\/v2\/posts\/4846\/revisions"}],"wp:attachment":[{"href":"https:\/\/mersingazetesi.com\/index.php\/wp-json\/wp\/v2\/media?parent=4846"}],"wp:term":[{"taxonomy":"category","embeddable":true,"href":"https:\/\/mersingazetesi.com\/index.php\/wp-json\/wp\/v2\/categories?post=4846"},{"taxonomy":"post_tag","embeddable":true,"href":"https:\/\/mersingazetesi.com\/index.php\/wp-json\/wp\/v2\/tags?post=4846"}],"curies":[{"name":"wp","href":"https:\/\/api.w.org\/{rel}","templated":true}]}}