{"id":4834,"date":"2021-11-23T11:53:29","date_gmt":"2021-11-23T08:53:29","guid":{"rendered":"http:\/\/mersin.mesiad.org\/index.php\/2021\/11\/23\/gunesimiz-sonmez-enerjimiz-bitmez\/"},"modified":"2021-11-23T11:53:29","modified_gmt":"2021-11-23T08:53:29","slug":"gunesimiz-sonmez-enerjimiz-bitmez","status":"publish","type":"post","link":"https:\/\/mersingazetesi.com\/index.php\/2021\/11\/23\/gunesimiz-sonmez-enerjimiz-bitmez\/","title":{"rendered":"&#8220;G\u00dcNE\u015e\u0130M\u0130Z S\u00d6NMEZ! ENERJ\u0130M\u0130Z B\u0130TMEZ!&#8221;"},"content":{"rendered":"<p>T\u00fcrkiye Makina M\u00fchendisleri Odas\u0131 (TMMO) Mersin \u015eubesi taraf\u0131ndan ulusal d\u00fczeyde\u00a0<br \/>\n\u201cG\u00fcne\u015f Enerjisi Sistemleri Sempozyumu ve Sergisi\u201d sekizinci kez ger\u00e7ekle\u015ftirilecek.<br \/>\nG\u00fcne\u015f enerjisiyle ilgili olarak \u00f6ncelikle fark\u0131ndal\u0131k yarat\u0131lmas\u0131, bilginin yayg\u0131nla\u015ft\u0131r\u0131lmas\u0131 ve yo\u011funla\u015ft\u0131r\u0131lmas\u0131, teknolojik yeniliklerin ve uygulamalar\u0131n \u00fclkemize kazand\u0131r\u0131lmas\u0131 ama\u00e7lar\u0131yla; 08-09 Kas\u0131m 2019 tarihlerinde Mersin\u2019de Yeni\u015fehir Belediyesi Atat\u00fcrk K\u00fclt\u00fcr Merkezi\u2019nde d\u00fczenlenecek.<\/p>\n<p>Y\u0131lda 300\u2019den fazla g\u00fcn\u00fcn g\u00fcne\u015fli ge\u00e7ti\u011fi Mersin\u2019de bug\u00fcne kadar TMMOB Makina M\u00fchendisleri Odas\u0131 (MMO) ad\u0131na, Mersin \u015eubesi taraf\u0131ndan, 1997 y\u0131l\u0131nda \u201cG\u00fcne\u015f Enerjisi Sistemleri\u201d konusunda, bir seminer, 2003, 2005, 2007, 2009, 2011, 2013 ve 2017 y\u0131llar\u0131nda da \u201cG\u00fcne\u015f Enerjisi Sistemleri Sempozyumu ve Sergisi\u201d ad\u0131 alt\u0131nda, yedi sempozyum d\u00fczenlenmi\u015ftir.<br \/>\nMMO taraf\u0131ndan Mersin \u015eube sekretarya\u2019l\u0131\u011f\u0131nda sekizincisi d\u00fczenlenecek olan Sempozyum ve Sergide ama\u00e7, \u00f6zellikle y\u0131lda ortalama 1311 kWh\/m2 \u0131\u015f\u0131n\u0131m alan \u00fclkemizde, g\u00fcne\u015f enerjisinin kullan\u0131m alanlar\u0131n\u0131n yayg\u0131nla\u015fmas\u0131n\u0131 sa\u011flayacak uygulamalar\u0131 tan\u0131tmak, yerli ve yeni teknolojilerin \u00fclkemizde \u00fcretimini ve kullan\u0131lmas\u0131n\u0131 sa\u011flamakt\u0131r.<br \/>\n\u00d6ncelikle fark\u0131ndal\u0131k yaratmak, sonra bilgilendirmek ve bilin\u00e7lendirmek i\u00e7in; ilgili t\u00fcm taraflar\u0131n (uygulamaya y\u00f6nelik \u00e7al\u0131\u015fan kamu ve \u00f6zel sekt\u00f6r temsilcileri, yasal d\u00fczenlemelerin haz\u0131rlay\u0131c\u0131lar\u0131, yerel y\u00f6neticiler, ara\u015ft\u0131rmac\u0131lar ve akademisyenler) bir araya getirilmesi, zengin i\u00e7erikli tart\u0131\u015fmalar ve g\u00f6r\u00fc\u015f al\u0131\u015fveri\u015finin yap\u0131lmas\u0131, yerel y\u00f6netimlerin g\u00fcne\u015f enerjisi sistemleri uygulamalar\u0131n\u0131n artt\u0131r\u0131lmas\u0131 da hedeflenmektedir.<\/p>\n<p>&#8220;Enerjide d\u0131\u015fa ba\u011f\u0131ml\u0131l\u0131k art\u0131yor\u201d<\/p>\n<p>Sempozyumda yap\u0131lacak sunum ve tart\u0131\u015fmalardan elde edilecek \u00e7\u0131kt\u0131 ve sonu\u00e7lar, g\u00fcne\u015f enerjisi alan\u0131nda d\u00fcnyadaki yeni teknolojik geli\u015fmelerin tart\u0131\u015f\u0131lmas\u0131, g\u00fcnl\u00fck ya\u015fama indirgenmesi ve en son uygulamalar konusunda \u00fclkemizde bilgi birikiminin yayg\u0131nla\u015fmas\u0131 ve derinle\u015fmesiyle; odalar\u0131n\u0131n bilimi ve teknolojiyi halk\u0131n hizmetine sunma g\u00f6revi do\u011frultusunda sinerji yarataca\u011f\u0131n\u0131 belirten Makina M\u00fchendisleri Odas\u0131 Mersin \u015eubesi Y\u00f6netim Kurulu Ba\u015fkan\u0131 Akar T\u00dcL\u00dcC\u00dc, &#8220;\u00dclkemizin enerji alan\u0131nda d\u0131\u015fa ba\u011f\u0131ml\u0131l\u0131\u011f\u0131 giderek artmaktad\u0131r. Odam\u0131z do\u011fal, s\u00fcrd\u00fcr\u00fclebilir, yenilenebilir enerji kaynaklar\u0131n\u0131n kullan\u0131m\u0131 ile bu stratejik alanda ba\u011f\u0131ml\u0131l\u0131\u011f\u0131m\u0131z\u0131 azaltman\u0131n, enerji girdileri ithalat\u0131na \u00f6dedi\u011fimiz y\u00fcksek bedellerin azalt\u0131lmas\u0131n\u0131n m\u00fcmk\u00fcn oldu\u011fu d\u00fc\u015f\u00fcncesindedir.<br \/>\nEnerji sekt\u00f6r\u00fcnde temel ve \u00f6ncelikli ad\u0131m, enerjiyi verimli kullanmakt\u0131r. \u0130kinci ad\u0131m ise, yenilenebilir enerji kaynaklar\u0131n\u0131n, en h\u0131zl\u0131 ve verimli \u015fekilde, kamusal planlama ve kamusal denetim alt\u0131nda, kamu ve \u00fclke \u00e7\u0131karlar\u0131 korunarak devreye sokulmas\u0131d\u0131r.<br \/>\nTemiz ve yenilenebilir enerji kaynaklar\u0131n\u0131n ba\u015f\u0131nda g\u00fcne\u015f enerjisi yer almaktad\u0131r. G\u00fcne\u015fin milyarlarca y\u0131ld\u0131r d\u00fcnyadaki b\u00fct\u00fcn ya\u015fam\u0131n tek kayna\u011f\u0131 oldu\u011fu, bug\u00fcn g\u00fcne\u015f enerjisinin d\u00fcnyam\u0131z\u0131 yo\u011funla\u015fan \u00e7evre sorunlar\u0131yla ve k\u00fcresel \u0131s\u0131nma sorunlar\u0131yla kar\u015f\u0131 kar\u015f\u0131ya getiren fosil yak\u0131tlara alternatif olacak g\u00fcce eri\u015fti\u011fi ger\u00e7ektir.\u201d a\u00e7\u0131klamas\u0131nda bulundu.\u00a0<\/p>\n<p>&#8220;G\u00fcne\u015fe dikkat \u00e7ekmek i\u00e7in&#8230;&#8221;\u00a0<\/p>\n<p>G\u00fcne\u015f enerjisi sistemlerine \u00f6rnek olu\u015fturmak ve kullan\u0131m\u0131n\u0131 yayg\u0131nla\u015ft\u0131rmak amac\u0131yla Mersin\u2019de birinci etab\u0131 tamamlanan ve kullan\u0131lmaya ba\u015flanan G\u00fcne\u015f Park Enerji Kompleksi Fosil Yak\u0131tlar\u0131n yerine yerli ve yenilenebilir enerji kaynaklar\u0131n\u0131n kullan\u0131lmas\u0131na \u00f6rnek te\u015fkil etti\u011fini s\u00f6yleyen T\u00fcl\u00fcc\u00fc, &#8220;T\u00fcrkiye&#8217;nin ilk ve tek uygulamal\u0131 enerji kompleksi olan G\u00fcne\u015f park; halk\u0131m\u0131za ve \u00f6\u011frencilerimize enerji \u00fcretimi, uygulamalar\u0131 ve kullan\u0131m alanlar\u0131 hakk\u0131nda uygulamal\u0131 ve g\u00f6rsel e\u011fitimler verilerek gelecek nesillere temiz enerjinin \u00f6nemi aktar\u0131lmaktad\u0131r.<br \/>\nTMMOB Makina M\u00fchendisleri Odas\u0131, \u00fclke kaynaklar\u0131n\u0131n ve teknolojinin, halk\u0131m\u0131z\u0131n ve \u00fclkemizin \u00e7\u0131karlar\u0131 do\u011frultusunda kullan\u0131m\u0131n\u0131 savunmaktad\u0131r. Mesle\u011fimizle ilgili alanlarda meydana gelen bilimsel ve teknolojik geli\u015fmelerin, yeni uygulamalar\u0131n tan\u0131t\u0131lmas\u0131n\u0131n yan\u0131 s\u0131ra, altyap\u0131daki ve yasalardaki sorunlar\u0131yla birlikte ele al\u0131nmas\u0131 odam\u0131z\u0131n sorumluluklar\u0131 aras\u0131ndad\u0131r. Odam\u0131z Mersin\u2019de d\u00fczenlenecek bu sempozyum ve sergi ile ge\u00e7mi\u015f y\u0131llarda oldu\u011fu gibi, t\u00fcm sekt\u00f6r temsilcilerini, akademisyenleri, ara\u015ft\u0131rmac\u0131lar\u0131, uzmanlar\u0131, yasal mevzuat haz\u0131rlay\u0131c\u0131lar\u0131n\u0131 ve ilgili kamu ve \u00f6zel sekt\u00f6r kurum yetkililerini bir araya getirerek, bu sorumlulu\u011funu halk\u0131m\u0131z\u0131n \u00e7\u0131karlar\u0131 do\u011frultusunda yerine getirecektir. 8. G\u00fcne\u015f Enerjisi Sistemleri Sempozyumu ve Sergisinin haz\u0131rlanmas\u0131nda eme\u011fi ge\u00e7en herkese sizin arac\u0131l\u0131\u011f\u0131n\u0131zla ve bu \u00e7al\u0131\u015fmam\u0131z\u0131n kamuoyu ile payla\u015f\u0131lmas\u0131 konusunda sizlere de verdi\u011finiz destek i\u00e7in, \u00e7ok te\u015fekk\u00fcr ediyoruz.&#8221; diyerek t\u00fcm halk\u0131 ve ilgilileri bir kez daha G\u00fcne\u015f\u2019e dikkat \u00e7ekmek i\u00e7in Sempozyum ve Sergiye kat\u0131lmaya davet etti.<\/p>\n<p>MEHMET \u00d6ZCAN<\/p>\n","protected":false},"excerpt":{"rendered":"<p>T\u00fcrkiye Makina M\u00fchendisleri Odas\u0131 (TMMO) Mersin \u015eubesi taraf\u0131ndan ulusal d\u00fczeyde\u00a0 \u201cG\u00fcne\u015f Enerjisi Sistemleri Sempozyumu ve Sergisi\u201d sekizinci kez ger\u00e7ekle\u015ftirilecek. G\u00fcne\u015f enerjisiyle ilgili olarak \u00f6ncelikle fark\u0131ndal\u0131k yarat\u0131lmas\u0131, bilginin yayg\u0131nla\u015ft\u0131r\u0131lmas\u0131 ve yo\u011funla\u015ft\u0131r\u0131lmas\u0131, teknolojik yeniliklerin ve uygulamalar\u0131n \u00fclkemize kazand\u0131r\u0131lmas\u0131 ama\u00e7lar\u0131yla; 08-09 Kas\u0131m 2019 tarihlerinde Mersin\u2019de Yeni\u015fehir Belediyesi Atat\u00fcrk K\u00fclt\u00fcr Merkezi\u2019nde d\u00fczenlenecek. Y\u0131lda 300\u2019den fazla g\u00fcn\u00fcn g\u00fcne\u015fli ge\u00e7ti\u011fi Mersin\u2019de [&hellip;]<\/p>\n","protected":false},"author":2,"featured_media":0,"comment_status":"open","ping_status":"open","sticky":false,"template":"","format":"standard","meta":{"footnotes":""},"categories":[],"tags":[],"class_list":["post-4834","post","type-post","status-publish","format-standard","hentry"],"views":28,"_links":{"self":[{"href":"https:\/\/mersingazetesi.com\/index.php\/wp-json\/wp\/v2\/posts\/4834","targetHints":{"allow":["GET"]}}],"collection":[{"href":"https:\/\/mersingazetesi.com\/index.php\/wp-json\/wp\/v2\/posts"}],"about":[{"href":"https:\/\/mersingazetesi.com\/index.php\/wp-json\/wp\/v2\/types\/post"}],"author":[{"embeddable":true,"href":"https:\/\/mersingazetesi.com\/index.php\/wp-json\/wp\/v2\/users\/2"}],"replies":[{"embeddable":true,"href":"https:\/\/mersingazetesi.com\/index.php\/wp-json\/wp\/v2\/comments?post=4834"}],"version-history":[{"count":0,"href":"https:\/\/mersingazetesi.com\/index.php\/wp-json\/wp\/v2\/posts\/4834\/revisions"}],"wp:attachment":[{"href":"https:\/\/mersingazetesi.com\/index.php\/wp-json\/wp\/v2\/media?parent=4834"}],"wp:term":[{"taxonomy":"category","embeddable":true,"href":"https:\/\/mersingazetesi.com\/index.php\/wp-json\/wp\/v2\/categories?post=4834"},{"taxonomy":"post_tag","embeddable":true,"href":"https:\/\/mersingazetesi.com\/index.php\/wp-json\/wp\/v2\/tags?post=4834"}],"curies":[{"name":"wp","href":"https:\/\/api.w.org\/{rel}","templated":true}]}}