{"id":4833,"date":"2021-11-23T11:53:29","date_gmt":"2021-11-23T08:53:29","guid":{"rendered":"http:\/\/mersin.mesiad.org\/index.php\/2021\/11\/23\/mersin-narenciye-festivaline-hazir\/"},"modified":"2021-11-23T11:53:29","modified_gmt":"2021-11-23T08:53:29","slug":"mersin-narenciye-festivaline-hazir","status":"publish","type":"post","link":"https:\/\/mersingazetesi.com\/index.php\/2021\/11\/23\/mersin-narenciye-festivaline-hazir\/","title":{"rendered":"Mersin Narenciye Festivali\u2019ne haz\u0131r"},"content":{"rendered":"<p>Bu y\u0131l 7.&#8217;si ger\u00e7ekle\u015ftirilecek olan Uluslararas\u0131 Mersin Narenciye Festivali yar\u0131n ba\u015fl\u0131yor. Festival i\u00e7in yabanc\u0131 \u00fclkelerden gelen dans gruplar\u0131, Mersin B\u00fcy\u00fck\u015fehir Belediyesi \u00f6n\u00fcnde g\u00f6steri yapt\u0131. Renkli g\u00f6r\u00fcnt\u00fclerin olu\u015ftu\u011fu g\u00f6sterilere, vatanda\u015flar yo\u011fun ilgi g\u00f6sterdi.\u00a0<br \/>\nMersin\u2019de \u00fcretilen narenciye \u00fcr\u00fcnlerini b\u00fct\u00fcn d\u00fcnyaya tan\u0131tmak, narenciye meyvelerinin t\u00fcketiminin yan\u0131 s\u0131ra marka de\u011ferini artt\u0131rmak amac\u0131yla bu y\u0131l 7\u2019incisi d\u00fczenlenen Uluslararas\u0131 Mersin Narenciye Festivali, yar\u0131n ba\u015fl\u0131yor. Kentte, 2-3 Kas\u0131m tarihlerinde merkez Mezitli il\u00e7esi Adnan Menderes Bulvar\u0131 \u00fczerindeki K\u00fclt\u00fcr Park\u2019ta 70 d\u00f6n\u00fcml\u00fck alanda ger\u00e7ekle\u015ftirilecek festivalin heyecan\u0131 ya\u015fan\u0131rken, haz\u0131rl\u0131klar da tamamland\u0131. Festivalde bu y\u0131l 25 \u00fclkeden 700 g\u00f6steri sanat\u00e7\u0131s\u0131 yer alacak. Festival tan\u0131t\u0131m korteji de \u015fehir turuna devam ediyor. Narenciye \u00fcr\u00fcnleriyle olu\u015fturulan ve birbirinden renkli fig\u00fcrleri ta\u015f\u0131yan konvoy ve dans gruplar\u0131, g\u00f6sterilerine Atat\u00fcrk Caddesi \u00fczerinde devam etti. Dans gruplar\u0131n\u0131n g\u00f6sterileri e\u015fli\u011finde Mersin B\u00fcy\u00fck\u015fehir Belediyesi \u00f6n\u00fcne kadar y\u00fcr\u00fcy\u00fc\u015f yapan kortej, renkli g\u00f6r\u00fcnt\u00fcler olu\u015fturdu. Belediye binas\u0131 \u00f6n\u00fcnde her \u00fclkeden gelen dans gruplar\u0131 k\u0131sa g\u00f6steriler sunarken, b\u00fcy\u00fck be\u011feni toplad\u0131. \u00d6zellikle Meksika ve Azerbaycan&#8217;dan gelen dans gruplar\u0131 b\u00fcy\u00fck alk\u0131\u015f al\u0131rken, vatanda\u015flar da g\u00f6sterilere yo\u011fun ilgi g\u00f6sterdi.\u00a0<br \/>\nFestival yar\u0131n saat 11.00\u2019de yap\u0131lacak a\u00e7\u0131l\u0131\u015f konu\u015fmalar\u0131 ve kortej y\u00fcr\u00fcy\u00fc\u015f\u00fcyle ba\u015flayacak.\u00a0<\/p>\n<p>Emniyetten festival alan\u0131 i\u00e7in park uyar\u0131s\u0131\u00a0<\/p>\n<p>Mersin Emniyet M\u00fcd\u00fcrl\u00fc\u011f\u00fc, 1-3 Kas\u0131m tarihleri aras\u0131nda yap\u0131lacak olan Uluslararas\u0131 Narenciye Festivali nedeniyle ara\u00e7 s\u00fcr\u00fcc\u00fclerini festival alan\u0131 b\u00f6lgesine ara\u00e7lar\u0131n\u0131 park etmemeleri konusunda uyard\u0131.\u00a0<br \/>\nMersin Emniyet M\u00fcd\u00fcrl\u00fc\u011f\u00fc&#8217;nden konuya ili\u015fkin yap\u0131lan a\u00e7\u0131klamada, kentte 1-3 Kas\u0131m tarihlerine aras\u0131nda narenciye festivali ger\u00e7ekle\u015ftirilece\u011fi hat\u0131rlat\u0131larak, &#8220;Festival ile ilgili al\u0131nacak trafik tedbirleri kapsam\u0131nda, Adnan Menderes Bulvar\u0131, PTT alt kav\u015fa\u011f\u0131 ile Babil \u0131\u015f\u0131kl\u0131 alt kav\u015fa\u011f\u0131 aras\u0131nda, 1 Kas\u0131m Cuma g\u00fcn\u00fc saat 22.00\u2019den festival etkinlikleri sona erinceye kadar belirtilen alana ara\u00e7lar\u0131n park edilmemesi gerekmektedir. Aksi takdirde ara\u00e7lar g\u00fcvenlik a\u00e7\u0131s\u0131ndan \u00e7ekici marifetiyle otoparka kald\u0131r\u0131lacakt\u0131r&#8221; denildi.\u00a0<\/p>\n<p>\u0130HA<\/p>\n","protected":false},"excerpt":{"rendered":"<p>Festival i\u00e7in yabanc\u0131 \u00fclkelerden gelen dans gruplar\u0131, Mersin B\u00fcy\u00fck\u015fehir Belediyesi \u00f6n\u00fcnde g\u00f6steri yapt\u0131. Renkli g\u00f6r\u00fcnt\u00fclerin olu\u015ftu\u011fu g\u00f6sterilere, vatanda\u015flar yo\u011fun ilgi g\u00f6sterdi.<\/p>\n","protected":false},"author":2,"featured_media":0,"comment_status":"open","ping_status":"open","sticky":false,"template":"","format":"standard","meta":{"footnotes":""},"categories":[],"tags":[],"class_list":["post-4833","post","type-post","status-publish","format-standard","hentry"],"views":18,"_links":{"self":[{"href":"https:\/\/mersingazetesi.com\/index.php\/wp-json\/wp\/v2\/posts\/4833","targetHints":{"allow":["GET"]}}],"collection":[{"href":"https:\/\/mersingazetesi.com\/index.php\/wp-json\/wp\/v2\/posts"}],"about":[{"href":"https:\/\/mersingazetesi.com\/index.php\/wp-json\/wp\/v2\/types\/post"}],"author":[{"embeddable":true,"href":"https:\/\/mersingazetesi.com\/index.php\/wp-json\/wp\/v2\/users\/2"}],"replies":[{"embeddable":true,"href":"https:\/\/mersingazetesi.com\/index.php\/wp-json\/wp\/v2\/comments?post=4833"}],"version-history":[{"count":0,"href":"https:\/\/mersingazetesi.com\/index.php\/wp-json\/wp\/v2\/posts\/4833\/revisions"}],"wp:attachment":[{"href":"https:\/\/mersingazetesi.com\/index.php\/wp-json\/wp\/v2\/media?parent=4833"}],"wp:term":[{"taxonomy":"category","embeddable":true,"href":"https:\/\/mersingazetesi.com\/index.php\/wp-json\/wp\/v2\/categories?post=4833"},{"taxonomy":"post_tag","embeddable":true,"href":"https:\/\/mersingazetesi.com\/index.php\/wp-json\/wp\/v2\/tags?post=4833"}],"curies":[{"name":"wp","href":"https:\/\/api.w.org\/{rel}","templated":true}]}}