{"id":4810,"date":"2021-11-23T11:53:28","date_gmt":"2021-11-23T08:53:28","guid":{"rendered":"http:\/\/mersin.mesiad.org\/index.php\/2021\/11\/23\/mersinde-cumhuriyet-coskusu\/"},"modified":"2021-11-23T11:53:28","modified_gmt":"2021-11-23T08:53:28","slug":"mersinde-cumhuriyet-coskusu","status":"publish","type":"post","link":"https:\/\/mersingazetesi.com\/index.php\/2021\/11\/23\/mersinde-cumhuriyet-coskusu\/","title":{"rendered":"MERS\u0130N\u2019DE CUMHUR\u0130YET CO\u015eKUSU"},"content":{"rendered":"<p>Mersin\u2019de Cumhuriyet Bayram\u0131 co\u015fkuyla kutland\u0131. Cumhuriyetin kurulu\u015funun 96\u2019nc\u0131 y\u0131l d\u00f6n\u00fcm\u00fc kutlamalar\u0131na kat\u0131lan Mersinliler, bayraklar ve alk\u0131\u015flarla cumhuriyet co\u015fkusu ya\u015fad\u0131.\u00a0<br \/>\nMersin\u2019de Cumhuriyet Bayram\u0131 kutlamalar\u0131, Mersin Valisi Say\u0131n Ali \u0130hsan Su\u2019nun, sabah saat 9.30\u2019da K\u00fclt\u00fcr Merkezi \u015eeref Salonunda tebrikleri kabul\u00fcyle ba\u015flad\u0131. Akdeniz B\u00f6lge ve Garnizon Komutan\u0131 Tu\u011famiral Ercan Kire\u00e7tepe ve Mersin B\u00fcy\u00fck\u015fehir Belediye Ba\u015fkan\u0131 Vahap Se\u00e7er ile kent protokol\u00fc, siyasi partiler, askeri erkan ve sivil toplum \u00f6rg\u00fctlerinin temsilcilerinin kat\u0131ld\u0131\u011f\u0131 tebrik t\u00f6reninin ard\u0131ndan kutlamalar Cumhuriyet Meydan\u0131nda devam etti. Buradaki t\u00f6rene vatanda\u015flar ve \u00f6\u011frenciler kat\u0131ld\u0131.\u00a0<\/p>\n<p>\u201cCumhuriyetimiz, bu u\u011furda nice evlatlar\u0131n\u0131 \u015fehit vermi\u015f bir milletin ortak eseri olarak do\u011fmu\u015ftur\u201d\u00a0<br \/>\nT\u00f6rende Vali Su, Tu\u011famiral Kire\u00e7tepe ve Ba\u015fkan Se\u00e7er ile birlikte meydanda bulunanlar\u0131n bayram\u0131n\u0131 kutlad\u0131. \u0130stiklal Mar\u015f\u0131n\u0131n okunmas\u0131n\u0131n ard\u0131ndan g\u00fcn\u00fcn anlam\u0131na ili\u015fkin konu\u015fma yapan Vali Su, Cumhuriyetin ilan\u0131n\u0131 b\u00fcy\u00fck bir co\u015fku ve gurur i\u00e7inde kutlad\u0131klar\u0131n\u0131 s\u00f6yledi. Su, \u201cBug\u00fcn millet olarak \u015fanl\u0131 tarihimizin \u00e7ok \u00f6nemli bir d\u00f6n\u00fcm noktas\u0131n\u0131, cumhuriyetimizin ilan\u0131n\u0131n 96\u2019nc\u0131 y\u0131l d\u00f6n\u00fcm\u00fcn\u00fc hep birlikte co\u015fkuyla kutluyoruz. Cumhuriyetimiz, t\u00fcrl\u00fc yoksunluklar ve imkans\u0131zl\u0131klar i\u00e7erisinde vatan\u0131 i\u00e7in m\u00fccadele eden, bu u\u011furda nice evlatlar\u0131n\u0131 \u015fehit vermi\u015f bir milletin ortak eseri olarak do\u011fmu\u015ftur. T\u00fcrkiye Cumhuriyeti, as\u0131rlard\u0131r ba\u011f\u0131ms\u0131zl\u0131\u011f\u0131ndan ve onurundan taviz vermektense \u00f6lmeyi tercih eden asil bir milletin \u015fahlan\u0131\u015f\u0131n\u0131n, k\u00fcllerinden yeniden do\u011fu\u015funun sembol\u00fcd\u00fcr. Gazi Mustafa Kemal Atat\u00fcrk\u2019\u00fcn \u00f6nderli\u011finde kenetlenen milletimiz, 29 Ekim 1923\u2019te iradesine asla zincir vurulamayaca\u011f\u0131n\u0131, kendi kaderi \u00fczerinde hi\u00e7 kimsenin s\u00f6z sahibi olamayaca\u011f\u0131n\u0131 en g\u00fc\u00e7l\u00fc \u015fekilde t\u00fcm d\u00fcnyaya ilan etmi\u015ftir. Kurtulu\u015f Sava\u015f\u0131n\u0131 zafere ta\u015f\u0131yan, cumhuriyetimize hayat veren bu ruh, 96 y\u0131l \u00f6nce oldu\u011fu gibi bug\u00fcn de bin y\u0131ld\u0131r yurdumuz olan kutsal vatan\u0131m\u0131zda parlayan T\u00fcrkiye Cumhuriyeti\u2019nin t\u00fcm vatanda\u015flar\u0131n\u0131n \u015fahs\u0131nda dimdik ayaktad\u0131r. En \u00f6nemli hasletlerinden olan ba\u011f\u0131ms\u0131zl\u0131k karakterini her \u015fart alt\u0131nda her zaman g\u00f6steren b\u00f6yle asil, b\u00f6yle kahraman bir milletin mensubu olmaktan gurur duyuyoruz\u201d dedi.\u00a0<br \/>\nT\u00fcrkiye Cumhuriyetini sonsuza kadar ya\u015fatmak, \u00fclkenin k\u00fcresel \u00f6l\u00e7ekteki y\u00fckseli\u015fini daha ileri noktalara ta\u015f\u0131mak, milleti \u00e7a\u011fda\u015f medeniyet seviyesinin \u00fczerine \u00e7\u0131karmak i\u00e7in gece g\u00fcnd\u00fcz demeden var g\u00fc\u00e7leriyle \u00e7al\u0131\u015fmay\u0131 s\u00fcrd\u00fcreceklerini vurgulayan Su, \u201cCumhuriyetimizi ald\u0131\u011f\u0131m\u0131z noktadan daha ileri seviyelere ta\u015f\u0131y\u0131p, gelece\u011fimizin teminat\u0131 olan \u00e7ocuklar\u0131m\u0131za emanet etmek i\u00e7in bu b\u00fcy\u00fck milletin her bir ferdi olarak \u00fczerimize d\u00fc\u015fen sorumlulu\u011fu hakk\u0131yla yerine getirece\u011fiz. Millet olarak bug\u00fcn b\u00fcy\u00fck bir gurur ve co\u015fkuyu ya\u015famam\u0131z\u0131 sa\u011flayan cumhuriyetimizin kurucusu B\u00fcy\u00fck \u00d6nder Atat\u00fcrk ba\u015fta olmak \u00fczere bu topraklar\u0131 bizlere sonsuza dek vatan kalan aziz \u015fehitlerimizi sonsuz minnet ve rahmetle an\u0131yor, kahraman gazilerimize \u015f\u00fckranlar\u0131m\u0131 sunuyorum. Bug\u00fcn 96\u2019nc\u0131 ya\u015f\u0131n\u0131 kutlad\u0131\u011f\u0131m\u0131z cumhuriyetimizin kurulu\u015f y\u0131l d\u00f6n\u00fcm\u00fcnde Mersinli hem\u015fehrilerimin ve t\u00fcm vatanda\u015flar\u0131m\u0131z\u0131n Cumhuriyet Bayram\u0131n\u0131 en i\u00e7ten duygularla kutluyorum\u201d diye konu\u015ftu.\u00a0<br \/>\nDaha sonra \u00f6\u011frencilerin okudu\u011fu \u015fiirler ve halk oyunlar\u0131 g\u00f6sterileri ile devam eden t\u00f6ren, resmi ge\u00e7itle sona erdi.\u00a0<\/p>\n<p>\u0130HA<\/p>\n","protected":false},"excerpt":{"rendered":"<p>T\u00fcrk Bayra\u011f\u0131 g\u00f6ndere \u00e7ekilirken, sayg\u0131 duru\u015funda bulunulmamas\u0131 tepki \u00e7ekerken, vatanda\u015flar\u0131 Ba\u015fkan Se\u00e7er sakinle\u015ftirdi.<\/p>\n","protected":false},"author":2,"featured_media":0,"comment_status":"open","ping_status":"open","sticky":false,"template":"","format":"standard","meta":{"footnotes":""},"categories":[],"tags":[],"class_list":["post-4810","post","type-post","status-publish","format-standard","hentry"],"views":20,"_links":{"self":[{"href":"https:\/\/mersingazetesi.com\/index.php\/wp-json\/wp\/v2\/posts\/4810","targetHints":{"allow":["GET"]}}],"collection":[{"href":"https:\/\/mersingazetesi.com\/index.php\/wp-json\/wp\/v2\/posts"}],"about":[{"href":"https:\/\/mersingazetesi.com\/index.php\/wp-json\/wp\/v2\/types\/post"}],"author":[{"embeddable":true,"href":"https:\/\/mersingazetesi.com\/index.php\/wp-json\/wp\/v2\/users\/2"}],"replies":[{"embeddable":true,"href":"https:\/\/mersingazetesi.com\/index.php\/wp-json\/wp\/v2\/comments?post=4810"}],"version-history":[{"count":0,"href":"https:\/\/mersingazetesi.com\/index.php\/wp-json\/wp\/v2\/posts\/4810\/revisions"}],"wp:attachment":[{"href":"https:\/\/mersingazetesi.com\/index.php\/wp-json\/wp\/v2\/media?parent=4810"}],"wp:term":[{"taxonomy":"category","embeddable":true,"href":"https:\/\/mersingazetesi.com\/index.php\/wp-json\/wp\/v2\/categories?post=4810"},{"taxonomy":"post_tag","embeddable":true,"href":"https:\/\/mersingazetesi.com\/index.php\/wp-json\/wp\/v2\/tags?post=4810"}],"curies":[{"name":"wp","href":"https:\/\/api.w.org\/{rel}","templated":true}]}}