{"id":4809,"date":"2021-11-23T11:53:28","date_gmt":"2021-11-23T08:53:28","guid":{"rendered":"http:\/\/mersin.mesiad.org\/index.php\/2021\/11\/23\/bagdadi-icin-eylem-hazirliginda-olan-5-supheli-yakalandi\/"},"modified":"2021-11-23T11:53:28","modified_gmt":"2021-11-23T08:53:28","slug":"bagdadi-icin-eylem-hazirliginda-olan-5-supheli-yakalandi","status":"publish","type":"post","link":"https:\/\/mersingazetesi.com\/index.php\/2021\/11\/23\/bagdadi-icin-eylem-hazirliginda-olan-5-supheli-yakalandi\/","title":{"rendered":"Ba\u011fdadi i\u00e7in eylem  haz\u0131rl\u0131\u011f\u0131nda  olan 5 \u015f\u00fcpheli yakaland\u0131"},"content":{"rendered":"<p>Mersin\u2019de, ter\u00f6rle m\u00fccadele ekiplerinin sabaha kar\u015f\u0131 d\u00fczenledikleri operasyonda, \u0130dlib\u2019de \u00f6ld\u00fcr\u00fcld\u00fc\u011f\u00fc a\u00e7\u0131klanan DEA\u015e lideri Ebubekir el Ba\u011fdadi i\u00e7in eylem haz\u0131rl\u0131\u011f\u0131 yapt\u0131klar\u0131 belirlenen 5 \u015f\u00fcpheli yakaland\u0131.\u00a0<br \/>\nMersin Emniyet M\u00fcd\u00fcrl\u00fc\u011f\u00fcnden yap\u0131lan yaz\u0131l\u0131 a\u00e7\u0131klamaya g\u00f6re, Ter\u00f6rle M\u00fccadele \u015eube M\u00fcd\u00fcrl\u00fc\u011f\u00fc (TEM) ekipleri, DEA\u015e silahl\u0131 ter\u00f6r \u00f6rg\u00fct\u00fcn\u00fcn Mersin\u2019deki eylem ve faaliyetlerinin de\u015fifre edilmesine y\u00f6nelik olarak 4\u2019\u00fc Suriye uyruklu, 1\u2019i T\u00fcrk vatanda\u015f\u0131 olmak 5 \u015f\u00fcpheliyi yakalamak i\u00e7in Mersin merkez ile Tarsus ve Bozyaz\u0131 il\u00e7elerinde e\u015f zamanl\u0131 operasyon d\u00fczenledi. Sabaha kar\u015f\u0131 ger\u00e7ekle\u015ftirilen operasyonlarda, 3\u2019\u00fc il merkezinde, biri Tarsus\u2019ta, biri de Bozyaz\u0131\u2019da olmak \u00fczere 5 \u015f\u00fcphelinin tamam\u0131 yakalanarak g\u00f6zalt\u0131na al\u0131nd\u0131.\u00a0<br \/>\n\u015e\u00fcphelilerin ikametlerde yap\u0131lan aramalarda dijital malzemelere el konulurken, Y.O. isimli \u015fahs\u0131n evinde 23 adet 9 mm MKE yap\u0131m\u0131 dolu fi\u015fek ele ge\u00e7irildi.\u00a0<br \/>\nOperasyonlarda yakalanan \u015f\u00fcphelilerin, ABD\u2019nin \u0130dlib\u2019de hafta sonunda d\u00fczenledi\u011fi operasyonda \u00f6ld\u00fcr\u00fclen DEA\u015e lideri Ebubekir el Ba\u011fdadi i\u00e7in eylem haz\u0131rl\u0131\u011f\u0131 yapt\u0131klar\u0131 bilgisi \u00fczerine ger\u00e7ekle\u015ftirildi\u011fi \u00f6\u011frenildi. \u00a0(\u0130HA)\u00a0<\/p>\n<p>\u0130HA<\/p>\n","protected":false},"excerpt":{"rendered":"<p>Mersin\u2019de, ter\u00f6rle m\u00fccadele ekiplerinin sabaha kar\u015f\u0131 d\u00fczenledikleri operasyonda, \u0130dlib\u2019de \u00f6ld\u00fcr\u00fcld\u00fc\u011f\u00fc a\u00e7\u0131klanan DEA\u015e lideri Ebubekir el Ba\u011fdadi i\u00e7in eylem haz\u0131rl\u0131\u011f\u0131 yapt\u0131klar\u0131 belirlenen 5 \u015f\u00fcpheli yakaland\u0131.\u00a0 Mersin Emniyet M\u00fcd\u00fcrl\u00fc\u011f\u00fcnden yap\u0131lan yaz\u0131l\u0131 a\u00e7\u0131klamaya g\u00f6re, Ter\u00f6rle M\u00fccadele \u015eube M\u00fcd\u00fcrl\u00fc\u011f\u00fc (TEM) ekipleri, DEA\u015e silahl\u0131 ter\u00f6r \u00f6rg\u00fct\u00fcn\u00fcn Mersin\u2019deki eylem ve faaliyetlerinin de\u015fifre edilmesine y\u00f6nelik olarak 4\u2019\u00fc Suriye uyruklu, 1\u2019i T\u00fcrk vatanda\u015f\u0131 [&hellip;]<\/p>\n","protected":false},"author":2,"featured_media":0,"comment_status":"open","ping_status":"open","sticky":false,"template":"","format":"standard","meta":{"footnotes":""},"categories":[],"tags":[],"class_list":["post-4809","post","type-post","status-publish","format-standard","hentry"],"views":20,"_links":{"self":[{"href":"https:\/\/mersingazetesi.com\/index.php\/wp-json\/wp\/v2\/posts\/4809","targetHints":{"allow":["GET"]}}],"collection":[{"href":"https:\/\/mersingazetesi.com\/index.php\/wp-json\/wp\/v2\/posts"}],"about":[{"href":"https:\/\/mersingazetesi.com\/index.php\/wp-json\/wp\/v2\/types\/post"}],"author":[{"embeddable":true,"href":"https:\/\/mersingazetesi.com\/index.php\/wp-json\/wp\/v2\/users\/2"}],"replies":[{"embeddable":true,"href":"https:\/\/mersingazetesi.com\/index.php\/wp-json\/wp\/v2\/comments?post=4809"}],"version-history":[{"count":0,"href":"https:\/\/mersingazetesi.com\/index.php\/wp-json\/wp\/v2\/posts\/4809\/revisions"}],"wp:attachment":[{"href":"https:\/\/mersingazetesi.com\/index.php\/wp-json\/wp\/v2\/media?parent=4809"}],"wp:term":[{"taxonomy":"category","embeddable":true,"href":"https:\/\/mersingazetesi.com\/index.php\/wp-json\/wp\/v2\/categories?post=4809"},{"taxonomy":"post_tag","embeddable":true,"href":"https:\/\/mersingazetesi.com\/index.php\/wp-json\/wp\/v2\/tags?post=4809"}],"curies":[{"name":"wp","href":"https:\/\/api.w.org\/{rel}","templated":true}]}}