{"id":4787,"date":"2021-11-23T11:53:26","date_gmt":"2021-11-23T08:53:26","guid":{"rendered":"http:\/\/mersin.mesiad.org\/index.php\/2021\/11\/23\/100-ton-narenciyeyi-ilmik-ilmik-isliyorlar\/"},"modified":"2021-11-23T11:53:26","modified_gmt":"2021-11-23T08:53:26","slug":"100-ton-narenciyeyi-ilmik-ilmik-isliyorlar","status":"publish","type":"post","link":"https:\/\/mersingazetesi.com\/index.php\/2021\/11\/23\/100-ton-narenciyeyi-ilmik-ilmik-isliyorlar\/","title":{"rendered":"100 ton narenciyeyi ilmik ilmik i\u015fliyorlar"},"content":{"rendered":"<p>T\u00fcrkiye\u2019nin narenciye deposu Mersin\u2019de bu y\u0131l 7\u2019incisi ger\u00e7ekle\u015ftirilecek Uluslararas\u0131 Mersin Narenciye Festivali&#8217;nde s\u00fcslemeler, 500 binin \u00fczerinde limon, portakal ve greyfurtla yap\u0131l\u0131yor. 10&#8217;u mobil 30 fig\u00fcr ile festival alan\u0131nda a\u011fa\u00e7 giydirmeleri dahil yap\u0131lacak t\u00fcm s\u00fcslemelerde kullan\u0131lacak 100 ton narenciye \u00fcr\u00fcn\u00fc, kad\u0131n i\u015f\u00e7iler taraf\u0131ndan kuyumcu edas\u0131yla ilmik ilmik i\u015fleniyor.\u00a0<br \/>\nMersin, 1-3 Kas\u0131m tarihleri aras\u0131nda d\u00fczenlenecek 7. Uluslararas\u0131 Mersin Narenciye Festivali&#8217;ne haz\u0131rlan\u0131yor. Kentte, merkez Yeni\u015fehir il\u00e7esi Adnan Menderes Bulvar\u0131 \u00fczerindeki K\u00fclt\u00fcr Parkta 70 d\u00f6n\u00fcml\u00fck alanda ger\u00e7ekle\u015ftirilecek festivalin heyecan\u0131 ya\u015fan\u0131rken, haz\u0131rl\u0131klar da t\u00fcm h\u0131z\u0131yla s\u00fcr\u00fcyor. \u00d6zellikle s\u00fcslemelerle sahil band\u0131 birbirinden g\u00fczel fig\u00fcrlerle sar\u0131-turuncu renge b\u00fcr\u00fcnmeye ba\u015flarken, y\u00fcz binlerce narenciye meyvesinden \u00f6zel lastiklerle yap\u0131lan ejderha, balina, ahtapot, denizalt\u0131, helikopter, maymun, u\u00e7ak, tren gibi fig\u00fcrler ortaya \u00e7\u0131kmaya ba\u015flad\u0131.\u00a0<br \/>\nGe\u00e7en hafta 10 mobil fig\u00fcr\u00fcn haz\u0131rlanmas\u0131yla ba\u015flayan s\u00fcslemeler, festival alan\u0131nda devam ediyor. Kasalarla sahile ta\u015f\u0131nan narenciye \u00fcr\u00fcnlerini, el eme\u011fi, g\u00f6z nuru ile \u00f6zel lastikler kullanarak i\u015fleyen kad\u0131n i\u015f\u00e7iler, hummal\u0131 bir \u00e7al\u0131\u015fmayla lgi \u00e7ekici fig\u00fcrleri ortaya \u00e7\u0131kar\u0131yor.\u00a0<br \/>\nMersin Ticaret Borsas\u0131 Ba\u015fkan\u0131 ve Festival \u0130cra Komitesi Ba\u015fkan\u0131 Abdullah \u00d6zdemir ve Mersin B\u00fcy\u00fck\u015fehir Belediye Ba\u015fkan\u0131 Vahap Se\u00e7er, Mersin Valili\u011fi ba\u015fta olmak \u00fczere 27 kurumun destekleriyle ger\u00e7ekle\u015ftirilecek 7. Uluslararas\u0131 Mersin Narenciye Festivali&#8217;nin haz\u0131rl\u0131klar\u0131na ili\u015fkin \u0130hlas Haber Ajans\u0131 (\u0130HA) muhabirine a\u00e7\u0131klama yapt\u0131.\u00a0<\/p>\n<p>&#8220;100 ton narenciyeyi kuyumcu titizli\u011fiyle fig\u00fcrlerimizin \u00fczerine tek tek i\u015fliyoruz&#8221;<br \/>\n\u00a0<br \/>\nT\u00fcrkiye\u2019nin yer yerinde meyve festivalleri yap\u0131ld\u0131\u011f\u0131na, Mersin\u2019de de narenciye festivali ger\u00e7ekle\u015ftirildi\u011fine i\u015faret eden Festival \u0130cra Komitesi Ba\u015fkan\u0131 \u00d6zdemir, \u201cBizim narenciye festivalimizin di\u011ferlerinden fark\u0131, \u00fcr\u00fcn\u00fcn kendisinin s\u00fcsleme arac\u0131 olarak kullan\u0131lmas\u0131. S\u00fcslemelerde, 100 ton portakal, greyfurt, limon kullan\u0131yoruz ki, bu 500 bin adet narenciye \u00fcr\u00fcn\u00fcne tekab\u00fcl ediyor. Biz bu \u00fcr\u00fcnleri, 10 mobil, 20 sabit fig\u00fcr\u00fcm\u00fcz\u00fcn \u00fczerine bir kuyumcu titizli\u011fiyle hepsini tek tek i\u015fliyoruz. Adeta bir z\u00fcmr\u00fct, bir p\u0131rlanta gibi meyveleri fig\u00fcrlere d\u00f6\u015f\u00fcyoruz. El eme\u011fi, g\u00f6z nuru, hayal g\u00fcc\u00fc, sanat var bu festivalde. Festival alan\u0131nda bulunan palmiye a\u011fa\u00e7lar\u0131m\u0131za da meyvelerle giydirme yap\u0131yoruz. 60-70 kad\u0131n i\u015f\u00e7imiz 3 hafta \u00f6ncesinden ba\u015fl\u0131yor s\u00fcslemelere. Fig\u00fcrlerin haz\u0131rlanmas\u0131nda 10 bin saatlik bir i\u015f g\u00fcc\u00fc s\u00fcresi s\u00f6z konusu\u201d dedi.\u00a0<br \/>\nS\u00fcslemeleri fens tellerinin \u00fczerine \u00f6zel lastikle i\u015flediklerini ve b\u00f6ylece bozulmalar\u0131n\u0131 \u00f6nlediklerini vurgulayan \u00d6zdemir, festival bitti\u011finde kullan\u0131lan t\u00fcm meyveleri dikkatli bir \u015fekilde s\u00f6kerek ihtiya\u00e7 sahiplerine ve halka da\u011f\u0131tt\u0131klar\u0131 bilgisini verdi.\u00a0<\/p>\n<p>\u201c25 \u00fclkeden 700 g\u00f6steri sanat\u00e7\u0131s\u0131, \u00fcnl\u00fc \u015fefler, yabanc\u0131 ressamlar gelecek\u201d<br \/>\n\u00a0<br \/>\nFestivalin i\u00e7eri\u011fine ili\u015fkin de bilgi veren \u00d6zdemir, 25 \u00fclkeden 700 yabanc\u0131 g\u00f6steri sanat\u00e7\u0131s\u0131n\u0131n festival i\u00e7in Mersin\u2019e gelece\u011fini ve bir hafta boyunca kentte g\u00f6steri yapaca\u011f\u0131n\u0131 s\u00f6yledi. Narenciye temal\u0131 defile ile satran\u00e7, foto\u011fraf, yelken ve beste yar\u0131\u015fmalar\u0131n\u0131n yap\u0131laca\u011f\u0131n\u0131 belirten \u00d6zdemir, \u201cAyr\u0131ca, bu y\u0131l ilk kez T\u00fcrkiye Su Jeti ve Flyboard \u015eampiyonas\u0131 ger\u00e7ekle\u015ftirece\u011fiz. Festival alan\u0131m\u0131zda 400\u2019e yak\u0131n stant var, bedava. Herkes burada stant a\u00e7\u0131yor. Narenciye lezzetli yeme\u011finden kekine, i\u00e7ece\u011fine, tatl\u0131s\u0131na kadar tan\u0131t\u0131m yapacak 5 y\u0131ld\u0131zl\u0131 otellerin \u015fefleri de Gastro Show\u2019da ayr\u0131 bir g\u00fczellik katacaklar festivalimize. Festival kapsam\u0131nda Ahmet Baran ve H\u00fcseyin Turan ile Gencer Sava\u015f Bandosu da konser verecek. Ayr\u0131ca, 20 \u00fclkeden gelecek sanat\u00e7\u0131larla birlikte iki ayr\u0131 ressam grubu, festival boyunca halka a\u00e7\u0131k alanda resim yapacak\u201d diye konu\u015ftu.\u00a0<\/p>\n<p>\u201cNarenciye sa\u011fl\u0131kt\u0131r, narenciye hayatt\u0131r\u201d<br \/>\n\u00a0<br \/>\nNarenciyenin Mersin i\u00e7in \u00e7ok \u00f6nemli bir \u00fcr\u00fcn oldu\u011funu vurgulayan \u00d6zdemir, T\u00fcrkiye\u2019de narenciyenin y\u00fczde 25\u2019inin Mersin\u2019de yeti\u015fti\u011fine dikkat \u00e7ekti. T\u00fcrkiye\u2019den yap\u0131lan narenciye ihracat\u0131n\u0131n y\u00fczde 37\u2019sinin de Mersin\u2019den ger\u00e7ekle\u015ftirildi\u011fini ifade eden \u00d6zdemir, \u015f\u00f6yle devam etti:\u00a0<br \/>\n\u201cMersin\u2019in yapt\u0131\u011f\u0131 ihracat\u0131n y\u00fczde 20\u2019si narenciye. T\u00fcrkiye\u2019nin ihra\u00e7 etti\u011fi meyvenin y\u00fczde 63\u2019\u00fc narenciye. Ayr\u0131ca, narenciye sa\u011fl\u0131k demek. Ayn\u0131 zamanda hem vitamin hem mineral deposu ve so\u011fuk alg\u0131nl\u0131\u011f\u0131ndan kansere kadar da bir\u00e7ok hastal\u0131\u011fa \u00f6nlem a\u00e7\u0131s\u0131ndan tesirli bir \u00fcr\u00fcn. Onun i\u00e7in \u2018narenciye sa\u011fl\u0131kt\u0131r, narenciye hayatt\u0131r\u2019 diyoruz.\u201d\u00a0<br \/>\n\u00d6ncelikle Mersinlilere, 2 bin 500 ki\u015filik festival kortejine kat\u0131lmalar\u0131 \u00e7a\u011fr\u0131s\u0131 yapan \u00d6zdemir, \u201cMersin, 3 g\u00fcn boyunca bir \u015fenlik ya\u015fayacak. Mersin\u2019in g\u00fclen y\u00fcz\u00fcn\u00fc, bu g\u00fczel havas\u0131n\u0131 herkese tan\u0131tmaya \u00e7al\u0131\u015f\u0131yoruz. \u2018Marka kent Mersin\u2019 olma yolunda bir ad\u0131m da bizden olsun diyoruz. 2 ve 3 Kas\u0131m\u2019da yapaca\u011f\u0131m\u0131z bu g\u00fczel festivalimize sadece Mersin\u2019den de\u011fil, t\u00fcm T\u00fcrkiye\u2019den ve d\u00fcnyadan herkesi \u00e7a\u011f\u0131r\u0131yoruz\u201d ifadelerini kulland\u0131.\u00a0<\/p>\n<p>\u201cM\u00fckemmel bir ortam haz\u0131rlamak istiyoruz\u201d<br \/>\n\u00a0<br \/>\nFestival alan\u0131nda incelemelerde bulunan ve s\u00fcsleme yapan i\u015f\u00e7ilerle sohbet eden B\u00fcy\u00fck\u015fehir Belediye Ba\u015fkan\u0131 Se\u00e7er ise g\u00fczel bir festival olmas\u0131n\u0131 istediklerini s\u00f6yledi. Bir\u00e7ok \u00fclkeden ve yurdun d\u00f6rt bir taraf\u0131ndan konuklar\u0131 a\u011f\u0131rlayacaklar\u0131n\u0131 belirten Se\u00e7er, \u201c\u0130nsanlar\u0131 burada bir araya getirece\u011fiz ve Mersin\u2019in g\u00fczellikleri, do\u011fas\u0131, k\u00fclt\u00fcr\u00fc, tarihi, insan dokusuyla bulu\u015fturaca\u011f\u0131z. Narenciye b\u00f6lgemizin \u00f6nemli \u00fcretim kalemi. Bir taraftan onun tan\u0131t\u0131m\u0131n\u0131 yapmak, bu b\u00f6lgenin narenciye \u00fcretimi a\u00e7\u0131s\u0131ndan \u00f6nemli bir b\u00f6lge oldu\u011funu vurgulamak; di\u011fer taraftan kentin tan\u0131t\u0131m\u0131na katk\u0131 yapmas\u0131, i\u00e7erdi\u011fi bir\u00e7ok tema ve vermek iste\u011fimiz mesaj a\u00e7\u0131s\u0131ndan bu festival \u00f6nemli\u201d dedi.\u00a0<br \/>\nB\u00fcy\u00fck\u015fehir Belediyesi olarak haz\u0131rl\u0131klar\u0131n\u0131 yapmaya devam ettiklerini dile getiren Se\u00e7er, \u201cFestivalin icra kurulu da son derece hummal\u0131 \u00e7al\u0131\u015f\u0131yor. Biz de belediye olarak hi\u00e7bir \u015fey eksik kals\u0131n istemiyoruz. Ben de yap\u0131lan \u00e7al\u0131\u015fmalar\u0131 yerinde g\u00f6rmek istedim. M\u00fckemmel bir ortam haz\u0131rlamak istiyoruz. Buraya gelen misafirlerimiz, \u00e7ok huzurlu bir ortamda bu festivalde g\u00fcze, e\u011flenceli saatler ge\u00e7irsin istiyoruz\u201d diye konu\u015ftu. \u00a0<\/p>\n<p>\u0130HA<\/p>\n","protected":false},"excerpt":{"rendered":"<p>T\u00fcrkiye\u2019nin narenciye deposu Mersin\u2019de bu y\u0131l 7\u2019incisi ger\u00e7ekle\u015ftirilecek Uluslararas\u0131 Mersin Narenciye Festivali&#8217;nde s\u00fcslemeler, 500 binin \u00fczerinde limon, portakal ve greyfurtla yap\u0131l\u0131yor. 10&#8217;u mobil 30 fig\u00fcr ile festival alan\u0131nda a\u011fa\u00e7 giydirmeleri dahil yap\u0131lacak t\u00fcm s\u00fcslemelerde kullan\u0131lacak 100 ton narenciye \u00fcr\u00fcn\u00fc, kad\u0131n i\u015f\u00e7iler taraf\u0131ndan kuyumcu edas\u0131yla ilmik ilmik i\u015fleniyor.\u00a0 Mersin, 1-3 Kas\u0131m tarihleri aras\u0131nda d\u00fczenlenecek 7. Uluslararas\u0131 [&hellip;]<\/p>\n","protected":false},"author":2,"featured_media":0,"comment_status":"open","ping_status":"open","sticky":false,"template":"","format":"standard","meta":{"footnotes":""},"categories":[],"tags":[],"class_list":["post-4787","post","type-post","status-publish","format-standard","hentry"],"views":19,"_links":{"self":[{"href":"https:\/\/mersingazetesi.com\/index.php\/wp-json\/wp\/v2\/posts\/4787","targetHints":{"allow":["GET"]}}],"collection":[{"href":"https:\/\/mersingazetesi.com\/index.php\/wp-json\/wp\/v2\/posts"}],"about":[{"href":"https:\/\/mersingazetesi.com\/index.php\/wp-json\/wp\/v2\/types\/post"}],"author":[{"embeddable":true,"href":"https:\/\/mersingazetesi.com\/index.php\/wp-json\/wp\/v2\/users\/2"}],"replies":[{"embeddable":true,"href":"https:\/\/mersingazetesi.com\/index.php\/wp-json\/wp\/v2\/comments?post=4787"}],"version-history":[{"count":0,"href":"https:\/\/mersingazetesi.com\/index.php\/wp-json\/wp\/v2\/posts\/4787\/revisions"}],"wp:attachment":[{"href":"https:\/\/mersingazetesi.com\/index.php\/wp-json\/wp\/v2\/media?parent=4787"}],"wp:term":[{"taxonomy":"category","embeddable":true,"href":"https:\/\/mersingazetesi.com\/index.php\/wp-json\/wp\/v2\/categories?post=4787"},{"taxonomy":"post_tag","embeddable":true,"href":"https:\/\/mersingazetesi.com\/index.php\/wp-json\/wp\/v2\/tags?post=4787"}],"curies":[{"name":"wp","href":"https:\/\/api.w.org\/{rel}","templated":true}]}}