{"id":4761,"date":"2021-11-23T11:53:25","date_gmt":"2021-11-23T08:53:25","guid":{"rendered":"http:\/\/mersin.mesiad.org\/index.php\/2021\/11\/23\/mersin-artik-zehir-solumak-istemiyor\/"},"modified":"2021-11-23T11:53:25","modified_gmt":"2021-11-23T08:53:25","slug":"mersin-artik-zehir-solumak-istemiyor","status":"publish","type":"post","link":"https:\/\/mersingazetesi.com\/index.php\/2021\/11\/23\/mersin-artik-zehir-solumak-istemiyor\/","title":{"rendered":"MERS\u0130N ARTIK ZEH\u0130R  SOLUMAK \u0130STEM\u0130YOR!"},"content":{"rendered":"<p>Mersin\u2019de yap\u0131lmas\u0131 planlanan Polipropilen Tesisi projesi t\u00fcm kar\u015f\u0131 \u00e7\u0131kmalara ra\u011fmen h\u0131z kesmiyor! B\u00fcy\u00fck\u015fehir Belediye Ba\u015fkan\u0131 Se\u00e7er\u2019in de olumsuz g\u00f6r\u00fc\u015f bildirdi\u011fi tesise ili\u015fkin Mersin \u00c7evre Ve Do\u011fa Derne\u011fi de bas\u0131n a\u00e7\u0131klamas\u0131 yapt\u0131.<br \/>\n\u00a0<br \/>\nMersin\u2019in merkez Akdeniz il\u00e7esi Karaduvar Mahallesi\u2019nde kurulacak olan Polipropilen Tesisi\u2019ne ili\u015fkin Mersin \u00c7evre ve Do\u011fa Derne\u011fi (MER\u00c7ED), Gazeteciler Cemiyeti&#8217;nde bas\u0131n a\u00e7\u0131klamas\u0131 ger\u00e7ekle\u015ftirdi.\u00a0<br \/>\nMersin&#8217;de yap\u0131m\u0131 planlanan ve yap\u0131m\u0131 devam eden sanayi tesisleri, Akkuyu N\u00fckleer Santrali, bal\u0131k \u00e7iftlikleri, Ta\u015fucu tersanesi ve yat\u0131r\u0131mlara ek olarak, pl\u00e2ns\u0131zl\u0131kla ve \u00e7evresel de\u011ferler g\u00f6z ard\u0131 edilerek, yeni kirletici ve zehirleyici yat\u0131r\u0131m oldu\u011fu iddia edilen, Polipropilen Tesisi\u2019ne devam edilmesine ili\u015fkin, ger\u00e7ekle\u015ftirilen bas\u0131n a\u00e7\u0131klamas\u0131nda MER\u00c7ED Ba\u015fkan\u0131 Sabahat Aslan, Mersin&#8217;in T\u00fcrkiye hava kirlili\u011fi s\u0131ralamas\u0131nda 3. s\u0131rada oldu\u011funu hat\u0131rlatt\u0131.<\/p>\n<p>\u201dHAVA K\u0130RL\u0130L\u0130\u011e\u0130N\u0130 \u00d6NLEY\u0130C\u0130 TEDB\u0130RLER ALINACA\u011eINA..!\u201d<\/p>\n<p>Aslan, \u201cHava kirlili\u011fini \u00f6nleyici tedbirlerin al\u0131nmas\u0131 gerekirken, \u015fimdi havay\u0131 suyu ve topra\u011f\u0131 kirletecek Karaduvar&#8217;da y\u0131lda 500 bin ton plasti\u011fin hammaddesini \u00fcretecek olan Polipropilen Tesisi kurulum planlar\u0131 yap\u0131lmaktad\u0131r. Karaduvar&#8217;da petrol dolum tesisleri, Toros G\u00fcbre Fabrikas\u0131, yak\u0131n\u0131nda Kromsan ve Soda Fabrikalar\u0131 gibi zehirleyici \u00a0kirleticiler mevcuttur. Karaduvar da yap\u0131m\u0131 planlanan Polipropilen Tesisi projesi bilimsel ve hukuki de\u011fildir.<br \/>\n\u00a0<br \/>\nTesisinin i\u015fletme a\u015famas\u0131nda atmosfere yayaca\u011f\u0131 a\u011f\u0131r ve zehirli gazlar topra\u011f\u0131, havay\u0131 ve suyu kirletecektir. Ayr\u0131ca tesisin so\u011futulmas\u0131 i\u015fin kullan\u0131lacak yeralt\u0131 sular\u0131 zamanla topraklar\u0131n \u00e7orakla\u015fmas\u0131na ve dolay\u0131s\u0131yla halk\u0131n ge\u00e7im kayna\u011f\u0131 olan tar\u0131m\u0131n ve bal\u0131k\u00e7\u0131l\u0131\u011f\u0131n bitmesine ve halk\u0131n sa\u011fl\u0131\u011f\u0131n\u0131n bozulmas\u0131na neden olacakt\u0131r. Karaduvar\u2019da ya\u015fanacak olan b\u00fct\u00fcn olumsuzluklardan Mersin halk\u0131 da \u00e7ok etkilenecektir.&#8221; ifadelerini kulland\u0131.\u00a0<\/p>\n<p>&#8220;PROJE DERHAL DURDURULMALI&#8221;\u00a0<\/p>\n<p>Karaduvar Polipropilen Tesisi\u2019nin kurulmas\u0131na ili\u015fkin tepkilerini dile getiren Aslan, \u201cHerkes sa\u011fl\u0131kl\u0131 ve dengeli bir \u00e7evrede ya\u015fama hakk\u0131na sahiptir. \u00c7evreyi geli\u015ftirmek, \u00e7evre sa\u011fl\u0131\u011f\u0131n\u0131 korumak ve \u00e7evre kirlenmesini \u00f6nlemek Devletin \u00f6devi olan Anayasan\u0131n 56. maddesine ayk\u0131r\u0131d\u0131r.<br \/>\nProjeye Karaduvar ve Mersin halk\u0131 kar\u015f\u0131d\u0131r. Ya\u015fam alanlar\u0131m\u0131za ve sa\u011fl\u0131\u011f\u0131m\u0131za zarar verecek olan projenin yap\u0131lmas\u0131n\u0131 istemiyoruz. Mersin halk\u0131 zehir solumak istemiyor. Yetkililer, Mersin halk\u0131n\u0131n\u0131n taleplerini yerine getirerek projeyi durdurmal\u0131d\u0131r.<br \/>\nBizler tesisin yap\u0131lmamas\u0131 i\u00e7in yasal ve demokratik hakk\u0131m\u0131z\u0131 sonuna kadar kullanaca\u011f\u0131z.<br \/>\nYa\u015fam hakk\u0131m\u0131z\u0131 ve \u00e7ocuklar\u0131m\u0131z\u0131n gelece\u011fini korumak i\u00e7in herkesi Karaduvar Polipropilen Tesisi\u2019ne kar\u015f\u0131 m\u00fccadele etmeye davet ediyoruz.&#8221; dedi.<\/p>\n<p>&#8220;ORADA YA\u015eAYAN \u0130NSANLAR OLARAK ZARARLI TES\u0130SLERE KAR\u015eIYIZ\u201d<\/p>\n<p>Karaduvar Mahallesi olarak y\u0131llard\u0131r var olan sanayi kurulu\u015flar\u0131n\u0131n s\u0131k\u0131nt\u0131s\u0131 i\u00e7erisinde olduklar\u0131n\u0131 belirten Karaduvar Mahalle Muhtar\u0131, Fikret Altan, \u201cHavam\u0131z zaten kirli, topra\u011f\u0131m\u0131z zaten kirli..! Daha do\u011frusu kirleten sanayi kurulu\u015flar\u0131 var. \u015eunun bilinmesini isteriz ki; biz orada ya\u015fayan insanlar olarak, sanayiye kar\u015f\u0131 bir toplum de\u011filiz. Mutlaka yat\u0131r\u0131mlar\u0131n yap\u0131lmas\u0131 gerekiyor, mutlaka memleketteki i\u015fsizli\u011fin giderilmesi gerekiyor. Ancak havam\u0131z\u0131n, suyumuzun ve topra\u011f\u0131m\u0131z\u0131n kirlenmesine kar\u015f\u0131y\u0131z. Biz orada ya\u015f\u0131yoruz ve tar\u0131mc\u0131l\u0131kla u\u011fra\u015fan insanlar\u0131z. Ge\u00e7im kayna\u011f\u0131m\u0131z\u0131n elimizden al\u0131nmas\u0131n\u0131 istemiyoruz. Dolay\u0131s\u0131yla bu tesislerin orada kurulmas\u0131na \u00f6zellikle insan ya\u015fam\u0131n\u0131n birebir etkilendi\u011fi bir alanda yap\u0131lmas\u0131na kar\u015f\u0131y\u0131z.&#8221; diye konu\u015ftu.<\/p>\n<p>B\u00dcY\u00dcK\u015eEH\u0130R DE OLUMSUZ G\u00d6R\u00dc\u015e B\u0130LD\u0130RM\u0130\u015eT\u0130<\/p>\n<p>Mersin B\u00fcy\u00fck\u015fehir Belediye Ba\u015fkan\u0131 Vahap Se\u00e7er de ge\u00e7ti\u011fimiz g\u00fcnlerde, Mersin B\u00fcy\u00fck\u015fehir Belediye Meclisinin ekim ay\u0131 toplant\u0131s\u0131n\u0131n ikinci birle\u015fiminde, Akdeniz il\u00e7esi Karaduvar Mahallesinde yap\u0131lmas\u0131 planlanan Polipropilen Tesisi\u2019nin g\u00fcndeme gelmesinin \u00fczerine, Kongre ve Sergi Saray\u0131nda ger\u00e7ekle\u015ftirilen toplant\u0131da yap\u0131lmas\u0131 planlanan Polipropilen Tesisi\u2019nin yetki a\u00e7\u0131s\u0131ndan kendilerini a\u015fan bir konu oldu\u011fu, ancak ilgili bakanl\u0131\u011fa konuyla ilgili olumsuz g\u00f6r\u00fc\u015f bildirdiklerini s\u00f6ylemi\u015fti. Se\u00e7er, \u201cMersin\u2019e yat\u0131r\u0131m yap\u0131lmas\u0131n\u0131 istiyorum. Ama yat\u0131r\u0131m yap\u0131ls\u0131n diye de kentime olumsuz sonu\u00e7 do\u011furacak yat\u0131r\u0131mlara olumlu bakamam\u201d \u015feklinde \u00a0ifadeler kullanm\u0131\u015ft\u0131.\u00a0<\/p>\n<p>ARZU \u00d6ZER<\/p>\n","protected":false},"excerpt":{"rendered":"<p>Karaduvar&#8217;da petrol dolum tesisleri, Toros G\u00fcbre Fabrikas\u0131, yak\u0131n\u0131nda Kromsan ve Soda fabrikalar\u0131 gibi zehirleyici ve kirleticiler mevcuttur. Karaduvar da yap\u0131m\u0131 planlanan Polipropilen Tesisi projesi bilimsel ve hukuki de\u011fildir.<\/p>\n","protected":false},"author":2,"featured_media":0,"comment_status":"open","ping_status":"open","sticky":false,"template":"","format":"standard","meta":{"footnotes":""},"categories":[],"tags":[],"class_list":["post-4761","post","type-post","status-publish","format-standard","hentry"],"views":24,"_links":{"self":[{"href":"https:\/\/mersingazetesi.com\/index.php\/wp-json\/wp\/v2\/posts\/4761","targetHints":{"allow":["GET"]}}],"collection":[{"href":"https:\/\/mersingazetesi.com\/index.php\/wp-json\/wp\/v2\/posts"}],"about":[{"href":"https:\/\/mersingazetesi.com\/index.php\/wp-json\/wp\/v2\/types\/post"}],"author":[{"embeddable":true,"href":"https:\/\/mersingazetesi.com\/index.php\/wp-json\/wp\/v2\/users\/2"}],"replies":[{"embeddable":true,"href":"https:\/\/mersingazetesi.com\/index.php\/wp-json\/wp\/v2\/comments?post=4761"}],"version-history":[{"count":0,"href":"https:\/\/mersingazetesi.com\/index.php\/wp-json\/wp\/v2\/posts\/4761\/revisions"}],"wp:attachment":[{"href":"https:\/\/mersingazetesi.com\/index.php\/wp-json\/wp\/v2\/media?parent=4761"}],"wp:term":[{"taxonomy":"category","embeddable":true,"href":"https:\/\/mersingazetesi.com\/index.php\/wp-json\/wp\/v2\/categories?post=4761"},{"taxonomy":"post_tag","embeddable":true,"href":"https:\/\/mersingazetesi.com\/index.php\/wp-json\/wp\/v2\/tags?post=4761"}],"curies":[{"name":"wp","href":"https:\/\/api.w.org\/{rel}","templated":true}]}}