{"id":4734,"date":"2021-11-23T11:53:23","date_gmt":"2021-11-23T08:53:23","guid":{"rendered":"http:\/\/mersin.mesiad.org\/index.php\/2021\/11\/23\/emine-bulut-davasinda-fedai-varana-muebbet\/"},"modified":"2021-11-23T11:53:23","modified_gmt":"2021-11-23T08:53:23","slug":"emine-bulut-davasinda-fedai-varana-muebbet","status":"publish","type":"post","link":"https:\/\/mersingazetesi.com\/index.php\/2021\/11\/23\/emine-bulut-davasinda-fedai-varana-muebbet\/","title":{"rendered":"Emine Bulut davas\u0131nda Fedai Varan&#8217;a m\u00fcebbet"},"content":{"rendered":"<p>K\u0131r\u0131kkale&#8217;de eski e\u015fi Emine Bulut&#8217;u b\u0131\u00e7aklayarak \u00f6ld\u00fcrmek su\u00e7undan tutuklu yarg\u0131lanan Fedai Varan, &#8216;kasten adam \u00f6ld\u00fcrme&#8217; su\u00e7undan m\u00fcebbet hapis cezas\u0131na \u00e7arpt\u0131r\u0131ld\u0131. Avukatlar\u0131 san\u0131k i\u00e7in kravat indirimi talep etti ancak mahkeme cezada iyi hal indirimi yapmad\u0131.<br \/>\nK\u0131r\u0131kkale 1. A\u011f\u0131r Ceza Mahkemesinde Emine Bulut&#8217;un katil zanl\u0131s\u0131 Fedai Varan 2&#8217;nci kez hakim kar\u015f\u0131s\u0131na \u00e7\u0131kt\u0131. Duru\u015fmada ilk s\u00f6z alan san\u0131k Fedai Varan&#8217;\u0131n avukat\u0131 haz\u0131rlad\u0131\u011f\u0131 5 maddelik savunma talebini okudu. Hakim ise taleplerin tamam\u0131n\u0131 reddetti.\u00a0<br \/>\nK\u0131r\u0131kkale 1. A\u011f\u0131r Ceza Mahkemesinde g\u00f6r\u00fclen duru\u015fmada ilk s\u00f6z\u00fc alan san\u0131l Fedai Varan&#8217;\u0131n avukat\u0131 Ersoy Ayta\u00e7, 5 maddelik talebinin oldu\u011funu ve taleplerin kabul edilmesi halinde san\u0131k Fedai Varan&#8217;\u0131n savunma yapaca\u011f\u0131n\u0131 s\u00f6yledi.\u00a0<br \/>\nAvukat Ayta\u00e7, &#8220;Okullarda kad\u0131n cinayeti ile ilgili bir su\u00e7 tipi bize \u00f6\u011fretilmedi. Kad\u0131n \u00f6rg\u00fctleri ve soru\u015fturma makam\u0131 olarak biz aile i\u00e7i \u015fiddet dosyas\u0131 oldu\u011funu d\u00fc\u015f\u00fcn\u00fcyoruz. Emine Bulut\u2019un \u00f6ld\u00fcr\u00fclmesi kad\u0131n \u00f6rg\u00fctleri taraf\u0131ndan do\u011frudan kad\u0131n olmas\u0131 ile alakal\u0131d\u0131r. \u0130stanbul S\u00f6zle\u015fmesi\u2019ne g\u00f6re kad\u0131n \u00f6rg\u00fctlerinin davaya kat\u0131lma haklar\u0131 var&#8221; dedi.\u00a0<\/p>\n<p>&#8220;G\u00f6r\u00fcnt\u00fcler verilirse savunma yapaca\u011f\u0131z&#8221;<br \/>\n\u00a0<br \/>\nOlaya ili\u015fkin g\u00f6r\u00fcnt\u00fclerinin kendileri ile payla\u015f\u0131lmas\u0131n\u0131 isteyerek ek s\u00fcre talep eden Ayta\u00e7, &#8220;Dosya i\u00e7eri\u011finde bulunan olay an\u0131na ili\u015fkin dijital veriler taraflara verilmedi. Bu g\u00f6r\u00fcnt\u00fcler bize verilmesi durumunda savunma yapaca\u011f\u0131z. Ben katili savunmuyorum, su\u00e7a konu olan eylemi de savunmuyorum. San\u0131\u011f\u0131n yarg\u0131lama hukukundan do\u011fan haklar\u0131n\u0131 savunuyorum. Silahlar\u0131n e\u015fitli\u011fi ilkesi kapsam\u0131nda san\u0131\u011f\u0131n ve m\u00fcdafinin bu g\u00f6r\u00fcnt\u00fcleri alma ve inceleme i\u00e7in uzmana inceletme hakk\u0131 var. Bu hak ihlal ediliyor&#8221; \u015feklinde konu\u015ftu.\u00a0<\/p>\n<p>&#8220;4 polisin tan\u0131k olarak dinlenmesini talep ediyorum&#8221;<br \/>\n\u00a0<br \/>\n\u0130lk duru\u015fmada tan\u0131klar\u0131n hukuk \u00e7er\u00e7evesinde yemin etmediklerini ifade eden san\u0131k avukat\u0131 Ayta\u00e7, tan\u0131klar\u0131n yeniden dinlenmesi isteyerek, \u201cDuru\u015fmaya kat\u0131lanlar i\u00e7in ayr\u0131 odada duru\u015fmadan g\u00f6r\u00fcnt\u00fcler izletildi. Tan\u0131klar oradaki odada di\u011fer tan\u0131k ifadelerini izleyip etkilenmi\u015f olabilirler. Emine Bulut\u2019un 29 dakika s\u00fcre ile karakola s\u0131\u011f\u0131nd\u0131\u011f\u0131 g\u00f6r\u00fcnt\u00fclerde mevcut. Kollu\u011fun ihmalinin ara\u015ft\u0131r\u0131lmas\u0131 bir yana cinayetten \u00f6nce Emine Bulut ile g\u00f6r\u00fc\u015fen kolluk g\u00f6revlilerinin ifadesine ba\u015fvurulmas\u0131n\u0131 istiyoruz. Tutanakta ad\u0131 ge\u00e7en 4 polis memurunun soru\u015fturma ge\u00e7irmeleri i\u00e7in ba\u015fsavc\u0131l\u0131\u011fa su\u00e7 duyurusunda bulunduk. 4 polisin tan\u0131k olarak dinlenmesini talep ediyoruz\u201d ifadelerini kulland\u0131.\u00a0<\/p>\n<p>&#8220;\u00c7ocu\u011fun uygun ko\u015fullarda yeniden dinlenmesini talep ediyoruz&#8221;<br \/>\n\u00a0<br \/>\nAyta\u00e7, &#8220;\u00c7ocu\u011fun g\u00f6r\u00fc\u015fme odas\u0131nda dinlenmesini talep ettik ve \u00e7ocu\u011fa sorulacak sorular\u0131m\u0131z oldu\u011funu s\u00f6yledik. Bu talebimize ra\u011fmen \u00e7ocuk ba\u015fka bir salondan Sesli ve G\u00f6r\u00fcnt\u00fcl\u00fc Bili\u015fim Sistemi (SEGB\u0130S) ile do\u011frudan mahkeme ba\u015fkan\u0131 ile muhatap olundu. Bu durum y\u00f6netmeli\u011fine ayk\u0131r\u0131 davran\u0131ld\u0131. Travma ya\u015fayan bir \u00e7ocu\u011fa mahkeme ba\u015fkan\u0131 taraf\u0131ndan &#8216;okul nas\u0131l gidiyor&#8217; gibi sorular sorulmas\u0131 ba\u015fkan\u0131n ileti\u015fim kurmada bir e\u011fitimi olmad\u0131\u011f\u0131n\u0131 g\u00f6steriyor. M\u00fc\u015fterek \u00e7ocu\u011fun adl\u0131 g\u00f6r\u00fc\u015fme odalar\u0131 y\u00f6netmeli\u011fine uygun yeniden dinlenmesini talep ediyoruz. Taleplerimiz yerine getirilirse savunma yapmam\u0131z i\u00e7in s\u00fcre talep ediyoruz&#8221; diye konu\u015ftu.\u00a0<br \/>\nSan\u0131k avukat\u0131n\u0131n savunmas\u0131n\u0131n ard\u0131ndan s\u00f6z alan Fedai Varan da adil yarg\u0131lanmad\u0131\u011f\u0131n\u0131 ileri s\u00fcrerek, taleplerinin kabul edilmesi durumunda savunma yapaca\u011f\u0131n\u0131 s\u00f6yledi.\u00a0<br \/>\nHakim, san\u0131k Varan&#8217;\u0131n avukat\u0131 Ersoy Ayta\u00e7&#8217;\u0131n 5 maddelik talebini reddetti. Emine Bulut\u2019un avukat\u0131 Turgay \u00d6zcan ise san\u0131k avukat\u0131n\u0131n indirimden yararlanmaya \u00e7al\u0131\u015ft\u0131\u011f\u0131n\u0131 ifade ederek, &#8220;San\u0131k Fedai Varan&#8217;\u0131n cinayeti i\u015fledi\u011fine dair herhangi bir pi\u015fmanl\u0131k duymad\u0131\u011f\u0131n\u0131 ve en a\u011f\u0131r ceza almas\u0131n\u0131 talep ediyorum&#8221; dedi. \u00a0<\/p>\n<p>\u0130HA<\/p>\n","protected":false},"excerpt":{"rendered":"<p>K\u0131r\u0131kkale&#8217;de eski e\u015fi Emine Bulut&#8217;u b\u0131\u00e7aklayarak \u00f6ld\u00fcrmek su\u00e7undan tutuklu yarg\u0131lanan Fedai Varan, &#8216;kasten adam \u00f6ld\u00fcrme&#8217; su\u00e7undan m\u00fcebbet hapis cezas\u0131na \u00e7arpt\u0131r\u0131ld\u0131. Avukatlar\u0131 san\u0131k i\u00e7in kravat indirimi talep etti ancak mahkeme cezada iyi hal indirimi yapmad\u0131. K\u0131r\u0131kkale 1. A\u011f\u0131r Ceza Mahkemesinde Emine Bulut&#8217;un katil zanl\u0131s\u0131 Fedai Varan 2&#8217;nci kez hakim kar\u015f\u0131s\u0131na \u00e7\u0131kt\u0131. Duru\u015fmada ilk s\u00f6z alan san\u0131k [&hellip;]<\/p>\n","protected":false},"author":2,"featured_media":0,"comment_status":"open","ping_status":"open","sticky":false,"template":"","format":"standard","meta":{"footnotes":""},"categories":[],"tags":[],"class_list":["post-4734","post","type-post","status-publish","format-standard","hentry"],"views":21,"_links":{"self":[{"href":"https:\/\/mersingazetesi.com\/index.php\/wp-json\/wp\/v2\/posts\/4734","targetHints":{"allow":["GET"]}}],"collection":[{"href":"https:\/\/mersingazetesi.com\/index.php\/wp-json\/wp\/v2\/posts"}],"about":[{"href":"https:\/\/mersingazetesi.com\/index.php\/wp-json\/wp\/v2\/types\/post"}],"author":[{"embeddable":true,"href":"https:\/\/mersingazetesi.com\/index.php\/wp-json\/wp\/v2\/users\/2"}],"replies":[{"embeddable":true,"href":"https:\/\/mersingazetesi.com\/index.php\/wp-json\/wp\/v2\/comments?post=4734"}],"version-history":[{"count":0,"href":"https:\/\/mersingazetesi.com\/index.php\/wp-json\/wp\/v2\/posts\/4734\/revisions"}],"wp:attachment":[{"href":"https:\/\/mersingazetesi.com\/index.php\/wp-json\/wp\/v2\/media?parent=4734"}],"wp:term":[{"taxonomy":"category","embeddable":true,"href":"https:\/\/mersingazetesi.com\/index.php\/wp-json\/wp\/v2\/categories?post=4734"},{"taxonomy":"post_tag","embeddable":true,"href":"https:\/\/mersingazetesi.com\/index.php\/wp-json\/wp\/v2\/tags?post=4734"}],"curies":[{"name":"wp","href":"https:\/\/api.w.org\/{rel}","templated":true}]}}