{"id":4705,"date":"2021-11-23T11:53:21","date_gmt":"2021-11-23T08:53:21","guid":{"rendered":"http:\/\/mersin.mesiad.org\/index.php\/2021\/11\/23\/mip-mersine-bir-okul-kazandiriyor\/"},"modified":"2021-11-23T11:53:21","modified_gmt":"2021-11-23T08:53:21","slug":"mip-mersine-bir-okul-kazandiriyor","status":"publish","type":"post","link":"https:\/\/mersingazetesi.com\/index.php\/2021\/11\/23\/mip-mersine-bir-okul-kazandiriyor\/","title":{"rendered":"MIP, Mersin\u2019e bir okul kazand\u0131r\u0131yor"},"content":{"rendered":"<p>T\u00fcrkiye\u2019nin en b\u00fcy\u00fck liman\u0131 olan Mersin Uluslararas\u0131 Liman\u0131, e\u011fitim alan\u0131nda yeni bir projeye daha imza atarak, Toroslar il\u00e7esinde 24 derslikli bir ilkokul yap\u0131yor. Mersin Uluslararas\u0131 Liman\u0131 \u0130lkokulu\u2019nun temeli, Mersin Valisi Ali \u0130hsan Su ve MIP Genel M\u00fcd\u00fcr\u00fc Johan Van Daele taraf\u0131ndan d\u00fczenlenen t\u00f6renle at\u0131ld\u0131.\u00a0<br \/>\nMersin Uluslararas\u0131 Liman \u0130\u015fletmecili\u011fi A.\u015e. (MIP), e\u011fitime verdi\u011fi destek kapsam\u0131nda, yeni bir projeyi daha hayata ge\u00e7iriyor. MIP, Mersin Valili\u011fi ve \u0130l Milli E\u011fitim M\u00fcd\u00fcrl\u00fc\u011f\u00fc i\u015fbirli\u011finde Toroslar il\u00e7esi Karaisal\u0131 Mahallesi 201. Cadde \u00fczerinde 24 derslikte 720 \u00f6\u011frencinin \u00f6\u011frenim g\u00f6rece\u011fi bir ilkokul in\u015fa ediyor.\u00a0<br \/>\nMersin Uluslararas\u0131 Liman\u0131 \u0130lkokulu\u2019nun temeli, bug\u00fcn d\u00fczenlenen t\u00f6renle at\u0131ld\u0131. T\u00f6rene, Mersin Valisi Su, MIP Genel M\u00fcd\u00fcr\u00fc Daele, Mersin \u0130l Milli E\u011fitim M\u00fcd\u00fcr\u00fc Adem Koca, Mersin Cumhuriyet Ba\u015fsavc\u0131s\u0131 Mustafa Ercan, protokol \u00fcyeleri ve MIP y\u00f6neticileri ile \u00e7ok say\u0131da davetli kat\u0131ld\u0131.\u00a0<\/p>\n<p>\u201c\u0130limiz genelinde e\u011fitimle ilgili \u00e7ok \u00f6nemli \u00e7al\u0131\u015fmalar\u0131 ger\u00e7ekle\u015ftirdik\u201d<br \/>\n\u00a0<br \/>\nVali Su, t\u00f6rende yapt\u0131\u011f\u0131 konu\u015fmada, T\u00fcrkiye genelinde oldu\u011fu gibi Mersin \u00f6zelinde de her alanda \u00e7ok \u00f6nemli ve \u00e7ok \u00f6zel hizmetlerin vatanda\u015flarla bulu\u015fturuldu\u011funu s\u00f6yledi. Bug\u00fcn de Mersin\u2019de MIP taraf\u0131ndan 24 derslik olarak planlanan okulun temelini atacaklar\u0131n\u0131 belirten Su, \u201cE\u011fitim, gelece\u011fimizin teminat\u0131 olan \u00e7ocuklar\u0131m\u0131z\u0131n yeti\u015fmesinde en \u00f6nemli aya\u011f\u0131 olu\u015fturan unsurlardan biri. Biz de ilimiz genelinde e\u011fitimle ilgili \u00e7ok \u00f6nemli \u00e7al\u0131\u015fmalar\u0131 ger\u00e7ekle\u015ftirdik, ger\u00e7ekle\u015ftiriyoruz. \u00c7ocuklar\u0131m\u0131z okula ba\u015flad\u0131klar\u0131nda kitaplar\u0131 masalar\u0131n \u00fcst\u00fcnde. Ak\u0131ll\u0131 tahtalar, yeni derslikler, modern laboratuvarlar, sosyal \u00e7evre gibi bir\u00e7ok konuda \u00e7ok ciddi \u00e7al\u0131\u015fmalar yap\u0131yoruz\u201d dedi.\u00a0<\/p>\n<p>1. Sayfadan Devam<br \/>\nBir taraftan da mevcut derslik say\u0131s\u0131n\u0131 art\u0131rmaya y\u00f6nelik yeni okullar in\u015fa etmeye devam ettiklerini ifade eden Su, \u201cBunlar\u0131 bir taraftan devlet yat\u0131r\u0131m\u0131 olarak yap\u0131yoruz ama di\u011fer taraftan da ilimizdeki hay\u0131rsever vatanda\u015flar\u0131m\u0131z, MIP gibi kurumlar\u0131m\u0131z da e\u011fitime kendi imkanlar\u0131 \u00f6l\u00e7\u00fcs\u00fcnde katk\u0131 sa\u011fl\u0131yorlar. Ba\u015fta MIP olmak \u00fczere bu konuda ilimizde hay\u0131r yapan t\u00fcm hay\u0131rseverlere te\u015fekk\u00fcr ediyorum. Biz, \u00e7ocuklar\u0131m\u0131z i\u00e7in her \u015feyi yapmaya gayret ediyoruz. Fiziki mekanlar\u0131n iyile\u015ftirilmesi, \u00f6\u011fretmenlerimizin e\u011fitimi, hizmet i\u00e7i e\u011fitimler, standartlar\u0131n y\u00fckseltilmesinin yan\u0131nda \u00e7ocuklar\u0131m\u0131z\u0131n evlerinden okullar\u0131na var\u0131ncaya kadar g\u00fcvenlikleri, okul \u00e7evre g\u00fcvenli\u011fi, g\u0131da g\u00fcvenli\u011fi, okul i\u00e7i g\u00fcvenli\u011fi gibi konularda da t\u00fcm tedbirleri ald\u0131k, uyguluyoruz, uygulamaya da devam edece\u011fiz. Bu g\u00fczel hizmetin \u00fclkemize, ilimize, \u00e7ocuklar\u0131m\u0131za hay\u0131rl\u0131, u\u011furlu olmas\u0131n\u0131 diliyorum\u201d diye konu\u015ftu.\u00a0<\/p>\n<p>\u201cSosyal projelerin en b\u00fcy\u00fck destek\u00e7isi olmaya devam edece\u011fiz\u201d<br \/>\n\u00a0<br \/>\nMIP Genel M\u00fcd\u00fcr\u00fc Daele ise temelini att\u0131klar\u0131 Mersin Uluslararas\u0131 Liman\u0131 \u0130lkokulu\u2019nda \u00e7ocuklar\u0131n e\u011fitimine katk\u0131 sa\u011flayacaklar\u0131 i\u00e7in heyecanl\u0131, bir o kadar da gururlu olduklar\u0131n\u0131 vurgulad\u0131. Van Daele, T\u00fcrkiye\u2019nin en b\u00fcy\u00fck liman\u0131 olarak, kurulu\u015f tarihlerinden bug\u00fcne hissedarlar\u0131 PSA, IFM ve Akfen Holding\u2019in ortak vizyonuyla liman\u0131n kalk\u0131nmas\u0131n\u0131 \u00fclkenin kalk\u0131nmas\u0131yla bir b\u00fct\u00fcn olarak d\u00fc\u015f\u00fcnd\u00fcklerini ve sosyal sorumlulu\u011fu kurumsal k\u00fclt\u00fcrlerinin bir par\u00e7as\u0131 olarak g\u00f6rd\u00fcklerini ifade etti.\u00a0<br \/>\nMersin\u2019e ve kent insan\u0131na destek olma ilkesiyle 2007 y\u0131l\u0131ndan itibaren bir\u00e7ok sosyal sorumluluk projesini hayata ge\u00e7irdiklerine vurgu yapan Daele, Viyana\u2019dan Mersin\u2019e Sanat K\u00f6pr\u00fcs\u00fc, Eski K\u00f6ye Yeni Adet, Anneler Okulu, Onar\u0131m\u0131 Bizden Okumas\u0131 Sizden, Engelime El Ver, \u0130\u00e7imizdeki Engeller, \u0130\u015f Hayat\u0131 ve Kad\u0131n Paneli, MIP \u00c7ocuk M\u00fczik Okulu, Geri D\u00f6n\u00fc\u015f\u00fcm \u00c7ocuk Park\u0131 gibi fark\u0131ndal\u0131k olu\u015fturan \u00e7al\u0131\u015fmada binlerce payda\u015fa do\u011frudan temas ederek fayda sa\u011flad\u0131klar\u0131n\u0131 s\u00f6yledi. Daele, \u201cMIP olarak sorumlulu\u011fumuzun fark\u0131nday\u0131z. Bu alandaki \u00e7al\u0131\u015fmalar\u0131m\u0131z\u0131n say\u0131s\u0131n\u0131 artt\u0131rarak ve daha fazla insan\u0131m\u0131za dokunarak devam etmek karar\u0131nday\u0131z. Bir yandan d\u00fcnya limanlar\u0131 aras\u0131ndaki konumumuzu g\u00fc\u00e7lendirip \u00fclke ekonomisine katk\u0131 sa\u011flamaya \u00e7al\u0131\u015f\u0131rken, di\u011fer taraftan \u00fclkenin kalk\u0131nmas\u0131na katk\u0131 sa\u011flayacak sosyal projelerin de en b\u00fcy\u00fck destek\u00e7isi olmaya devam edece\u011fiz\u201d ifadelerini kulland\u0131.\u00a0<br \/>\nKonu\u015fmalar\u0131n ard\u0131ndan okulun temsili anahtar\u0131 Genel M\u00fcd\u00fcr Daele taraf\u0131ndan Vali Su\u2019ya takdim edildi. Su ve Daele, daha sonra protokol \u00fcyeleri ile birlikte Mersin Uluslararas\u0131 Liman\u0131 \u0130lkokulu\u2019nun temelini att\u0131.\u00a0<\/p>\n<p>2020-2021 e\u011fitim \u00f6\u011fretim y\u0131l\u0131nda hizmete sunulmas\u0131 hedefleniyor<br \/>\n\u00a0<br \/>\nMIP\u2019nin sosyal sorumluluk \u00e7al\u0131\u015fmalar\u0131 kapsam\u0131nda in\u015fas\u0131na ba\u015flanan Mersin Uluslararas\u0131 Liman\u0131 \u0130lkokulu\u2019nun 2020-2021 e\u011fitim \u00f6\u011fretim y\u0131l\u0131nda hizmete sunulmas\u0131 hedefleniyor. 3 bin 283 metrekare a\u00e7\u0131k, 684 metrekare bina oturum alan\u0131nda 5 kattan olu\u015facak okul, MIP taraf\u0131ndan \u00e7evre d\u00fczenlemesi dahil anahtar teslim yapt\u0131r\u0131larak Milli E\u011fitim Bakanl\u0131\u011f\u0131na devredilecek.\u00a0<\/p>\n<p>\u0130HA<\/p>\n","protected":false},"excerpt":{"rendered":"<p>MIP, e\u011fitim alan\u0131nda yeni bir projeye daha imza atarak, Toroslar il\u00e7esinde 24 derslikli bir ilkokul yap\u0131yor. Mersin Valisi Su ve MIP Genel M\u00fcd\u00fcr\u00fc Johan Van Daele, d\u00fczenlenen t\u00f6renle Mersin Uluslararas\u0131 Liman\u0131 \u0130lkokulu\u2019nun temelini att\u0131.<\/p>\n","protected":false},"author":2,"featured_media":0,"comment_status":"open","ping_status":"open","sticky":false,"template":"","format":"standard","meta":{"footnotes":""},"categories":[],"tags":[],"class_list":["post-4705","post","type-post","status-publish","format-standard","hentry"],"views":16,"_links":{"self":[{"href":"https:\/\/mersingazetesi.com\/index.php\/wp-json\/wp\/v2\/posts\/4705","targetHints":{"allow":["GET"]}}],"collection":[{"href":"https:\/\/mersingazetesi.com\/index.php\/wp-json\/wp\/v2\/posts"}],"about":[{"href":"https:\/\/mersingazetesi.com\/index.php\/wp-json\/wp\/v2\/types\/post"}],"author":[{"embeddable":true,"href":"https:\/\/mersingazetesi.com\/index.php\/wp-json\/wp\/v2\/users\/2"}],"replies":[{"embeddable":true,"href":"https:\/\/mersingazetesi.com\/index.php\/wp-json\/wp\/v2\/comments?post=4705"}],"version-history":[{"count":0,"href":"https:\/\/mersingazetesi.com\/index.php\/wp-json\/wp\/v2\/posts\/4705\/revisions"}],"wp:attachment":[{"href":"https:\/\/mersingazetesi.com\/index.php\/wp-json\/wp\/v2\/media?parent=4705"}],"wp:term":[{"taxonomy":"category","embeddable":true,"href":"https:\/\/mersingazetesi.com\/index.php\/wp-json\/wp\/v2\/categories?post=4705"},{"taxonomy":"post_tag","embeddable":true,"href":"https:\/\/mersingazetesi.com\/index.php\/wp-json\/wp\/v2\/tags?post=4705"}],"curies":[{"name":"wp","href":"https:\/\/api.w.org\/{rel}","templated":true}]}}