{"id":4654,"date":"2021-11-23T11:53:18","date_gmt":"2021-11-23T08:53:18","guid":{"rendered":"http:\/\/mersin.mesiad.org\/index.php\/2021\/11\/23\/yenisehirde-egitim-yardimi-1200-tl\/"},"modified":"2021-11-23T11:53:18","modified_gmt":"2021-11-23T08:53:18","slug":"yenisehirde-egitim-yardimi-1200-tl","status":"publish","type":"post","link":"https:\/\/mersingazetesi.com\/index.php\/2021\/11\/23\/yenisehirde-egitim-yardimi-1200-tl\/","title":{"rendered":"YEN\u0130\u015eEH\u0130R\u2019DE E\u011e\u0130T\u0130M YARDIMI 1200 TL"},"content":{"rendered":"<p>Yeni\u015fehir Belediye Meclisi Ekim Ay\u0131 Ola\u011fan Toplant\u0131s\u0131, Yeni\u015fehir Belediye Ba\u015fkan\u0131 Abdullah \u00d6zyi\u011fit ba\u015fkanl\u0131\u011f\u0131nda yap\u0131ld\u0131.<br \/>\nToplant\u0131da, \u2018il\u00e7e s\u0131n\u0131rlar\u0131 i\u00e7erisinde esnaf\u0131n korunmas\u0131 i\u00e7in, ulusal marketlerin a\u00e7\u0131lmas\u0131yla ilgili \u015fartlar\u0131n d\u00fczenlenmesine\u2019 ili\u015fkin teklif g\u00fcndeme geldi. Teklif ayr\u0131nt\u0131l\u0131 g\u00f6r\u00fc\u015f\u00fclmek \u00fczere ilgili komisyonlara g\u00f6nderildi.<br \/>\nYeni\u015fehir Belediye Ba\u015fkan\u0131 Abdullah \u00d6zyi\u011fit, mahalle aralar\u0131nda s\u00fcrekli zincir market \u015fubeleri a\u00e7\u0131ld\u0131\u011f\u0131n\u0131, bunun da esnaf\u0131 zor durumda b\u0131rakt\u0131\u011f\u0131n\u0131 ifade etti.<br \/>\n\u00a0Abdullah \u00d6zyi\u011fit, \u201cZincir marketlerin \u015fube a\u00e7mas\u0131na bir s\u0131n\u0131rlama getirmemiz gerekiyor. Bu hassas bir konu, milli bir konu. Meclisimizin, suyun ak\u0131\u015f\u0131n\u0131 bir nebze de olsa de\u011fi\u015ftirebilecek, esnafa nefes ald\u0131racak, esnaf\u0131n korunmas\u0131 konusunda Mersin\u2019e ve T\u00fcrkiye\u2019ye \u00f6rnek olacak bir karar \u00e7\u0131kmas\u0131n\u0131 \u00fcmit ediyorum\u201d diye konu\u015ftu.<br \/>\n\u00a0<br \/>\nYeni\u015fehir Belediye Meclisi\u2019nde, \u00fcniversite \u00f6\u011frencilerine verilecek e\u011fitim yard\u0131m\u0131yla ilgili komisyon raporlar\u0131 da g\u00f6r\u00fc\u015f\u00fcld\u00fc.<br \/>\nKomisyonlardan gelen raporda e\u011fitim yard\u0131m\u0131n\u0131n 1000 TL olarak belirlenmesine kar\u015f\u0131n Ba\u015fkan \u00d6zyi\u011fit\u2019in teklifiyle miktar 1200 TL\u2019ye \u00e7\u0131kar\u0131ld\u0131 ve e\u011fitim yard\u0131m\u0131 yap\u0131lmas\u0131na dair teklif oybirli\u011fiyle kabul edildi.<br \/>\nYeni\u015fehir Belediyesi e\u011fitim yard\u0131m\u0131, devlet \u00fcniversitelerinde 4 y\u0131ll\u0131k fak\u00fclte kazananlar ile \u00f6zel \u00fcniversitelerde tam burslu olarak 4 y\u0131ll\u0131k fak\u00fclte kazananlara ilk seneye mahsus olarak verilecek. E\u011fitim yard\u0131m\u0131ndan faydalanacak \u00f6\u011frencinin kendisinin ya da ailesinin Yeni\u015fehir il\u00e7esinde ikamet etmesi \u015fart\u0131 aranacak. Yeni\u015fehir Belediyesi\u2019ne bizzat ya da birinci derece yak\u0131n\u0131 arac\u0131l\u0131\u011f\u0131yla ba\u015fvurabilecek olan \u00f6\u011frencilerin kazand\u0131klar\u0131 okula kay\u0131t yapt\u0131rd\u0131klar\u0131n\u0131, Yeni\u015fehir\u2019de ikamet ettiklerini belgelemeleri gerekiyor. Ba\u015fvurular 30 Kas\u0131m 2019 g\u00fcn\u00fc mesai bitimine kadar yap\u0131lacak.<br \/>\n\u00a0<br \/>\nYEN\u0130\u015eEH\u0130R BELED\u0130YES\u0130 AKADEM\u0130\u2019Y\u0130 ANLATTI<br \/>\n\u00a0<br \/>\nMeclis toplant\u0131s\u0131nda Yeni\u015fehir Akademi ile ilgili bilgi veren Yeni\u015fehir Belediye Ba\u015fkan\u0131 Abdullah \u00d6zyi\u011fit, \u201cYeni\u015fehir Belediyesi Akademi\u2019de en \u00e7ok \u00f6nemsedi\u011fimiz proje Anne Baba Erken \u00c7ocukluk E\u011fitimi. \u00a0Marmara \u00dcniversitesi i\u015fbirli\u011fiyle 6 haftal\u0131k e\u011fitim program\u0131 haz\u0131rlad\u0131k. \u015eu an kitaplar\u0131 yaz\u0131l\u0131yor. Yeni\u015fehir Belediyesi Akademi b\u00fcnyesinde Bebek K\u00fct\u00fcphanesi olacak. Bebek dostu belediye olman\u0131n \u00f6nemli i\u015faretlerinden biri olacak bebek k\u00fct\u00fcphanesi. \u00a0\u00c7ocuklar\u0131m\u0131z\u0131n ders \u00e7al\u0131\u015facaklar\u0131 bir birim olacak. Belediyemiz b\u00fcnyesinde kre\u015fler olu\u015fturaca\u011f\u0131z. 3 ya\u015f sonras\u0131nda da onlara sahip \u00e7\u0131kaca\u011f\u0131z. E\u011fitimi maalesef basmakal\u0131p g\u00fcnl\u00fck ya\u015famdan uzak bir \u015fekilde y\u00fcr\u00fct\u00fcyoruz. E\u011fitim bo\u015f kalm\u0131\u015f. E\u011fitim alan\u0131na mutlaka girmemiz gerekiyor. \u00a0As\u0131l hedefimiz bir y\u00fcksekokul a\u00e7mak. Avrupa\u2019da n\u00fcfus ya\u015flan\u0131yor. Biz de ise tam tersi gen\u00e7 fazla ve i\u015fsizlik var. \u0130\u015fsizlik y\u00fczde 25\u2019lere \u00e7\u0131km\u0131\u015f durumda. Almanya\u2019da i\u015fg\u00fcc\u00fc piyasas\u0131n\u0131n ihtiya\u00e7lar\u0131na g\u00f6re burada mesleki e\u011fitim verece\u011fiz, dil e\u011fitimi verece\u011fiz ve onlar\u0131n istihdam edilmesini sa\u011flayaca\u011f\u0131z. Bine yak\u0131n Yeni\u015fehirli spor kurslar\u0131m\u0131za kay\u0131t yapt\u0131rd\u0131. \u0130yi sporcular\u0131n, \u015fampiyonlar\u0131n, bilim insanlar\u0131n Yeni\u015fehir\u2019den yeti\u015fmesini istiyoruz. Bunun temellerini \u015fimdiden at\u0131yoruz\u201d dedi.<br \/>\nYeni\u015fehir Belediye Meclisi toplant\u0131s\u0131nda belediyenin Malatya\u2019n\u0131n Hekimhan, Artvin\u2019in \u015eav\u015fat ve Ad\u0131yaman\u2019\u0131n P\u0131narba\u015f\u0131 belediyeleri ile karde\u015f kent olmas\u0131na ili\u015fkin teklif de oybirli\u011fiyle kabul edildi.<br \/>\n1 Kas\u0131m-3 Kas\u0131m 2019 tarihleri aras\u0131nda yap\u0131lacak 7. Mersin Narenciye Festivali\u2019ne 50 bin TL destek verilmesi, Ba\u015fkan Abdullah \u00d6zyi\u011fit\u2019e, miktar\u0131 gerekti\u011finde y\u00fczde 50 oran\u0131nda art\u0131rma yetkisi verilmesi de mecliste oy \u00e7oklu\u011fuyla kabul edildi.<\/p>\n<p>ARZU \u00d6ZER<\/p>\n","protected":false},"excerpt":{"rendered":"<p>Yeni\u015fehir Belediye Meclisi Ekim Ay\u0131 Ola\u011fan Toplant\u0131s\u0131, Yeni\u015fehir Belediye Ba\u015fkan\u0131 Abdullah \u00d6zyi\u011fit ba\u015fkanl\u0131\u011f\u0131nda yap\u0131ld\u0131. Toplant\u0131da, \u2018il\u00e7e s\u0131n\u0131rlar\u0131 i\u00e7erisinde esnaf\u0131n korunmas\u0131 i\u00e7in, ulusal marketlerin a\u00e7\u0131lmas\u0131yla ilgili \u015fartlar\u0131n d\u00fczenlenmesine\u2019 ili\u015fkin teklif g\u00fcndeme geldi. Teklif ayr\u0131nt\u0131l\u0131 g\u00f6r\u00fc\u015f\u00fclmek \u00fczere ilgili komisyonlara g\u00f6nderildi. Yeni\u015fehir Belediye Ba\u015fkan\u0131 Abdullah \u00d6zyi\u011fit, mahalle aralar\u0131nda s\u00fcrekli zincir market \u015fubeleri a\u00e7\u0131ld\u0131\u011f\u0131n\u0131, bunun da esnaf\u0131 zor durumda [&hellip;]<\/p>\n","protected":false},"author":2,"featured_media":0,"comment_status":"open","ping_status":"open","sticky":false,"template":"","format":"standard","meta":{"footnotes":""},"categories":[],"tags":[],"class_list":["post-4654","post","type-post","status-publish","format-standard","hentry"],"views":19,"_links":{"self":[{"href":"https:\/\/mersingazetesi.com\/index.php\/wp-json\/wp\/v2\/posts\/4654","targetHints":{"allow":["GET"]}}],"collection":[{"href":"https:\/\/mersingazetesi.com\/index.php\/wp-json\/wp\/v2\/posts"}],"about":[{"href":"https:\/\/mersingazetesi.com\/index.php\/wp-json\/wp\/v2\/types\/post"}],"author":[{"embeddable":true,"href":"https:\/\/mersingazetesi.com\/index.php\/wp-json\/wp\/v2\/users\/2"}],"replies":[{"embeddable":true,"href":"https:\/\/mersingazetesi.com\/index.php\/wp-json\/wp\/v2\/comments?post=4654"}],"version-history":[{"count":0,"href":"https:\/\/mersingazetesi.com\/index.php\/wp-json\/wp\/v2\/posts\/4654\/revisions"}],"wp:attachment":[{"href":"https:\/\/mersingazetesi.com\/index.php\/wp-json\/wp\/v2\/media?parent=4654"}],"wp:term":[{"taxonomy":"category","embeddable":true,"href":"https:\/\/mersingazetesi.com\/index.php\/wp-json\/wp\/v2\/categories?post=4654"},{"taxonomy":"post_tag","embeddable":true,"href":"https:\/\/mersingazetesi.com\/index.php\/wp-json\/wp\/v2\/tags?post=4654"}],"curies":[{"name":"wp","href":"https:\/\/api.w.org\/{rel}","templated":true}]}}