{"id":45382,"date":"2023-02-15T14:41:54","date_gmt":"2023-02-15T11:41:54","guid":{"rendered":"http:\/\/mersingazetesi.com\/?p=45382"},"modified":"2024-06-11T22:00:47","modified_gmt":"2024-06-11T19:00:47","slug":"add-kurucu-uyesi-prof-dr-mustafa-altintas-aklimizi-yeterince-basimiza-getirmeyen-depremler","status":"publish","type":"post","link":"https:\/\/mersingazetesi.com\/index.php\/2023\/02\/15\/add-kurucu-uyesi-prof-dr-mustafa-altintas-aklimizi-yeterince-basimiza-getirmeyen-depremler\/","title":{"rendered":"ADD KURUCU \u00dcYES\u0130 Prof. Dr. Mustafa ALTINTA\u015e: AKLIMIZI YETER\u0130NCE BA\u015eIMIZA GET\u0130RMEYEN DEPREMLER(!)"},"content":{"rendered":"<p>\u201c24-31 Ocak Adalet ve Demokrasi Haftas\u0131\u201d nedeniyle, \u201cYeni Ku\u015fak K\u00f6y Enstit\u00fcl\u00fcler Derne\u011fi\u201d ve Atat\u00fcrk\u00e7\u00fc D\u00fc\u015f\u00fcnce Derne\u011fi\u201d Mersin \u015eubeleri ad\u0131na konferans vermek \u00fczere 27 Ocak 2023 g\u00fcn\u00fc geldik Mersin\u2019e.<\/p>\n<p>Konferans sonras\u0131nda kald\u0131\u011f\u0131m\u0131z Mersin\u2019de, 6 \u015eubat 2023\u00a0ilki\u00a0saat 04.17\u2019deki depreme\u00a0yakaland\u0131k.\u00a0Korku ile apartman d\u0131\u015f\u0131na \u00e7\u0131karak, arabalar\u0131m\u0131zda sabahlad\u0131k.<\/p>\n<p>Elbistan Merkezli ikinci deprem nedeni\u00a0ile,\u00a007 \u015eubat 2023 gecesini de arabada ge\u00e7irdik.<\/p>\n<p>8 \u015eubat 2023 g\u00fcn\u00fc ancak, tedirginli\u011fimizi \u00fczerimizden\u00a0att\u0131ktan sonra apartmana d\u00f6nebildik.<\/p>\n<p>&nbsp;<\/p>\n<p>Sonras\u0131nda ise, deprem tarihimiz \u00fczerinde\u00a0k\u0131sa bir ara\u015ft\u0131rma yaparak, 1930-2023 tarihleri aras\u0131nda \u00f6nemli 30 depreme ili\u015fkin a\u015fa\u011f\u0131daki bilgilere eri\u015ftim.<\/p>\n<p>&nbsp;<\/p>\n<p>\u200b\u00a0\u00a0\u00a0Tarih ve\u00a0Deprem\u00a0Yeri\u200b\u200b\u200b\u015eiddeti\u00a0\u200b\u200bCan Kayb\u0131\u200b\u200bYaral\u0131 Say\u0131s\u0131<\/p>\n<p>&nbsp;<\/p>\n<div>1)\u00a006 May\u0131s 1930 Hakkari \u00a0 \u00a0 \u00a0\u200b\u200b7.2\u00a0\u200b\u200b\u00a02.514\u200b\u200b\u200b\u200b?<\/div>\n<p>&nbsp;<\/p>\n<div>2)\u00a026 Aral\u0131k 1939\u200b\u00a0Erzincan\u200b\u200b7.9\u200b\u200b32.962\u200b\u200b\u200b<wbr \/>\u200b?<\/div>\n<p>\u200bULUSAL YAS \u0130LAN ED\u0130LD\u0130. K\u0131\u015f ko\u015fullar\u0131nda iki g\u00fcn sonra ula\u015f\u0131labildi. Deprem \u00f6nlemleri ilk kez\u00a0\u200btart\u0131\u015f\u0131l\u0131r oldu. \u0130lk kez gazetelerde depremde nas\u0131l ya\u015fanaca\u011f\u0131 tart\u0131\u015f\u0131l\u0131r oldu.<\/p>\n<p>&nbsp;<\/p>\n<div>3)\u00a020 Aral\u0131k 1942 Niksar \/ Erbaa\u200b\u200b7.0\u200b\u200b3.000\u00a0kadar\u200b\u200b\u00a0\u00a0 \u00a0 \u00a06.300<\/div>\n<p>&nbsp;<\/p>\n<div>4)\u00a026 Aral\u0131\u00a01943 \u00a0Tosya\u00a0\/ Ladik\u200b\u200b7.2\u200b\u200b2.824\u200b\u200b\u200b\u200b?<\/div>\n<p>&nbsp;<\/p>\n<div>5)\u00a001 \u015eubat\u00a01944 \u00a0Bolu\u00a0\/ Gerede\u200b\u200b7.2\u200b\u200b3.959\u200b\u200b\u200b\u200b?<\/div>\n<p>&nbsp;<\/p>\n<div>6)\u00a031 May\u0131s 1946 Varto \/ H\u0131n\u0131s\u200b\u200b4.0\u200b\u200b1.839\u200b\u200b\u200b\u00a0\u00a0 \u00a0 \u00a0 \u00a0 349<\/div>\n<p>&nbsp;<\/p>\n<div>7)\u00a019 A\u011fustos 1966\u200bVarto\u200b\u200b6.9\u200b\u200b2.394\u200b\u200b\u200b\u00a0\u00a0 \u00a0 \u00a0 1.489<\/div>\n<div>8)\u00a028 Mart 1970\u200b\u200bGediz\u200b\u200b7.2\u200b\u200b1.086\u200b\u200b\u200b\u00a0\u00a0 \u00a0 \u00a0 1.260<\/div>\n<p>&nbsp;<\/p>\n<div>9)\u00a006 Eyl\u00fcl 1975\u200b\u200bLice\u200b\u200b6.9\u200b\u200b1.385\u200b\u200b\u200b\u00a0\u00a0 \u00a0 \u00a0 3.339<\/div>\n<p>&nbsp;<\/p>\n<div>10)\u00a024 Aral\u0131k 1976\u200b\u200b\u00c7ald\u0131ran\u200b7.2\u200b\u200b3.840\u200b\u200b\u200b\u00a0\u00a0 \u00a0 \u00a0 \u00a0 \u00a0497<\/div>\n<p>&nbsp;<\/p>\n<div>11)\u00a030 Kas\u0131m 1983\u200b\u200bErzurum\u200b6.8\u200b\u200b1.155\u200b\u200b\u200b\u00a0\u00a0 \u00a0 \u00a0\u00a01.142<\/div>\n<p>&nbsp;<\/p>\n<div>12)\u00a013 Mart\u00a01992\u200bErzincan\/Tunceli\u200b6.8<wbr \/>\u200b\u200b\u00a0\u00a0 653\u200b\u200b\u200b\u00a0\u00a0 \u00a0 \u00a0\u00a0\u00a0\u00a03.850<\/div>\n<p>&nbsp;<\/p>\n<div>13)\u00a001 Kas\u0131m 1995\u200b\u00a0Dinar\u200b\u200b\u200b5.9\u200b\u200b\u00a0\u00a0 \u00a0 94\u200b\u200b\u200b\u200b?<\/div>\n<p>&nbsp;<\/p>\n<div>14)\u00a027 Haziran 1998 Ceyhan\u200b\u200b6.3\u200b\u200b\u00a0\u00a0 \u00a0 84\u200b\u200b\u200b\u00a0\u00a0 \u00a0 \u00a0 \u00a0 \u00a0\u00a0\u00a0\u00a0310<\/div>\n<p>&nbsp;<\/p>\n<div>15)\u00a017 A\u011fustos 1999 Kocaeli\u200b\u200b7.4\u200b\u00a0\u00a0 \u00a0 \u00a0 \u00a0 \u00a0\u00a0\u00a018.373\u200b\u200b\u200b\u00a0\u00a0 \u00a0 \u00a0\u00a0\u00a0\u00a043.953<\/div>\n<p>&nbsp;<\/p>\n<div>16)\u00a012 Kas\u0131m 1999 D\u00fczce\u200b\u200b\u200b7.2\u200b\u200b\u00a0\u00a0 \u00a0894\u200b\u200b\u200b\u00a0\u00a0 \u00a0 \u00a0 \u00a0\u00a04.948<\/div>\n<p>&nbsp;<\/p>\n<div>17)\u00a006 Haziran 2000 Orta\/\u00c7ank\u0131r\u0131\u200b\u200b6.1\u00a0\u200b\u200b\u00a0\u00a0 \u00a0 \u00a0 \u00a02\u200b\u200b\u200b\u00a0\u00a0 \u00a0 \u00a0\u00a0\u00a0\u00a0\u00a0 \u00a01.766<\/div>\n<p>1<\/p>\n<p>&nbsp;<\/p>\n<p>&nbsp;<\/p>\n<div>18)\u00a015 Aral\u0131k 2000 Bolvadin\/Sultanda\u011f\u0131\u00a0\u200b\u00a05.8\u200b\u200b\u00a0 \u00a0 \u00a0 \u00a06 \u00a0 \u00a0 \u00a0\u00a0\u200b\u200b\u200b\u00a0\u00a0547<\/div>\n<p>&nbsp;<\/p>\n<div>19)\u00a027 Ocak 2003 P\u00fcl\u00fcm\u00fcr\/Tunceli\u200b\u200b6.2\u200b\u200b\u00a0\u00a0 \u00a0 \u00a0 \u00a0 1\u200b\u200b\u200b\u200b\u00a0\u00a0 \u00a0 \u00a07<\/div>\n<p>&nbsp;<\/p>\n<div>20)\u00a022 May\u0131s 2003 Bing\u00f6l\u200b\u200b\u200b6.4\u200b\u200b\u00a0\u00a0 \u00a0 \u00a0176\u200b\u200b\u200b\u200b\u00a0\u00a0 520<\/div>\n<p>&nbsp;<\/p>\n<div>21)\u00a022 ve 28\u00a0Mart \u00a02004\u00a0A\u015fkale\/Erzurum 5.1\u200b\u200b\u00a0\u00a0 \u00a0 \u00a0 \u00a0 \u00a09\u200b\u200b\u200b\u200b\u00a0\u00a0 \u00a0 20<\/div>\n<p>&nbsp;<\/p>\n<div>22)\u00a002 Temmuz 2004 D.Beyaz\u0131t\/A\u011fr\u0131\u200b5.1\u00a0ve 5.2\u200b\u00a0\u00a0 \u00a0 \u00a0 \u00a018\u200b\u200b\u200b\u200b\u00a0\u00a0 \u00a0 32<\/div>\n<p>&nbsp;<\/p>\n<div>23)\u00a025 Ocak 2005 Hakkari\u200b\u200b\u200b5.5\u200b\u200b\u00a0\u00a0 \u00a0 \u00a0 \u00a0 \u00a02\u200b\u200b\u200b\u200b\u00a0\u00a0 \u00a0 \u00a0 5<\/div>\n<p>&nbsp;<\/p>\n<div>24)\u00a008 Mart 2010 Kovanc\u0131lar\/Elaz\u0131\u011f\u200b\u200b6.0\u200b\u200b\u00a0\u00a0 \u00a0 \u00a0 \u00a051\u200b\u200b\u200b\u200b\u00a0\u00a0 \u00a0 \u00a074<\/div>\n<p>&nbsp;<\/p>\n<div>25)\u00a019 May\u0131s 2011 Simav\/K\u00fctahya\u200b\u200b5.9\u200b\u200b\u00a0\u00a0 \u00a0 \u00a0 \u00a0 \u00a02 \u00a0 \u00a0 \u00a0 \u00a0 \u00a0 \u00a0 \u00a0 \u00a0 \u00a0 \u00a0 \u00a0 \u00a0 \u00a0 \u00a0 \u00a0\u200b\u00a0\u00a0\u200b\u00a0\u00a0122<\/div>\n<p>&nbsp;<\/p>\n<div>26)\u00a021Ekim 2011\u200bVan\u200b\u200b\u200b7.3\u200b\u200b\u00a0\u00a0 \u00a0 \u00a0 604\u200b\u200b\u00a0\u00a0 \u00a0 \u00a0 \u00a0 \u00a0 \u00a0\u200b\u200b\u00a04.152<\/div>\n<p>&nbsp;<\/p>\n<div>27)\u00a024 Ocak 2020\u00a0Elaz\u0131\u011f\/Malatya\u00a0\u200b\u200b6.8\u200b\u200b\u00a0\u00a0 \u00a0 \u00a0 \u00a0 41\u200b\u200b\u00a0\u00a0 \u00a0 \u00a0 \u00a0 \u00a0 \u00a0\u00a0\u200b\u200b1.000<\/div>\n<p>&nbsp;<\/p>\n<div>28)\u00a030.10.2020 Seferihisar\/\u0130zmir\u200b\u200b6.9\u200b\u200b\u00a0\u00a0 \u00a0 \u00a0 117 \u00a0 \u00a0 \u00a0 \u00a0 \u00a0 \u00a0 \u00a0 \u00a0 \u00a0 \u00a0\u00a0\u200b\u200b1.034<\/div>\n<p>&nbsp;<\/p>\n<div>29)\u00a012 Kas\u0131m 2020\u00a0\u200bP\u00f6t\u00fcrge\u00a0\/ Malatya\u200b4.7\u200b\u200b\u00a0 \u00a0 \u00a0 \u00a0 ?\u200b\u200b\u200b\u200b\u00a0\u00a0 \u00a0?<\/div>\n<p>&nbsp;<\/p>\n<p>30)\u00a06 \u015eubat 2023(Pazarc\u0131k, Elbistan\/Mara\u015f, Ad\u0131yaman, Malatya;\u00a0G.Antep, Urfa, D.Bak\u0131r, Kilis, Hatay,\u200bOsmaniye, Adana)\u00a0\u200bB\u0130R HAFTA ULUSAL YAS \u0130LAN ED\u0130LD\u0130.<\/p>\n<p>\u200b(10.02.2023,Saat 15.08\u2019da)\u00a0\u00a0\u00a07.7\u00a0ve 7.6\u200b\u00a0\u00a0 \u00a0 \u00a0 \u00a0 \u00a0 \u00a0 \u00a0\u00a0\u200b18.991\u00a0\u00a0 \u00a0 \u00a0 \u00a0 \u00a0 \u00a0\u200b\u200b\u00a0\u00a0 \u00a0 \u00a0 \u00a0 \u00a0 \u00a0\u00a075.523<\/p>\n<p>&nbsp;<\/p>\n<p>1930- 2023 y\u0131llar\u0131nda saptanan\u00a030 \u00f6nemli depremlerin en \u015fiddetlisi ve en fazla\u00a0can kayb\u0131na neden olan deprem, 1930\u2019daki Erzincan Depremi. \u015eiddetlilik a\u00e7\u0131s\u0131ndan ikinci s\u0131rada ise, 6 \u015eubat 2023\u00a0on\u00a0ilimizi \u00a0etkileyen\u00a0son deprem oldu.<\/p>\n<p>San\u0131r\u0131m, kesin rakamlara vard\u0131\u011f\u0131m\u0131zda 6 \u015eubat Depreminin, 17 A\u011fustos 1999\u2019daki G\u00f6lc\u00fck\/Kocaeli Depreminin \u00f6n\u00fcne ge\u00e7ece\u011fini d\u00fc\u015f\u00fcn\u00fcyorum.<\/p>\n<p>&nbsp;<\/p>\n<p>Ya\u015fam\u0131m boyunca \u00fc\u00e7 depremin i\u00e7inde oldum.<\/p>\n<p>\u0130lki 13 Mart 1992\u2019de ki Erzincan\/Tunceli Depremi oldum.<\/p>\n<p>Deprem s\u0131ras\u0131nda, DYP-SHP Ortak H\u00fck\u00fcmetinde, Ba\u015fbakanl\u0131k Dan\u0131\u015fman\u0131 olarak, Ba\u015fbakan Demirel, Ba\u015fbakan Yard\u0131mc\u0131s\u0131 Erdal \u0130n\u00f6n\u00fc, Devlet Bakan\u0131 Erman \u015eahin ile birlikte, Erzincan\u2019a eri\u015fen ilk heyet i\u00e7inde idim. \u00c7al\u0131\u015fmalar\u0131m\u0131z\u0131 1930\u2019lu y\u0131llardan kalma Vilayet Binas\u0131nda s\u00fcrd\u00fcr\u00fcyorduk.<\/p>\n<p>Hen\u00fcz, kesin kabul\u00fc yap\u0131lmayan vilayet binas\u0131 eklentisi ise, yerle bir\u00a0olmu\u015ftu.<\/p>\n<p>Gazetecilerin\u00a0buna ili\u015fkin sorular\u0131na \u201c\u2026Cumhuriyet\u2019in\u00a0yap\u0131lar\u0131 sapasa\u011flam, Demokrasimizin ise yerle bir. \u00c7\u00fcnk\u00fc biz, demokrasiyi\u00a0kamu kaynaklar\u0131n\u0131n ya\u011fma ve talan\u0131ndan pay kapma olarak alg\u0131lad\u0131k.\u201d\u00a0yan\u0131t\u0131n\u0131 vermi\u015ftim.<\/p>\n<p>G\u00f6revimiz, Erzincan\u2019\u0131 yeniden yaratmakt\u0131. Avrupa \u0130skan Fonu ile D\u00fcnya Bankas\u0131\u2019ndan sa\u011flanan krediler\u00a0ile,\u00a0TK\u0130 Ba\u015fkan\u0131 Yi\u011fit\u00a0G\u00fcll\u00f6ks\u00fcz\u00a0ve Ekibi, k\u0131sa s\u00fcrede yeni bir Erzincan yaratt\u0131lar. Onlar\u0131 sayg\u0131 ile an\u0131yorum.<\/p>\n<p>&nbsp;<\/p>\n<p>Depremle ikinci bulu\u015fmam\u0131z, 30 Ekim 2020 g\u00fcn\u00fc Seferihisar-\u0130zmir Depreminde oldu.<\/p>\n<p>Aradan \u00fc\u00e7 y\u0131l ge\u00e7mesine kar\u015f\u0131n, evsiz kalanlar\u0131n sorunu ortada bulunmakta. \u00dc\u00e7\u00fcnc\u00fcs\u00fc ise, ya\u015fanmakta olan\u00a0G. Do\u011fu\u00a0Anadolu B\u00f6lgesindeki 06 \u015eubat 2023 g\u00fcnl\u00fc deprem olmu\u015ftur.<\/p>\n","protected":false},"excerpt":{"rendered":"<p>\u201c24-31 Ocak Adalet ve Demokrasi Haftas\u0131\u201d nedeniyle, \u201cYeni Ku\u015fak K\u00f6y Enstit\u00fcl\u00fcler Derne\u011fi\u201d ve Atat\u00fcrk\u00e7\u00fc D\u00fc\u015f\u00fcnce Derne\u011fi\u201d Mersin \u015eubeleri ad\u0131na konferans vermek \u00fczere 27 Ocak 2023 g\u00fcn\u00fc geldik Mersin\u2019e. Konferans sonras\u0131nda kald\u0131\u011f\u0131m\u0131z Mersin\u2019de, 6 \u015eubat 2023\u00a0ilki\u00a0saat 04.17\u2019deki depreme\u00a0yakaland\u0131k.\u00a0Korku ile apartman d\u0131\u015f\u0131na \u00e7\u0131karak, arabalar\u0131m\u0131zda sabahlad\u0131k. Elbistan Merkezli ikinci deprem nedeni\u00a0ile,\u00a007 \u015eubat 2023 gecesini de arabada ge\u00e7irdik. 8 [&hellip;]<\/p>\n","protected":false},"author":16,"featured_media":0,"comment_status":"open","ping_status":"open","sticky":false,"template":"","format":"standard","meta":{"footnotes":""},"categories":[38],"tags":[],"class_list":["post-45382","post","type-post","status-publish","format-standard","hentry","category-add-kurucu-uyesi-prof-dr-mustafa-altintas"],"views":101,"_links":{"self":[{"href":"https:\/\/mersingazetesi.com\/index.php\/wp-json\/wp\/v2\/posts\/45382","targetHints":{"allow":["GET"]}}],"collection":[{"href":"https:\/\/mersingazetesi.com\/index.php\/wp-json\/wp\/v2\/posts"}],"about":[{"href":"https:\/\/mersingazetesi.com\/index.php\/wp-json\/wp\/v2\/types\/post"}],"author":[{"embeddable":true,"href":"https:\/\/mersingazetesi.com\/index.php\/wp-json\/wp\/v2\/users\/16"}],"replies":[{"embeddable":true,"href":"https:\/\/mersingazetesi.com\/index.php\/wp-json\/wp\/v2\/comments?post=45382"}],"version-history":[{"count":0,"href":"https:\/\/mersingazetesi.com\/index.php\/wp-json\/wp\/v2\/posts\/45382\/revisions"}],"wp:attachment":[{"href":"https:\/\/mersingazetesi.com\/index.php\/wp-json\/wp\/v2\/media?parent=45382"}],"wp:term":[{"taxonomy":"category","embeddable":true,"href":"https:\/\/mersingazetesi.com\/index.php\/wp-json\/wp\/v2\/categories?post=45382"},{"taxonomy":"post_tag","embeddable":true,"href":"https:\/\/mersingazetesi.com\/index.php\/wp-json\/wp\/v2\/tags?post=45382"}],"curies":[{"name":"wp","href":"https:\/\/api.w.org\/{rel}","templated":true}]}}