{"id":44341,"date":"2023-01-31T15:25:45","date_gmt":"2023-01-31T12:25:45","guid":{"rendered":"http:\/\/mersingazetesi.com\/?p=44341"},"modified":"2024-06-11T22:00:47","modified_gmt":"2024-06-11T19:00:47","slug":"add-kurucu-uyesi-prof-dr-mustafa-altintas-dogru-soyleyeni-yasatmazlar-mi","status":"publish","type":"post","link":"https:\/\/mersingazetesi.com\/index.php\/2023\/01\/31\/add-kurucu-uyesi-prof-dr-mustafa-altintas-dogru-soyleyeni-yasatmazlar-mi\/","title":{"rendered":"ADD KURUCU \u00dcYES\u0130 Prof. Dr. Mustafa ALTINTA\u015e: DO\u011eRU S\u00d6YLEYEN\u0130 YA\u015eATMAZLAR MI!?"},"content":{"rendered":"<div dir=\"ltr\">Dilimizde yer tutmu\u015f deyi\u015flerimiz vard\u0131r. Bunlardan yayg\u0131nl\u0131k kazananlardan birisi, \u201cDo\u011fru s\u00f6yleyeni onuncu k\u00f6ye \u00f6telerler\u201ddir.<\/div>\n<div dir=\"ltr\">Fakir Baykurt taraf\u0131ndan yaz\u0131lan romanlar\u0131ndan birinin ad\u0131 \u2018Onuncu K\u00f6y\u2019d\u00fc.<\/div>\n<div dir=\"ltr\">Do\u011fru yazanlardan Bekir Co\u015fkun\u2019un s\u00fctununun ba\u015f\u0131 \u2018Onuncu K\u00f6y\u2019d\u00fc.<\/div>\n<div dir=\"ltr\">1990\u2019larda ve sonras\u0131nda, do\u011fru s\u00f6yleyenleri\/yazanlar\u0131 onuncu k\u00f6ye \u00f6teleme yerine, ya\u015famdan kopartmak y\u00f6ntemi giderek yayg\u0131nla\u015f\u0131r ve kitleselle\u015fir oldu.<\/div>\n<div dir=\"ltr\">1990\u2019lar\u0131n ilk ay\u0131nda kurbanlara ADD kurucusu, T\u00fcrk Hukuk Kurumu Ba\u015fkan\u0131, Ankara Barosu \u00d6nceki Ba\u015fkan\u0131, 1961 Anayasas\u0131\u2019n\u0131n S\u00f6zc\u00fcs\u00fc Prof. Dr. Muammer Aksoy ve T\u00fcrkiye\u2019de Ara\u015ft\u0131rmac\u0131 Gazetecili\u011fin \u00f6nc\u00fcs\u00fc U\u011fur Mumcu oldu.<\/div>\n<div dir=\"ltr\">Otuz y\u0131ld\u0131r, \u201cAdalet ve Demokrasi Haftas\u0131\u201d ba\u015fl\u0131\u011f\u0131n\u0131 ta\u015f\u0131yan etkinliler, 24 \u2013 31 Ocak aral\u0131\u011f\u0131nda s\u00fcrd\u00fcr\u00fclmekte. Hafta, 24 Ocak 1993\u2019de, arabas\u0131n\u0131n d\u00fczeneklerine yerle\u015ftirilen patlay\u0131c\u0131 ile ya\u015famdan kopart\u0131lan U\u011fur Mumcu ile ba\u015flanmakta, 31 Ocak 1990\u2019da evinin giri\u015finde kur\u015funlanarak \u00f6ld\u00fcr\u00fclen Prof. Dr. Muammer Aksoy ile sonlanmakta.<\/div>\n<div dir=\"ltr\">Bu bir hafta i\u00e7inde, yurdumuzun hemen t\u00fcm k\u00f6\u015felerinde, adalet ve demokrasi arayanlar bir araya gelerek, istemlerini yinelemektedirler.<\/div>\n<div dir=\"ltr\">Yeni Ku\u015fak K\u00f6y Enstit\u00fcl\u00fcler Derne\u011fi Mersin \u015eubesi de, bu hafta i\u00e7inde beni, K\u00f6y Enstit\u00fclerini kapatan, 27 Ocak 1954 g\u00fcnl\u00fc, 6234 Say\u0131l\u0131 \u201cK\u00f6y Enstit\u00fcleri ile \u0130lk\u00f6\u011fretmen Okullar\u0131n\u0131n Birle\u015ftirilmesi Hakk\u0131nda Yasa\u201d \u00fczerine konu\u015fma yapmam i\u00e7in davet etti. 28 Ocak 2023 Cumartesi g\u00fcn\u00fc, Dernek Binas\u0131nda, \u00e7o\u011fu K\u00f6y Enstit\u00fcs\u00fc ile ge\u00e7mi\u015fi olanlarla bir araya geldik.<\/div>\n<div dir=\"ltr\">\u00dclkemiz ve e\u011fitim sistemimiz \u00fczerine birlikte d\u00fc\u015f\u00fcnd\u00fck.<\/div>\n<div dir=\"ltr\"><\/div>\n<div dir=\"ltr\">Ankara Barosu Dergisi, Ocak 1994\u2019de, \u201c1. Adalet ve Demokrasi Haftas\u0131\u201c i\u00e7in, \u201cAksoy \u2013 Mumcu \u00d6zel Say\u0131s\u0131\u201d yay\u0131mlam\u0131\u015ft\u0131r.<\/div>\n<div dir=\"ltr\">Bu \u00d6zel Say\u0131\u2019ya, Baro Ba\u015fkanl\u0131\u011f\u0131\u2019n\u0131n \u00e7a\u011fr\u0131s\u0131 \u00fczerine ben de katk\u0131da bulundum. Otuz y\u0131l \u00f6nce yazd\u0131\u011f\u0131m ve g\u00fcncelli\u011fini yitirmedi\u011fini d\u00fc\u015f\u00fcnd\u00fc\u011f\u00fcm bu yaz\u0131m\u0131, Aksoy Hocam\u0131n ve Dostum U\u011fur Mumcu\u2019nun \u015fahs\u0131nda,<\/div>\n<div dir=\"ltr\">\u00a0\u201cT\u00fcm adalet ve demokrasi arayanlar\u201dla<\/div>\n<div dir=\"ltr\">\u00a0payla\u015fmak istiyorum.<\/div>\n<div dir=\"ltr\"><\/div>\n<div dir=\"ltr\">\u201cOcak Ay\u0131n\u0131n<\/div>\n<div dir=\"ltr\">\u00a0G\u00f6t\u00fcrd\u00fckleri<\/div>\n<div dir=\"ltr\"><\/div>\n<div dir=\"ltr\">Ocak Ay\u0131, 1990\u2019l\u0131 y\u0131llarla birlikte \u00fclkemizde yaln\u0131z yeni bir seneye umutlu ve iddial\u0131 bir ba\u015flang\u0131\u00e7 olma \u00f6zelli\u011fini yitirdi. Ger\u00e7i giderek azg\u0131nla\u015fan ve devlet kurum ve kurulu\u015flar\u0131nca da desteklenen yobazl\u0131k ve gericilik, halk\u0131m\u0131za bir y\u0131lba\u015f\u0131 kutlamas\u0131n\u0131 bile \u201charam\u201d k\u0131lmakta. O\u2019na, bir gececik de olsa d\u00fcnya insanl\u0131\u011f\u0131n\u0131n bir par\u00e7as\u0131 oldu\u011fu duyuncunu ve g\u00fcvenini \u00e7ok g\u00f6rmekteler. 1994(20.23de) y\u0131lba\u015f\u0131 \u00f6ncesinde baz\u0131 medya ara\u00e7lar\u0131ndaki ba\u015fl\u0131k ve programlar\u0131n\u0131 an\u0131msarsan\u0131z, bu korku salman\u0131n hangi yayg\u0131nl\u0131\u011fa vard\u0131\u011f\u0131n\u0131 daha iyi g\u00f6zlemleyebilirsiniz.<\/div>\n<div dir=\"ltr\">1990\u2019dan ba\u015flayarak Ocak Ay\u0131, yaln\u0131zca yeni y\u0131la kucak a\u00e7man\u0131n, yeni bir ba\u015flang\u0131\u00e7 yapman\u0131n \u00f6tesinde, iki de\u011ferli ara\u015ft\u0131r\u0131c\u0131, bilim insan\u0131 al\u00e7ak\u00e7a katledildi\u011fi ay olma \u00f6zelli\u011fini de ta\u015f\u0131yor olmaya \u00f6ld\u00fcr\u00fclmelerinin kendi g\u00fcnleri aras\u0131nda yer almas\u0131ndan u\u011frad\u0131klar\u0131 utan\u00e7 ve \u00fcz\u00fcnt\u00fcy\u00fc dillendirirdi, gibime geliyor.<\/div>\n<div dir=\"ltr\">Prof. Aksoy\u2019un \u00f6ld\u00fcr\u00fclmesinin \u00fczerinden d\u00f6rt sene, Mumcu\u2019nun \u00f6ld\u00fcr\u00fclmesinin \u00fczerinden bir sene ge\u00e7mi\u015f bulunmakta. Aksoy Hoca\u2019n\u0131n al kanlar i\u00e7inde d\u00fc\u015ft\u00fc\u011f\u00fc apartman giri\u015fi g\u00f6zlerimin \u00f6n\u00fcnde. Mumcu\u2019nun savrulan g\u00f6vdesinin uzand\u0131\u011f\u0131 yer belle\u011fimden \u00e7\u0131km\u0131yor. Bu iki yerden, bu iki bilge ve co\u015fkulu, \u00fcretken insan\u0131n aziz bedenleri kald\u0131r\u0131ld\u0131\u011f\u0131, ama devletin ve devletl\u00fclerin onurlar\u0131 ve namus bor\u00e7lar\u0131 hala oldu\u011fu gibi, aradan 33 ve 30 y\u0131l sonra da, orada duruyor. Aksoy ve Mumcu\u2019nun intikam de\u011fil ama, adalet istemleri, ger\u00e7ek katillerini bilme haklar\u0131 onlara sa\u011flanm\u0131\u015f de\u011fil\u2026<\/div>\n<div dir=\"ltr\">\u2026<\/div>\n<div dir=\"ltr\"><\/div>\n<div dir=\"ltr\">1<\/div>\n<div dir=\"ltr\">Sevgili Aksoy ile De\u011ferli Dost Mumcu\u2019nun ki\u015filikleri, d\u00fc\u015f\u00fcnce namusluluklar\u0131, fikri takipteki y\u0131lma bilmeyen tutumlar\u0131 ve d\u00fc\u015f\u00fcncelerinden \u00f6d\u00fcn vermezlikleri gibi \u00f6zelliklerindeki benzerlik, sonlar\u0131nda da kendisini g\u00f6stermektedir. Al\u00e7ak\u00e7a bir sald\u0131r\u0131ya u\u011framalar\u0131 ve bu sald\u0131r\u0131lar\u0131n ayn\u0131 ay\u0131n son yedi g\u00fcn\u00fc i\u00e7ine s\u0131\u011fmas\u0131 buna an\u0131t olarak g\u00f6sterilebilir.<\/div>\n<div dir=\"ltr\">Bu iki insan da, T\u00fcrkiye\u2019de demorasinin, hukuk devletinin, insan haklar\u0131n\u0131n ayakta durabilmesi ve bunun da \u00f6tesinde \u00e7a\u011fda\u015f i\u00e7eriye ve eksiksiz uygulamaya kavu\u015fmas\u0131 i\u00e7in \u00e7aba g\u00f6stermi\u015fler ve canlar\u0131n\u0131, sonu\u00e7ta bu ama\u00e7 u\u011frunda vermi\u015flerdir.<\/div>\n<div dir=\"ltr\">Sevgili Aksoy Hocam\u2019\u0131n, Sevgili Emin \u00c7\u00f6la\u015fan ile, \u00f6ld\u00fcr\u00fcld\u00fc\u011f\u00fc g\u00fcn yapt\u0131\u011f\u0131 son s\u00f6yle\u015fisi, \u00fclkemizde giderek h\u0131z kazanan \u201cetnik ve dinsel\u201d yobazl\u0131k, ba\u011fnazl\u0131k ve gericili\u011fe kar\u015f\u0131 uyar\u0131 amac\u0131 ta\u015f\u0131rken, \u00f6ld\u00fcr\u00fclmesinden d\u00f6rt ay \u00f6nce yay\u0131mlad\u0131\u011f\u0131,<\/div>\n<div dir=\"ltr\">\u00a0\u201c\u00d6n\u00fcm\u00fczdeki Cumhurba\u015fkanl\u0131\u011f\u0131 Se\u00e7imi: Rejim Bunal\u0131m\u0131na ve K\u00f6t\u00fc Sonu\u00e7lar\u0131na PupaYelkenGidi\u015f(Tekin Yay\u0131nevi)\u201d adl\u0131 yap\u0131t\u0131, demokratik kurallara ve Anayasa\u2019n\u0131n \u00f6z\u00fcne \u00a0ayk\u0131r\u0131 olarak yap\u0131lacak bir Cumhurba\u015fkanl\u0131\u011f\u0131 se\u00e7imi konusunda kamuoyunu g\u00f6reve \u00e7a\u011f\u0131r\u0131rken, son yaz\u0131s\u0131na kadar toplumu bilgilendirme ve kamuoyunu uyarma konusunda insan\u00fcst\u00fc \u00e7aban\u0131n \u00fcreticileri olmu\u015flard\u0131r.<\/div>\n<div dir=\"ltr\">\u2026<\/div>\n<div dir=\"ltr\">\u00c7a\u011fda\u015f, uygar hukuk devletinin birincil sorumlulu\u011fu, her insan\u0131n do\u011fdu\u011fu andan ba\u015flayarak sahip oldu\u011fu insan haklar\u0131 ve temel \u00f6zg\u00fcrl\u00fckleri korumak ve geli\u015ftirmektir. Bunlara sayg\u0131, a\u015f\u0131r\u0131 g\u00fc\u00e7l\u00fc bir devlete kar\u015f\u0131 temel bir g\u00fcvencedir. \u00a0Bunlara uyulmas\u0131 ve eksiksiz i\u015flerlik kazand\u0131r\u0131lmas\u0131 \u00f6zg\u00fcrl\u00fck, adalet ve \u00a0bar\u0131\u015f\u0131n temelini olu\u015fturur. Demokrasinin vazge\u00e7ilmez unsurlar\u0131ndan birisi de, bilindi\u011fi gibi, demokratik kitle \u00f6rg\u00fctlerinden olan siyasal partilerdir. T\u00fcrkiye\u2019de siyasal partilerin kendi bindikleri dal\u0131 kesmemeleri, demokrasinin temeli olan, insan\u0131n ki\u015fili\u011fine sayg\u0131 g\u00f6stermeyen ve hukukun \u00fcst\u00fcnl\u00fc\u011f\u00fcn\u00fc g\u00f6zetmeyen siyasal iktidar\u0131n, bir \u00fclkede \u00f6zg\u00fcrl\u00fc\u011f\u00fc, adaleti ve bar\u0131\u015f\u0131 sa\u011flamas\u0131n\u0131n olana\u011f\u0131 bulunmamaktad\u0131r. \u00dclkemizde \u201c\u00f6zg\u00fcrl\u00fcklerin \u00f6z\u00fcrl\u00fc\u201d, \u201cadaletin na-mevcut\u201d ve \u201cbar\u0131\u015f\u0131n bozulmu\u015flu\u011funun\u201d nerelerden kaynakland\u0131\u011f\u0131n\u0131 g\u00f6rebilmekteyiz. Devlet organlar\u0131, uluslar aras\u0131\/uluslar\u00fcst\u00fc belgelere ge\u00e7en sorumlulu\u011funun gere\u011fi olan, insan haklar\u0131 ve temel \u00f6zg\u00fcrl\u00fckleri koruma ve geli\u015ftirme g\u00f6revini yapmal\u0131d\u0131rlar.<\/div>\n<div dir=\"ltr\">Sevgili Aksoy ve Sevgili Mumcu\u2019nun, Mumcular\u2019\u0131n adalet \u00a0iste\u011finin yan\u0131na, ya\u015fayan insanlar\u0131n haklar\u0131 ve temel \u00f6zg\u00fcrl\u00fcklerinin korunmas\u0131 ve geli\u015ftirilmesi istemini de eklemekte yarar bulunmaktad\u0131r.\u201d<\/div>\n","protected":false},"excerpt":{"rendered":"<p>Dilimizde yer tutmu\u015f deyi\u015flerimiz vard\u0131r. Bunlardan yayg\u0131nl\u0131k kazananlardan birisi, \u201cDo\u011fru s\u00f6yleyeni onuncu k\u00f6ye \u00f6telerler\u201ddir. Fakir Baykurt taraf\u0131ndan yaz\u0131lan romanlar\u0131ndan birinin ad\u0131 \u2018Onuncu K\u00f6y\u2019d\u00fc. Do\u011fru yazanlardan Bekir Co\u015fkun\u2019un s\u00fctununun ba\u015f\u0131 \u2018Onuncu K\u00f6y\u2019d\u00fc. 1990\u2019larda ve sonras\u0131nda, do\u011fru s\u00f6yleyenleri\/yazanlar\u0131 onuncu k\u00f6ye \u00f6teleme yerine, ya\u015famdan kopartmak y\u00f6ntemi giderek yayg\u0131nla\u015f\u0131r ve kitleselle\u015fir oldu. 1990\u2019lar\u0131n ilk ay\u0131nda kurbanlara ADD kurucusu, T\u00fcrk [&hellip;]<\/p>\n","protected":false},"author":16,"featured_media":0,"comment_status":"open","ping_status":"open","sticky":false,"template":"","format":"standard","meta":{"footnotes":""},"categories":[38],"tags":[],"class_list":["post-44341","post","type-post","status-publish","format-standard","hentry","category-add-kurucu-uyesi-prof-dr-mustafa-altintas"],"views":155,"_links":{"self":[{"href":"https:\/\/mersingazetesi.com\/index.php\/wp-json\/wp\/v2\/posts\/44341","targetHints":{"allow":["GET"]}}],"collection":[{"href":"https:\/\/mersingazetesi.com\/index.php\/wp-json\/wp\/v2\/posts"}],"about":[{"href":"https:\/\/mersingazetesi.com\/index.php\/wp-json\/wp\/v2\/types\/post"}],"author":[{"embeddable":true,"href":"https:\/\/mersingazetesi.com\/index.php\/wp-json\/wp\/v2\/users\/16"}],"replies":[{"embeddable":true,"href":"https:\/\/mersingazetesi.com\/index.php\/wp-json\/wp\/v2\/comments?post=44341"}],"version-history":[{"count":0,"href":"https:\/\/mersingazetesi.com\/index.php\/wp-json\/wp\/v2\/posts\/44341\/revisions"}],"wp:attachment":[{"href":"https:\/\/mersingazetesi.com\/index.php\/wp-json\/wp\/v2\/media?parent=44341"}],"wp:term":[{"taxonomy":"category","embeddable":true,"href":"https:\/\/mersingazetesi.com\/index.php\/wp-json\/wp\/v2\/categories?post=44341"},{"taxonomy":"post_tag","embeddable":true,"href":"https:\/\/mersingazetesi.com\/index.php\/wp-json\/wp\/v2\/tags?post=44341"}],"curies":[{"name":"wp","href":"https:\/\/api.w.org\/{rel}","templated":true}]}}