{"id":4395,"date":"2021-11-23T11:53:03","date_gmt":"2021-11-23T08:53:03","guid":{"rendered":"http:\/\/mersin.mesiad.org\/index.php\/2021\/11\/23\/mersin-sahilindeki-son-kafe-de-yikildi\/"},"modified":"2021-11-23T11:53:03","modified_gmt":"2021-11-23T08:53:03","slug":"mersin-sahilindeki-son-kafe-de-yikildi","status":"publish","type":"post","link":"https:\/\/mersingazetesi.com\/index.php\/2021\/11\/23\/mersin-sahilindeki-son-kafe-de-yikildi\/","title":{"rendered":"Mersin sahilindeki son kafe de y\u0131k\u0131ld\u0131"},"content":{"rendered":"<p>Mersin&#8217;de imara ayk\u0131r\u0131 \u015fekilde faaliyet y\u00fcr\u00fctt\u00fc\u011f\u00fc gerek\u00e7esiyle y\u0131k\u0131m karar\u0131 \u00e7\u0131kar\u0131lan sahildeki son i\u015f yerinin de y\u0131k\u0131m\u0131 belediye ekipleri taraf\u0131ndan ger\u00e7ekle\u015ftirildi. Ge\u00e7ti\u011fimiz y\u0131l yap\u0131lan kafe y\u0131k\u0131m\u0131ndaki olaylar bu sefer ya\u015fanmazken, i\u015fletme sahibi mahkeme s\u00fcrecinin daha devam etti\u011fini s\u00f6yledi.\u00a0<br \/>\nEdinilen bilgiye g\u00f6re, merkez Akdeniz il\u00e7esi Atat\u00fcrk Park\u0131 i\u00e7erisinde Milli Emlak M\u00fcd\u00fcrl\u00fc\u011f\u00fc&#8217;ne ait arazide imara ayk\u0131r\u0131 olarak faaliyet y\u00fcr\u00fctt\u00fc\u011f\u00fc gerek\u00e7esiyle y\u0131k\u0131m karar\u0131 \u00e7\u0131kar\u0131lan &#8216;Park Kafe&#8217; adl\u0131 bir i\u015f yerinin y\u0131k\u0131m\u0131 i\u00e7in belediye ekipleri sabah saatlerinde harekete ge\u00e7ti. Ge\u00e7ti\u011fimiz y\u0131l ger\u00e7ekle\u015ftirilen kafe y\u0131k\u0131m\u0131ndaki olaylar bu sefer ya\u015fanmazken, i\u015fletme sahipleri ve \u00e7al\u0131\u015fanlar\u0131 y\u0131k\u0131m \u00e7al\u0131\u015fmas\u0131n\u0131 oturarak izledi. Polis ekipleri yo\u011fun g\u00fcvenlik \u00f6nlemi al\u0131rken, herhangi bir olay meydana gelmedi.\u00a0<br \/>\nY\u0131k\u0131mla ilgili gazetecilere a\u00e7\u0131klamalarda bulunan i\u015fletme sahibi Alaattin Ceylan, bu kafeleri daha \u00f6nceki d\u00f6nemlerdeki belediye ba\u015fkanlar\u0131n\u0131n tavsiyesiyle b\u00fcy\u00fctt\u00fcklerini s\u00f6yledi. B\u00fcy\u00fctt\u00fckten sonra hazinenin paray\u0131 o \u00f6l\u00e7\u00fclere g\u00f6re ald\u0131\u011f\u0131n\u0131 kaydeden Ceylan, &#8220;Buralara onca para harcad\u0131k. Ondan sonra gelen belediye ba\u015fkan\u0131 buray\u0131 y\u0131kmak istedi. \u0130mar bar\u0131\u015f\u0131ndan faydaland\u0131k. Burada bundan yararlanan tek i\u015fletme ben oldum ancak yalan beyanlarla imar bar\u0131\u015f\u0131ndan ald\u0131\u011f\u0131m\u0131z belgeleri belediye iptal etti. Mahkememiz daha devam ediyor. Mahkemenin sonucu geldi\u011fi zaman hak yine bize ge\u00e7ecek ve kurumlar tazminat \u00f6demeye mahkum edilecek&#8221; diye konu\u015ftu.\u00a0<br \/>\nY\u0131k\u0131m\u0131n gerek\u00e7esinin &#8216;imar d\u0131\u015f\u0131&#8217; olmalar\u0131ndan kaynakland\u0131\u011f\u0131n\u0131 belirten Ceylan, &#8220;Gerek\u00e7e do\u011fru ama imar bar\u0131\u015f\u0131 kanunu \u00e7\u0131kt\u0131. Biz bundan faydaland\u0131k. Yap\u0131 kay\u0131t belgesini alabilece\u011fimiz t\u00fcm belgeler bende mevcut. Sadece buran\u0131n dolgu, sosyal donat\u0131 alan\u0131 oldu\u011funu belirttiler. \u00d6yle bir \u015fey yok. \u0130mar plan\u0131nda her \u015fey belli. Buras\u0131 son kafeydi. Atat\u00fcrk Park\u0131&#8217;nda kimsenin oturabilece\u011fi bir yer yok. \u0130nsanlara hizmet ediyorduk. Buras\u0131 sondu, buray\u0131 da ortadan kald\u0131rd\u0131lar. \u015eimdi di\u011fer taraf gibi karanl\u0131\u011fa g\u00f6m\u00fclecek. Art\u0131k ne aile gelebilir ne ba\u015fka biri gelebilir. Ak\u015fam \u00e7\u00f6kt\u00fckten sonra kimse buraya giremeyecek&#8221; ifadelerini kulland\u0131. \u00a0<\/p>\n<p>\u0130HA<\/p>\n","protected":false},"excerpt":{"rendered":"<p>Mersin&#8217;de imara ayk\u0131r\u0131 \u015fekilde faaliyet y\u00fcr\u00fctt\u00fc\u011f\u00fc gerek\u00e7esiyle y\u0131k\u0131m karar\u0131 \u00e7\u0131kar\u0131lan sahildeki son i\u015f yerinin de y\u0131k\u0131m\u0131 belediye ekipleri taraf\u0131ndan ger\u00e7ekle\u015ftirildi. Ge\u00e7ti\u011fimiz y\u0131l yap\u0131lan kafe y\u0131k\u0131m\u0131ndaki olaylar bu sefer ya\u015fanmazken, i\u015fletme sahibi mahkeme s\u00fcrecinin daha devam etti\u011fini s\u00f6yledi.\u00a0 Edinilen bilgiye g\u00f6re, merkez Akdeniz il\u00e7esi Atat\u00fcrk Park\u0131 i\u00e7erisinde Milli Emlak M\u00fcd\u00fcrl\u00fc\u011f\u00fc&#8217;ne ait arazide imara ayk\u0131r\u0131 olarak faaliyet [&hellip;]<\/p>\n","protected":false},"author":2,"featured_media":0,"comment_status":"open","ping_status":"open","sticky":false,"template":"","format":"standard","meta":{"footnotes":""},"categories":[],"tags":[],"class_list":["post-4395","post","type-post","status-publish","format-standard","hentry"],"views":17,"_links":{"self":[{"href":"https:\/\/mersingazetesi.com\/index.php\/wp-json\/wp\/v2\/posts\/4395","targetHints":{"allow":["GET"]}}],"collection":[{"href":"https:\/\/mersingazetesi.com\/index.php\/wp-json\/wp\/v2\/posts"}],"about":[{"href":"https:\/\/mersingazetesi.com\/index.php\/wp-json\/wp\/v2\/types\/post"}],"author":[{"embeddable":true,"href":"https:\/\/mersingazetesi.com\/index.php\/wp-json\/wp\/v2\/users\/2"}],"replies":[{"embeddable":true,"href":"https:\/\/mersingazetesi.com\/index.php\/wp-json\/wp\/v2\/comments?post=4395"}],"version-history":[{"count":0,"href":"https:\/\/mersingazetesi.com\/index.php\/wp-json\/wp\/v2\/posts\/4395\/revisions"}],"wp:attachment":[{"href":"https:\/\/mersingazetesi.com\/index.php\/wp-json\/wp\/v2\/media?parent=4395"}],"wp:term":[{"taxonomy":"category","embeddable":true,"href":"https:\/\/mersingazetesi.com\/index.php\/wp-json\/wp\/v2\/categories?post=4395"},{"taxonomy":"post_tag","embeddable":true,"href":"https:\/\/mersingazetesi.com\/index.php\/wp-json\/wp\/v2\/tags?post=4395"}],"curies":[{"name":"wp","href":"https:\/\/api.w.org\/{rel}","templated":true}]}}