{"id":43862,"date":"2023-01-24T15:09:56","date_gmt":"2023-01-24T12:09:56","guid":{"rendered":"http:\/\/mersingazetesi.com\/?p=43862"},"modified":"2024-06-11T22:00:47","modified_gmt":"2024-06-11T19:00:47","slug":"add-kurucu-uyesi-prof-dr-mustafa-altintas-siginaklarin-korkulana-donusturulmesi-3","status":"publish","type":"post","link":"https:\/\/mersingazetesi.com\/index.php\/2023\/01\/24\/add-kurucu-uyesi-prof-dr-mustafa-altintas-siginaklarin-korkulana-donusturulmesi-3\/","title":{"rendered":"ADD KURUCU \u00dcYES\u0130 Prof. Dr. Mustafa ALTINTA\u015e: SI\u011eINAKLARIN, KORKULANA D\u00d6N\u00dc\u015eT\u00dcR\u00dcLMES\u0130! -3"},"content":{"rendered":"<div dir=\"ltr\"><\/div>\n<div dir=\"ltr\">\n<div dir=\"ltr\">10 Ocak 2023 g\u00fcnl\u00fc yaz\u0131m\u0131z\u0131n devam\u0131n\u0131, araya \u00f6zel okullardan y\u00fckselen \u00e7\u0131\u011fl\u0131klar nedeni ile, ertelemi\u015ftim.<\/div>\n<div dir=\"ltr\"><\/div>\n<div dir=\"ltr\">24 Ocak 2023\u2019de yay\u0131mlanacak bu yaz\u0131m, Sevgili Prof. Dr. Muammer Aksoy ve Sevgili U\u011fur Mumcu\u2019nun \u015fahs\u0131nda t\u00fcm ya\u015famdan kopart\u0131lan ve \u201cAdalet arayanlar\u201d ad\u0131na gelenekselle\u015fmi\u015f, \u201cAdalet ve Demokrasi Haftas\u0131\u201dn\u0131n ba\u015flang\u0131c\u0131na rast gelmesi nedeni ile, bir-iki t\u00fcmce etme g\u00f6revimi yerine getirmem gerekmektedir.<\/div>\n<div dir=\"ltr\"><\/div>\n<div dir=\"ltr\">Prof. Dr. Aksoy, sayg\u0131n bilim ve siyaset insan\u0131 olman\u0131n \u00f6tesinde, dostlu\u011fundan k\u0131van\u00e7 duydu\u011fum bir yol arkada\u015f\u0131md\u0131.<\/div>\n<div dir=\"ltr\">Avukat\u0131m idi. Bilirki\u015fi g\u00f6revini \u00fcstlendi\u011fim \u2018Kemal Horzum Dosyas\u0131\u2019nda, doland\u0131r\u0131lan Devlet Bankas\u0131\u2019n\u0131n avukat\u0131 idi, Muammer Hoca.<\/div>\n<div dir=\"ltr\">ADD\u2019yi birlikte kurduk. Ve \u00f6ld\u00fcr\u00fcld\u00fc\u011f\u00fc, 31 Ocak 1990\u2019da, bir s\u00fcre birlikte idik.<\/div>\n<div dir=\"ltr\">H\u00fcrriyet Gazetesi yazarlar\u0131ndan Emin \u00c7\u00f6la\u015fan ile yapt\u0131\u011f\u0131 s\u00f6yle\u015fi sonras\u0131nda, kendisini K\u0131z\u0131lay\u2019a kadar getirmi\u015f ve ak\u015fam saat 18.00 sular\u0131nda fak\u00fclteden ayr\u0131lmazdan \u00f6nce telefonla konu\u015fmu\u015ftuk.<\/div>\n<div dir=\"ltr\">Aksoy Hoca\u2019dan iki y\u0131l, 11 ay ve 24 g\u00fcn sonra, 24 Ocak 1993\u2019de, otomobilinin patlat\u0131lmas\u0131 ile aram\u0131zdan kopart\u0131lan Sevgili U\u011fur Mumcu ile de, dostlu\u011fum vard\u0131.<\/div>\n<div dir=\"ltr\">\u00d6ld\u00fcr\u00fclmesinden bir hafta \u00f6nce telefonla g\u00f6r\u00fc\u015fm\u00fc\u015f ve \u015eubat ay\u0131n\u0131n ilk haftas\u0131nda bulu\u015fmay\u0131 kararla\u015ft\u0131rm\u0131\u015ft\u0131k.<\/div>\n<div dir=\"ltr\">\u0130ki de\u011ferli bilge insan\u0131m\u0131z\u0131 sevgi ile, \u00f6zlemle an\u0131yorum.<\/div>\n<div dir=\"ltr\"><\/div>\n<div dir=\"ltr\">T\u00fcrkiye\u2019de toplum, kurumlar\u0131ndan beklenen yarar\u0131, yol g\u00f6stericili\u011fi bulam\u0131yor.<\/div>\n<div dir=\"ltr\">Bunlardan biri de Hukuk Fak\u00fcltelerimizdir.<\/div>\n<div dir=\"ltr\">Kurum olarak, kurul olarak, ya\u015fanan \u2018Hukuk cinayetlerine\u2019 \u00fc\u00e7 maymun tavr\u0131n\u0131 sergiliyor.<\/div>\n<div dir=\"ltr\">Bunun ba\u015fta gelen nedeninin, akademik kadronun niteli\u011fi oldu\u011funu d\u00fc\u015f\u00fcnmekteyim.<\/div>\n<div dir=\"ltr\">Bunu ya\u015fad\u0131\u011f\u0131m, tan\u0131\u011f\u0131 oldu\u011fum bir Hukuk Fak\u00fcltesi \u00f6yk\u00fcs\u00fcn\u00fc sizlerle payla\u015fmak isterim.<\/div>\n<div dir=\"ltr\"><\/div>\n<div dir=\"ltr\">13 Mart 1992 \u00a0Erzincan Depremi s\u0131ras\u0131nda, Ba\u015fbakanl\u0131k Dan\u0131\u015fman\u0131 idim.<\/div>\n<div dir=\"ltr\">Birlikte \u00e7al\u0131\u015ft\u0131\u011f\u0131m Devlet Bakan\u0131 Erman \u015eahin idi. Depremden bilgi sahibi olunduktan sonra, Ba\u015fbakan Demirel, Ba\u015fbakan Yard\u0131mc\u0131s\u0131 Erdal \u0130n\u00f6n\u00fc ve di\u011fer g\u00f6revlilerle, Erzincan\u2019a indik. 653 insan\u0131m\u0131z\u0131 yitirdi\u011fimiz, 8 bin 57 binan\u0131n hasar g\u00f6rd\u00fc\u011f\u00fc ve y\u0131k\u0131ld\u0131\u011f\u0131 depremde, sahada gezinirken, birisi yan\u0131ma gelerek, kendisini \u201cErzincan Hukuk Fak\u00fcltesi Dekan\u0131\u201d olarak tan\u0131tt\u0131.<\/div>\n<div dir=\"ltr\">Ben hayretle \u201cErzincan\u2019da Hukuk Fak\u00fcltesi mi var, nereye ba\u011fl\u0131?\u201d diye sordu\u011fumda, \u201cErzurum-Atat\u00fcrk \u00dcniversitesi\u2019ne ba\u011fl\u0131 oldu\u011funu s\u00f6ylemesi \u00fczerine, \u201cYahu Erzurum\u2019da Hukuk Fak\u00fcltesi yok\u201d dedim.<\/div>\n<div dir=\"ltr\">Ve, Dekana, \u201cHangi HF\u2019den mezunsunuz, doktora yapt\u0131n\u0131z?\u201d diye sordum.<\/div>\n<div dir=\"ltr\">Dekan, \u201cBen HF de\u011fil, Ziraat Fak\u00fcltesi mezunuyum\u201d dedi\u011finde, \u201cYahu hi\u00e7 olmazsa bir avukat falan olsa, hi\u00e7 olmazsa, dersler ve konuk edilebilecek HF \u00f6\u011fretim elemanlar\u0131 ile tan\u0131\u015f\u0131kl\u0131\u011f\u0131 olabilirdi\u201d dedim ve benden ne istedi\u011fini sordum. Dekan, \u201cErzincan\u2019\u0131n bo\u015falt\u0131lmas\u0131n\u0131, HF\u2019nin ta\u015f\u0131nmas\u0131n\u0131 istemediklerini\u201d s\u00f6yledi.<\/div>\n<div dir=\"ltr\">Notumu ald\u0131m ve Ankara\u2019ya d\u00f6nd\u00fc\u011f\u00fcmde Y\u00d6K Ba\u015fkanvekili Prof. Dr. Turgut Ak\u0131nt\u00fcrk\u2019e telefon ederek, g\u00f6r\u00fc\u015fmek istedi\u011fimi s\u00f6ylemem \u00fczerine, verdi\u011fi randevuya gittim.<\/div>\n<div dir=\"ltr\"><\/div>\n<div dir=\"ltr\">Ho\u015f-be\u015ften sonra, ziyaretimin nedeninin Erzincan HF oldu\u011funu s\u00f6ylemem \u00fczerine, \u201cdur\u201d deyip, telefona uzand\u0131 \u00f6zel kalemden Erzincan HF Klas\u00f6r\u00fcn\u00fcn getirilmesini s\u00f6yledi.<\/div>\n<div dir=\"ltr\">Getirilen klas\u00f6r\u00fc, bana verdi ve \u201ckar\u0131\u015ft\u0131r\u201d dedi. Klas\u00f6r\u00fc incelerken bir \u00f6\u011frenci mektubuna rast geldim.<\/div>\n<div dir=\"ltr\">\u00d6\u011frenci, Y\u00d6K Ba\u015fkanl\u0131\u011f\u0131\u2019na g\u00f6nderdi\u011fi mektubunda, Erzincan HF hakk\u0131nda bilgi verdikten sonra, \u201cBizi de\u011fil, kendinizi d\u00fc\u015f\u00fcn\u00fcn. Yar\u0131n buradan mezun olup, savc\u0131 yada yarg\u0131\u00e7 oldu\u011fumuzda kiminizin mal\u0131n\u0131, kimilerinin can\u0131n\u0131 alabilecek kararlara, iddianamelere imza ataca\u011f\u0131z. Bizi bu durumdan kurtar\u0131n\u201d diyordu.<\/div>\n<div dir=\"ltr\">Bu mektubu bitirdi\u011fimde, Y\u00d6K Ba\u015fkan Vekili Say\u0131n Ak\u0131nt\u00fcrk\u2019e \u00a0\u201cHocam, a\u015fk olsun. A\u00e7\u0131lmas\u0131, \u00f6\u011frenci kabul\u00fcne karar\u0131 veren sizsiniz ve \u015fimdi de, bu \u00f6\u011frenci mektubunu bana okutuyorsunuz\u201d<\/div>\n<div dir=\"ltr\">dedi\u011fimde, \u201cDur sana bu fak\u00fcltenin kurulmas\u0131 s\u00fcrecini anlatay\u0131m\u201d dedi ve anlatt\u0131:<\/div>\n<div dir=\"ltr\">\u201cHoca Efendiyi (Y\u00d6K Ba\u015fkan\u0131 Prof. Dr. \u0130hsan Do\u011framac\u0131) bilirsin. Bir istekte bulunmak i\u00e7in Ba\u015fbakan Y\u0131ld\u0131r\u0131m Akbulut\u2019la g\u00f6r\u00fc\u015f\u00fcrken, Erzincan Milletvekili Akbulut\u2019a \u201cErzincan\u2019da bir fak\u00fclte a\u00e7al\u0131m\u201d der.<\/div>\n<div dir=\"ltr\">Ba\u015fbakan Akbulut, \u201cErzincan\u2019da fak\u00fclte olur mu? Ben \u0130\u00dc HF\u2019de okudum. Mezun olduktan sonra Erzincan\u2019a \u00a0d\u00f6nd\u00fcm. Belediye\u2019de \u00e7al\u0131\u015fmaya ba\u015flad\u0131m\u201d deyince, Do\u011framac\u0131 Hoca \u201cHukuk Fak\u00fcltesi a\u00e7al\u0131m\u201d der.<\/div>\n<div dir=\"ltr\">Ve Erzincan Hukuk Fak\u00fcltesi a\u00e7\u0131l\u0131r.<\/div>\n<div dir=\"ltr\"><\/div>\n<div dir=\"ltr\">\u0130\u015fin ciddiyetsizli\u011fine bakar m\u0131s\u0131n\u0131z?<\/div>\n<div dir=\"ltr\">HF gibi fak\u00fclte ayak\u00fcst\u00fc bir k\u0131yak olarak a\u00e7\u0131l\u0131r. Ve \u00fclkenin hukuk sorununda s\u00f6z ve karar sahibi olacaklar, bu t\u00fcrden bir yakla\u015f\u0131ma konu k\u0131l\u0131nabilir. T\u00fcrkiye\u2019nin \u00e7\u0131kmaz\u0131n\u0131n, ayd\u0131nlar\u0131n\u0131n yada ayd\u0131n sayd\u0131klar\u0131n\u0131n ikiy\u00fczl\u00fcl\u00fc\u011f\u00fc oldu\u011funu d\u00fc\u015f\u00fcnmekteyim.<\/div>\n<\/div>\n","protected":false},"excerpt":{"rendered":"<p>10 Ocak 2023 g\u00fcnl\u00fc yaz\u0131m\u0131z\u0131n devam\u0131n\u0131, araya \u00f6zel okullardan y\u00fckselen \u00e7\u0131\u011fl\u0131klar nedeni ile, ertelemi\u015ftim. 24 Ocak 2023\u2019de yay\u0131mlanacak bu yaz\u0131m, Sevgili Prof. Dr. Muammer Aksoy ve Sevgili U\u011fur Mumcu\u2019nun \u015fahs\u0131nda t\u00fcm ya\u015famdan kopart\u0131lan ve \u201cAdalet arayanlar\u201d ad\u0131na gelenekselle\u015fmi\u015f, \u201cAdalet ve Demokrasi Haftas\u0131\u201dn\u0131n ba\u015flang\u0131c\u0131na rast gelmesi nedeni ile, bir-iki t\u00fcmce etme g\u00f6revimi yerine getirmem gerekmektedir. Prof. [&hellip;]<\/p>\n","protected":false},"author":16,"featured_media":0,"comment_status":"open","ping_status":"open","sticky":false,"template":"","format":"standard","meta":{"footnotes":""},"categories":[38],"tags":[],"class_list":["post-43862","post","type-post","status-publish","format-standard","hentry","category-add-kurucu-uyesi-prof-dr-mustafa-altintas"],"views":104,"_links":{"self":[{"href":"https:\/\/mersingazetesi.com\/index.php\/wp-json\/wp\/v2\/posts\/43862","targetHints":{"allow":["GET"]}}],"collection":[{"href":"https:\/\/mersingazetesi.com\/index.php\/wp-json\/wp\/v2\/posts"}],"about":[{"href":"https:\/\/mersingazetesi.com\/index.php\/wp-json\/wp\/v2\/types\/post"}],"author":[{"embeddable":true,"href":"https:\/\/mersingazetesi.com\/index.php\/wp-json\/wp\/v2\/users\/16"}],"replies":[{"embeddable":true,"href":"https:\/\/mersingazetesi.com\/index.php\/wp-json\/wp\/v2\/comments?post=43862"}],"version-history":[{"count":0,"href":"https:\/\/mersingazetesi.com\/index.php\/wp-json\/wp\/v2\/posts\/43862\/revisions"}],"wp:attachment":[{"href":"https:\/\/mersingazetesi.com\/index.php\/wp-json\/wp\/v2\/media?parent=43862"}],"wp:term":[{"taxonomy":"category","embeddable":true,"href":"https:\/\/mersingazetesi.com\/index.php\/wp-json\/wp\/v2\/categories?post=43862"},{"taxonomy":"post_tag","embeddable":true,"href":"https:\/\/mersingazetesi.com\/index.php\/wp-json\/wp\/v2\/tags?post=43862"}],"curies":[{"name":"wp","href":"https:\/\/api.w.org\/{rel}","templated":true}]}}