{"id":43356,"date":"2023-01-17T14:56:18","date_gmt":"2023-01-17T11:56:18","guid":{"rendered":"http:\/\/mersingazetesi.com\/?p=43356"},"modified":"2024-06-11T22:00:47","modified_gmt":"2024-06-11T19:00:47","slug":"add-kurucu-uyesi-prof-dr-mustafa-altintas-sosyal-devlet-ve-egitim-hizmetindeki-sefillik","status":"publish","type":"post","link":"https:\/\/mersingazetesi.com\/index.php\/2023\/01\/17\/add-kurucu-uyesi-prof-dr-mustafa-altintas-sosyal-devlet-ve-egitim-hizmetindeki-sefillik\/","title":{"rendered":"ADD KURUCU \u00dcYES\u0130 Prof. Dr. Mustafa ALTINTA\u015e: SOSYAL DEVLET VE E\u011e\u0130T\u0130M H\u0130ZMET\u0130NDEK\u0130 SEF\u0130LL\u0130K"},"content":{"rendered":"<div dir=\"ltr\">2022-2023 E\u011fitim-\u00d6\u011fretim D\u00f6neminin ilk dinlencesi 20 Ocak\u2019ta ba\u015fl\u0131yor.<\/div>\n<div dir=\"ltr\">D\u00f6nemin ba\u015flang\u0131c\u0131ndan bu yana, e\u011fitim-\u00f6\u011fretimin niteli\u011fi, i\u00e7eri\u011fi yerine, ya\u015fam\u0131n giderek pahal\u0131la\u015fmas\u0131 ve artan maa\u015f art\u0131\u015flar\u0131n\u0131n, \u00f6zellikle beslenme harcamalar\u0131na, \u00f6zel okul \u00fccretlerine yeti\u015femez olmas\u0131 g\u00fcndemimizi kaplar olmu\u015ftur.<\/div>\n<div dir=\"ltr\"><\/div>\n<div dir=\"ltr\">Bir inat u\u011fruna, yaz-k\u0131\u015f saat uygulamas\u0131na d\u00f6nmemede Saray\u0131n direnmesi, \u00e7ocuklar\u0131n alaca karanl\u0131kta yollara d\u00fc\u015fmesine, kafalar\u0131n ders s\u0131ralar\u0131nda s\u0131ra \u00fczerine d\u00fc\u015fmesine neden olmaktad\u0131r.<\/div>\n<div dir=\"ltr\">Yan\u0131s\u0131ra, yoksulla\u015fman\u0131n giderek yayg\u0131nla\u015fmas\u0131 ve derinle\u015fmesi, \u00e7ocuklar\u0131n beslenme sorunlar\u0131n\u0131 ya\u015far olmas\u0131na neden olmaktad\u0131r.<\/div>\n<div dir=\"ltr\">Bu arada \u00f6zel okul fiyatlar\u0131n\u0131n artmas\u0131, kent-i\u00e7i ta\u015f\u0131ma servisleri zamlar\u0131, \u00f6zel okula \u00f6\u011frenci g\u00f6nderen velileri de, bu okul \u00f6\u011fretmenlerinin \u00fccret yetersizlikleri, dayan\u0131lmaz boyuta eri\u015fmi\u015f bulunmaktad\u0131r.<\/div>\n<div dir=\"ltr\">Paral\u0131 da, paras\u0131z da olsa, okullar karabasan g\u00f6r\u00fcn\u00fcm sergilemektedir. Kamuoyu, g\u00fcne bu sorunlarla ba\u015flamakta ve g\u00fcn boyu bu sorunlar ile ya\u015far olmaktad\u0131r.<\/div>\n<div dir=\"ltr\"><\/div>\n<div dir=\"ltr\">Haberlerde g\u00fcndemin ilk s\u0131ras\u0131nda \u00f6zel okul \u00f6\u011frenci velilerinin, \u00f6zel okul faturalar\u0131n\u0131n (okul \u00fccreti+ula\u015f\u0131m+yemek+\u00f6\u011frenim malzemesi, vb) katlan\u0131lmaz boyutlara eri\u015fmesinden ve bu kurumlardaki e\u011fitim emek\u00e7ilerine yap\u0131lan y\u00fczde 35\u2019lik art\u0131\u015fa ili\u015fkin yak\u0131nmalar\u0131 ve bunlar\u0131n olas\u0131 sonu\u00e7lar\u0131 de\u011ferlendiriliyor olmu\u015ftur.<\/div>\n<div dir=\"ltr\"><\/div>\n<div dir=\"ltr\">Bu ise, bir yandan, \u00f6zel okullara y\u00f6nelik istemi azaltarak, kimi okullar\u0131n kap\u0131lar\u0131na kilit asmalar\u0131 sonucunu verirken, bir yandan da, ka\u00e7\u0131n\u0131lmaz olarak, bu okullardaki \u00f6\u011fretici niteli\u011finde d\u00fc\u015fmelere neden olmaktad\u0131r.<\/div>\n<div dir=\"ltr\">\u00d6zel \u00d6\u011fretim ile Milli E\u011fitim Bakanl\u0131\u011f\u0131\u2019na ba\u011fl\u0131 devlet okullar\u0131n\u0131n ya\u015famakta oldu\u011fu bu sorunlar\u0131n, dinlence tatilinden yararlan\u0131larak, masa \u00fczerine yat\u0131r\u0131lmas\u0131 gere\u011fini, umudum olmamakla birlikte, d\u00fc\u015f\u00fcn\u00fcyorum.<\/div>\n<div dir=\"ltr\"><\/div>\n<div dir=\"ltr\">Milli E\u011fitim Sistemimizin \u00e7er\u00e7evesini 1973 g\u00fcnl\u00fc 1739 Milli E\u011fitim Temel Yasas\u0131 \u00e7izmektedir. Yasan\u0131n 7. Mdsi, Aral\u0131k sonunda 72 ay\u0131n\u0131 doldurmu\u015f \u00e7ocuklar i\u00e7in zorunluluk ta\u015f\u0131yan 12<\/div>\n<div dir=\"ltr\">y\u0131ll\u0131k ilk ve orta \u00f6\u011fretim g\u00f6rmeyi,<\/div>\n<div dir=\"ltr\">\u201cHer yurtta\u015f\u0131n hakk\u0131\u201d olarak tan\u0131mlamaktad\u0131r.<\/div>\n<div dir=\"ltr\">Hak ve zorunluluk olarak tan\u0131mlanan 12 y\u0131ll\u0131k bu e\u011fitim hizmetini, devlet taraf\u0131ndan, her \u00e7ocu\u011fa sunulmas\u0131n\u0131n bedelsiz olarak sunulmas\u0131 gerekmektedir.<\/div>\n<div dir=\"ltr\"><\/div>\n<div dir=\"ltr\">Her yurtta\u015f i\u00e7in hak ve zorunluluk ta\u015f\u0131yan e\u011fitim hizmetlerinin, \u201cherkese f\u0131rsat ve olanak e\u015fitli\u011fi i\u00e7inde sa\u011flanmas\u0131 da, \u00f6zdeksel olanaklardan yoksun ba\u015far\u0131l\u0131 \u00f6\u011frencilerin en y\u00fcksek e\u011fitim basamaklar\u0131na kadar \u00f6\u011frenim sa\u011flamak amac\u0131yla gerekli yard\u0131mlar\u0131n (paras\u0131z yat\u0131l\u0131l\u0131k, burs, kredi ve ba\u015fka yollar) yap\u0131lmas\u0131 da devletin g\u00f6revidir. ( Md. 8)<\/div>\n<div dir=\"ltr\"><\/div>\n<div dir=\"ltr\">Yurtta\u015flar\u0131n, paras\u0131z ilk ve orta\u00f6\u011fretim kurumlar\u0131 yerine, paral\u0131 \u00f6zel okullara y\u00f6nelmelerinin nedeni,<\/div>\n<div dir=\"ltr\">devlet okullar\u0131n\u0131n niteli\u011fi konusunda yarat\u0131lm\u0131\u015f olan ve baz\u0131lar\u0131 i\u00e7in ger\u00e7ekli\u011fi ku\u015fkulu farkl\u0131l\u0131k ile<\/div>\n<div dir=\"ltr\">laik okullar\u0131n kontenjanlar\u0131n\u0131n dar tutulmas\u0131 nedeni ile, \u0130HO-L\u2019ine k\u0131skac\u0131ndan \u00e7ocuklar\u0131n\u0131 koruma<\/div>\n<div dir=\"ltr\">g\u00fcd\u00fcs\u00fcd\u00fcr.<\/div>\n<div dir=\"ltr\">\u00d6zel \u00d6\u011fretim Kurumlar\u0131nda, en d\u00fc\u015f\u00fck \u00fccrete, hatta daha az\u0131na ve g\u00fcvencesiz \u00e7al\u0131\u015fmaya<\/div>\n<div dir=\"ltr\">katlanan e\u011fitim emek\u00e7ileri ise, p\u0131trak gibi a\u00e7\u0131lan E\u011fitim Fak\u00fclteleri \u00e7\u0131k\u0131\u015fl\u0131 \u00f6\u011fretmen adaylar\u0131n\u0131n y\u0131\u011f\u0131nak olu\u015fturmas\u0131d\u0131r.<\/div>\n<div dir=\"ltr\">Bu sorunlar\u0131n \u00e7\u00f6z\u00fcm\u00fc, \u00f6ncelikle Milli E\u011fitim Bakanl\u0131\u011f\u0131\u2019n\u0131n t\u00fcm kadrolar\u0131 ile \u201cMilli\u201d<\/div>\n<div dir=\"ltr\">ve \u201cLaik, demokratik ve sosyal hukuk devleti olarak tan\u0131m bulan Cumhuriyete ba\u011fl\u0131\u201d olmalar\u0131 yan\u0131nda, uzun d\u00f6nemli ve rasyonel planlamaya ba\u011fl\u0131 k\u0131l\u0131nmas\u0131na ba\u011fl\u0131d\u0131r. K\u0131sa d\u00f6nem a\u00e7\u0131s\u0131ndan yak\u0131c\u0131 ve katlan\u0131lamaz boyutlara bir-iki \u00f6nermede bulunmak istiyorum.<\/div>\n<div dir=\"ltr\"><\/div>\n<div dir=\"ltr\">\u00d6ncelikle \u00e7ocuklar\u0131m\u0131z\u0131n a\u00e7l\u0131k sorununu ya\u015famalar\u0131na ve velilerimizin bu utanc\u0131 ya\u015famalar\u0131na son verilmelidir. Bunun da yolu, halen uygulama bulan devlet memurlar\u0131 ile zorunlu olmayan y\u00fcksek\u00f6\u011fretim \u00f6\u011frencileri ile \u00f6\u011fretim kadrosunun, milletvekillerinin yararland\u0131klar\u0131 \u201cYemek yard\u0131m\u0131ndan\u201d, bedelsiz olarak yararland\u0131r\u0131lmalar\u0131n\u0131n sa\u011flanmas\u0131d\u0131r.<\/div>\n<div dir=\"ltr\">19 May\u0131s \u00dcniversitesi personel ve \u00f6\u011frencilere verilen g\u00fcncelle\u015ftirilen yemek fiyatlar\u0131 \u00f6\u011frenciler i\u00e7in 6.00TL, \u00f6\u011fretim elemanlar\u0131 i\u00e7in 25.00 TL, memurlar 15.00 TLs\u0131.<\/div>\n<div dir=\"ltr\">Emekli oldu\u011fum \u00dcniversitelerde, en az \u00fc\u00e7 kap \u00f6\u011fle yeme\u011fi bedeli, \u00f6\u011frenciler i\u00e7in (\u00f6nceki fiyat 7.50TLs\u0131 idi) 15.00TL, \u00f6\u011fretim eleman\u0131 ile memurlar\u0131 i\u00e7in ise, (\u00f6nceki fiyat 2.50 TLs\u0131 idi) 4.50 TLs\u0131d\u0131r.<\/div>\n<div dir=\"ltr\">Meclis Lokantas\u0131 fiyatlar\u0131 ise, \u00e7oktan bu yana, kamuoyunun g\u00f6z dikti\u011fi d\u00fczeyde ve niteliktedir.<\/div>\n<div dir=\"ltr\">1976-81 y\u0131llar\u0131 aras\u0131nda \u00f6\u011fretim \u00fcyesi ve m\u00fcd\u00fcr olarak g\u00f6rev yapt\u0131\u011f\u0131m Mu\u011fla \u0130\u015fletmecilik Y\u00fcksekokulu\u2019nda, bedelsiz olmak \u00fczere, \u00f6\u011fle ve ak\u015fam yemekleri verirdik.<\/div>\n<div dir=\"ltr\">Zorunluluk ta\u015f\u0131yan okul \u00f6ncesi, ilk ve orta \u00f6\u011frenimde ki bu sefillik ve ay\u0131p sona erdirilmelidir.<\/div>\n<div dir=\"ltr\">\u00c7ocuklar\u0131m\u0131z, \u201cKimsesizlerin ve t\u00fcm \u00e7ocuklar\u0131m\u0131z\u0131n kimsesi olmas\u0131 gereken Atat\u00fcrk Cumhuriyeti\u2019nin elinin omuzlar\u0131nda oldu\u011funu duyumsaman\u0131n mutlulu\u011funu ya\u015famal\u0131d\u0131rlar.<\/div>\n<div dir=\"ltr\">Sak\u0131n bana kimse, \u201cKaynak nerede?\u201d demesin.<\/div>\n<div dir=\"ltr\">Nas\u2019\u0131 bir yana b\u0131rakman\u0131n \u00f6tesinde, \u201cyurtta bar\u0131\u015f, b\u00f6lgemizde bar\u0131\u015f\u0131\u201d sa\u011flaman\u0131n neden olaca\u011f\u0131 g\u00fcvenlik ve savunma harcamalar\u0131ndan tasarruf, saray ve \u00e7evresinin harcama kalemlerini s\u0131f\u0131rlama, yolsuzluk ve h\u0131rs\u0131zl\u0131\u011f\u0131n \u00f6n\u00fcn\u00fcn kesilmesi, varl\u0131kl\u0131lar i\u00e7in vergi cenneti olmaktan vazge\u00e7ersek, kaynak bollu\u011fu do\u011fabilir.<\/div>\n<div dir=\"ltr\">Biz bunlar\u0131 ge\u00e7mi\u015fte ger\u00e7ekle\u015ftirdik.<\/div>\n<div dir=\"ltr\"><\/div>\n<div dir=\"ltr\">\u00d6zel \u00f6\u011fretim kurumlar\u0131ndaki \u00f6\u011frenim \u00fccreti ve \u00e7al\u0131\u015fanlar\u0131n k\u00f6le \u00fccretinden kurtulmas\u0131 \u00f6nerimi de, yine var olan uygulamalar\u0131m\u0131zdan yola \u00e7\u0131karak, sonraki yaz\u0131ma b\u0131rak\u0131yorum.<\/div>\n","protected":false},"excerpt":{"rendered":"<p>2022-2023 E\u011fitim-\u00d6\u011fretim D\u00f6neminin ilk dinlencesi 20 Ocak\u2019ta ba\u015fl\u0131yor. D\u00f6nemin ba\u015flang\u0131c\u0131ndan bu yana, e\u011fitim-\u00f6\u011fretimin niteli\u011fi, i\u00e7eri\u011fi yerine, ya\u015fam\u0131n giderek pahal\u0131la\u015fmas\u0131 ve artan maa\u015f art\u0131\u015flar\u0131n\u0131n, \u00f6zellikle beslenme harcamalar\u0131na, \u00f6zel okul \u00fccretlerine yeti\u015femez olmas\u0131 g\u00fcndemimizi kaplar olmu\u015ftur. Bir inat u\u011fruna, yaz-k\u0131\u015f saat uygulamas\u0131na d\u00f6nmemede Saray\u0131n direnmesi, \u00e7ocuklar\u0131n alaca karanl\u0131kta yollara d\u00fc\u015fmesine, kafalar\u0131n ders s\u0131ralar\u0131nda s\u0131ra \u00fczerine d\u00fc\u015fmesine neden [&hellip;]<\/p>\n","protected":false},"author":16,"featured_media":0,"comment_status":"open","ping_status":"open","sticky":false,"template":"","format":"standard","meta":{"footnotes":""},"categories":[38],"tags":[],"class_list":["post-43356","post","type-post","status-publish","format-standard","hentry","category-add-kurucu-uyesi-prof-dr-mustafa-altintas"],"views":105,"_links":{"self":[{"href":"https:\/\/mersingazetesi.com\/index.php\/wp-json\/wp\/v2\/posts\/43356","targetHints":{"allow":["GET"]}}],"collection":[{"href":"https:\/\/mersingazetesi.com\/index.php\/wp-json\/wp\/v2\/posts"}],"about":[{"href":"https:\/\/mersingazetesi.com\/index.php\/wp-json\/wp\/v2\/types\/post"}],"author":[{"embeddable":true,"href":"https:\/\/mersingazetesi.com\/index.php\/wp-json\/wp\/v2\/users\/16"}],"replies":[{"embeddable":true,"href":"https:\/\/mersingazetesi.com\/index.php\/wp-json\/wp\/v2\/comments?post=43356"}],"version-history":[{"count":0,"href":"https:\/\/mersingazetesi.com\/index.php\/wp-json\/wp\/v2\/posts\/43356\/revisions"}],"wp:attachment":[{"href":"https:\/\/mersingazetesi.com\/index.php\/wp-json\/wp\/v2\/media?parent=43356"}],"wp:term":[{"taxonomy":"category","embeddable":true,"href":"https:\/\/mersingazetesi.com\/index.php\/wp-json\/wp\/v2\/categories?post=43356"},{"taxonomy":"post_tag","embeddable":true,"href":"https:\/\/mersingazetesi.com\/index.php\/wp-json\/wp\/v2\/tags?post=43356"}],"curies":[{"name":"wp","href":"https:\/\/api.w.org\/{rel}","templated":true}]}}