{"id":42855,"date":"2023-01-10T14:20:21","date_gmt":"2023-01-10T11:20:21","guid":{"rendered":"http:\/\/mersingazetesi.com\/?p=42855"},"modified":"2024-06-11T22:00:47","modified_gmt":"2024-06-11T19:00:47","slug":"add-kurucu-uyesi-prof-dr-mustafa-altintas-siginaklarin-korkulana-donusturulmesi-2","status":"publish","type":"post","link":"https:\/\/mersingazetesi.com\/index.php\/2023\/01\/10\/add-kurucu-uyesi-prof-dr-mustafa-altintas-siginaklarin-korkulana-donusturulmesi-2\/","title":{"rendered":"ADD KURUCU \u00dcYES\u0130 Prof. Dr. Mustafa ALTINTA\u015e: SI\u011eINAKLARIN, KORKULANA D\u00d6N\u00dc\u015eT\u00dcR\u00dcLMES\u0130! -2"},"content":{"rendered":"<div>\n<div>Anayasas\u0131nda \u201cSosyal Hukuk Devleti\u201d olarak tan\u0131mlanan T.C. Devleti\u2019nin, Devletin ki\u015filere ve topluma kar\u015f\u0131 y\u00fcklendi\u011fi temel ama\u00e7 ve g\u00f6revleri; \u201cg\u00f6nen\u00e7(refah), erin\u00e7(huzur) ve mutlulu\u011funu sa\u011flamak\u201d<\/div>\n<div>olarak s\u0131ralanmaktad\u0131r.<\/div>\n<div>Bununla da yetinilmemi\u015f, bunlar\u0131n ger\u00e7ekle\u015fmesinin \u00f6n\u00fcndeki siyasal, ekonomik ve ekonomik engellerin kald\u0131r\u0131lmas\u0131 da, devlete, devletin yasama ve yarg\u0131 erkini kullanan, y\u00fcr\u00fctme g\u00f6revini \u00fcstlenmi\u015f organlara y\u00fcklemi\u015ftir.<\/div>\n<div>Ge\u00e7en haftaki yaz\u0131mda bu organlardan yarg\u0131 erkinin, yurtta\u015f\u0131n adalet aray\u0131\u015f\u0131n\u0131n y\u00f6neldi\u011fi kurumlar olan yarg\u0131 erkinin, giderek s\u0131\u011f\u0131n\u0131lacak de\u011fil,korkulacak organlara d\u00f6n\u00fc\u015ft\u00fc\u011f\u00fcn\u00fc, AKP Program\u0131 ve O\u2019nun Genel Ba\u015fkan\u0131 ve ayn\u0131 zamanda Y\u00fcr\u00fctme Organ\u0131n\u0131n ba\u015f\u0131 olan Cumhurba\u015fkan\u0131 RTE\u2019n\u0131n s\u00f6zleri ile, anlatmaya \u00e7al\u0131\u015fm\u0131\u015ft\u0131m.<\/div>\n<div><\/div>\n<div>Her yurtta\u015f\u0131n, hukuk d\u00fczeni i\u00e7inde onurlu bir hayat s\u00fcrd\u00fcrme hak ve yetkisine do\u011fu\u015ftan sahip oldu\u011fu; yasama, yarg\u0131 ve y\u00fcr\u00fctme organlar\u0131 ile, kamu kurum ve kurulu\u015flar\u0131n\u0131n bunu sa\u011flamakla g\u00f6revli oldu\u011fu, Anayasan\u0131n \u201cBa\u015flang\u0131\u00e7\u201d\u0131nda yer alan yaz\u0131l\u0131 kurallard\u0131r.<\/div>\n<div>\u201cBe\u015f dakikaya s\u0131k\u0131\u015ft\u0131r\u0131lan sa\u011fl\u0131k hizmetleri\u201d ile \u201ciki-\u00fc\u00e7 dakikada da\u011f\u0131t\u0131ld\u0131\u011f\u0131 varsay\u0131lan adaletin\u201d, yurtta\u015f\u0131n hukuk d\u00fczeni i\u00e7inde onurlu ve mutlu bir ya\u015fam s\u00fcrd\u00fcrme hakk\u0131n\u0131n eri\u015fmesinin olanaks\u0131z oldu\u011funu \u00f6nceki yaz\u0131lar\u0131mda belirtmi\u015ftim.<\/div>\n<div>Bu hakk\u0131n kullan\u0131lmas\u0131nda, yarg\u0131n\u0131n s\u0131\u011f\u0131nak olmas\u0131nda sorumluluk ta\u015f\u0131yan ve toplumun akl\u0131 ve vicdan\u0131 olan kurumlardan birisi de, Anayasal kurumlardan olan \u00fcniversiteler ve bu \u00fcniversite \u00e7at\u0131s\u0131 alt\u0131ndaki Hukuk Fak\u00fcltelerimizdir.<\/div>\n<div>Devlet ve vak\u0131flara ba\u011fl\u0131 olan Hukuk Fak\u00fclte say\u0131m\u0131z, e\u011fer bu yaz\u0131y\u0131 yazd\u0131\u011f\u0131m yada okudu\u011funuzda yenileri a\u00e7\u0131lmam\u0131\u015f ise, 91\u2019dir. Bunlar\u0131n i\u00e7inde, kurulu\u015f tarihi a\u00e7\u0131s\u0131ndan ilki olan \u0130stanbul Hukuk Fak\u00fcltesi \u201cmisyonunu (g\u00f6revini)\u201d \u015f\u00f6yle tan\u0131mlamaktad\u0131r:<\/div>\n<div><\/div>\n<div>\u201c\u0130stanbul \u00dcniversitesi Hukuk Fak\u00fcltesi\u2019nin misyonu, temelde ulusal fakat ayn\u0131 zamanda uluslararas\u0131 alanda \u00fcst\u00fcn nitelikte hukuk e\u011fitimi sunan, zengin hukuk kayna\u011f\u0131 rol\u00fcn\u00fc \u00fcstlenen ve bu sayede \u00fclkenin hukuk kurumlar\u0131 ve sisteminin geli\u015fmesine katk\u0131da bulunan bir merkez olmak;<\/div>\n<div>bu ba\u011flamda evrensel hukuk ilkelerini \u00f6z\u00fcmsemi\u015f, zengin k\u00fclt\u00fcrel birikime ve ileti\u015fim becerisine sahip, hukuksal sorunlar\u0131 \u00e7\u00f6zme yetkinli\u011fi kazanm\u0131\u015f hukuk uygulay\u0131c\u0131lar\u0131 yeti\u015ftirecek e\u011fitim vermek ve toplumun ihtiya\u00e7lar\u0131n\u0131 yak\u0131ndan takip ederek olmas\u0131 gereken hukuku belirleyecek nitelikte \u00fclkenin de\u011fi\u015fik hukuk kurumlar\u0131na bilim insan\u0131, \u00f6\u011fretim eleman\u0131 ve y\u00f6neticilerini yeti\u015ftiren bir kaynak olmakt\u0131r.<\/div>\n<div><\/div>\n<div>Son y\u0131llar\u0131n, y\u00fcr\u00fctme g\u00f6revini \u00fcstlenmi\u015f organlarca \u00fczerine \u00e7\u00f6k\u00fclm\u00fc\u015f ve fel\u00e7 edilmi\u015f ve bu kurum ve kurulu\u015flar\u0131n as\u0131l sahibi olan yurtta\u015flarca, bir tiyatro oyunu gibi seyredilen, Bo\u011fazi\u00e7i \u00dcniversitesi Hukuk Fak\u00fcltesi, g\u00f6revini \u015f\u00f6yle tan\u0131mlamaktad\u0131r:<\/div>\n<div><\/div>\n<div>Bo\u011fazi\u00e7i \u00dcniversitesi Hukuk Fak\u00fcltesinde toplumun s\u00fcrekli de\u011fi\u015fen ihtiya\u00e7lar\u0131na cevap verebilecek, k\u00fcresel geli\u015fmelere uyum sa\u011flayabilen ve en \u00f6nemlisi adalet anlay\u0131\u015f\u0131n\u0131 temel ilke edinen bir hukuk e\u011fitimi vermeyi ama\u00e7lamaktay\u0131z. Bu do\u011frultuda, dinamik, disiplinler aras\u0131 ve mukayeseli bir e\u011fitim anlay\u0131\u015f\u0131n\u0131 benimsemek suretiyle ba\u015fkaca disiplinlerden ve hukuk sistemlerinden de faydalanarak hukuk e\u011fitimini en \u00fcst seviyeye ta\u015f\u0131may\u0131 hedeflemekteyiz.<\/div>\n<div><\/div>\n<div>Toplumun gelece\u011fini in\u015fa edecek yeni hukuk\u00e7u nesilleri, sorumluluk bilincine sahip, etik de\u011ferleri benimseyen, ara\u015ft\u0131rma odakl\u0131, mevcut fikirleri sorgulayan ve analiz-sentez yetenekleri geli\u015fmi\u015f profesyoneller olarak hukuk d\u00fcnyas\u0131na kazand\u0131rmak ba\u015fl\u0131ca g\u00f6revimiz olacakt\u0131r. Bu ama\u00e7la hukukun evrensel ilkelerini en iyi \u015fekilde kavramay\u0131 hedef edinen ve demokrasi ve hukuk devleti ilkelerini merkeze yerle\u015ftiren bir anlay\u0131\u015f ile hukuk e\u011fitimini s\u00fcrd\u00fcrece\u011fiz. Bu do\u011frultuda insan haklar\u0131, kad\u0131n haklar\u0131, \u00e7ocuk haklar\u0131, hayvan haklar\u0131, \u00e7evrenin korunmas\u0131, s\u00fcrd\u00fcr\u00fclebilir kalk\u0131nma gibi temel haklar\u0131n geli\u015fmesini hedef alan bir e\u011fitim anlay\u0131\u015f\u0131 ile hareket edece\u011fiz\u2026\u201d<\/div>\n<div><\/div>\n<div>Se\u00e7kin iki Hukuk Fak\u00fcltesinin, kendileri taraf\u0131ndan belirlenmi\u015f g\u00f6revlerini, yada Anayasan\u0131n Ba\u015flang\u0131\u00e7 ve 5. maddesinde tan\u0131mlanan \u201csosyal hukuk devleti g\u00fcvencesi alt\u0131nda, laik d\u00fczende, korkusuz ve mutlu ya\u015fama hakk\u0131na eri\u015fiminde\u201d yurtta\u015fa kar\u015f\u0131 g\u00f6revlerini yerine getirdiklerini s\u00f6yleyebilme olana\u011f\u0131m\u0131z var m\u0131d\u0131r?<\/div>\n<div><\/div>\n<div>Neden bu Anayasal kurumlar, kurulu\u015flar, vergileri ile beslendikleri yurtta\u015flar i\u00e7in, yarg\u0131 erkinin giderek s\u0131\u011f\u0131nak yeri olmaktan \u00e7\u0131k\u0131p, korkulan yer olmas\u0131na kurumsal olarak tek s\u00f6zc\u00fckle ses etmezler?<\/div>\n<div><\/div>\n<div>Bunun nedenlerini toplum neden sorgulamaz? Neden, 2018\u2019den bu yana, yasama, yarg\u0131 erki ile y\u00fcr\u00fctme g\u00f6revini elinde toplam\u0131\u015f olan Cumhurba\u015fkan\u0131n\u0131n \u00a0\u201cDevlet ancak ve ancak adalet \u00fczerinde y\u00fckselir, geli\u015fir, g\u00fc\u00e7lenir, b\u00fcy\u00fcr. Adalet da\u011f\u0131tamayan, vatanda\u015f\u0131na adaletle h\u00fckmedemeyen (hizmet edemeyen) bir devlet, t\u0131pk\u0131 temeli \u00e7\u00fcr\u00fck bir bina gibi y\u0131k\u0131l\u0131p gitmeye mahkumdur.\u201d \u00e7\u0131\u011fl\u0131\u011f\u0131na, uyar\u0131s\u0131na ko\u015fturmazlar?<\/div>\n<div><\/div>\n<div>Bu soruma, \u201csorunlar\u0131 yaratanlardan, sorunlar\u0131 \u00e7\u00f6zmesini beklemek bo\u015fa k\u00fcrek sa\u011flamak\u201d bi\u00e7iminde yan\u0131t\u0131n\u0131z\u0131 duyar gibiyim.<\/div>\n<div>(S\u00fcrecek).<\/div>\n<\/div>\n<div><\/div>\n","protected":false},"excerpt":{"rendered":"<p>Anayasas\u0131nda \u201cSosyal Hukuk Devleti\u201d olarak tan\u0131mlanan T.C. Devleti\u2019nin, Devletin ki\u015filere ve topluma kar\u015f\u0131 y\u00fcklendi\u011fi temel ama\u00e7 ve g\u00f6revleri; \u201cg\u00f6nen\u00e7(refah), erin\u00e7(huzur) ve mutlulu\u011funu sa\u011flamak\u201d olarak s\u0131ralanmaktad\u0131r. Bununla da yetinilmemi\u015f, bunlar\u0131n ger\u00e7ekle\u015fmesinin \u00f6n\u00fcndeki siyasal, ekonomik ve ekonomik engellerin kald\u0131r\u0131lmas\u0131 da, devlete, devletin yasama ve yarg\u0131 erkini kullanan, y\u00fcr\u00fctme g\u00f6revini \u00fcstlenmi\u015f organlara y\u00fcklemi\u015ftir. Ge\u00e7en haftaki yaz\u0131mda bu organlardan [&hellip;]<\/p>\n","protected":false},"author":16,"featured_media":46392,"comment_status":"open","ping_status":"open","sticky":false,"template":"","format":"standard","meta":{"footnotes":""},"categories":[38],"tags":[],"class_list":["post-42855","post","type-post","status-publish","format-standard","has-post-thumbnail","hentry","category-add-kurucu-uyesi-prof-dr-mustafa-altintas"],"views":91,"_links":{"self":[{"href":"https:\/\/mersingazetesi.com\/index.php\/wp-json\/wp\/v2\/posts\/42855","targetHints":{"allow":["GET"]}}],"collection":[{"href":"https:\/\/mersingazetesi.com\/index.php\/wp-json\/wp\/v2\/posts"}],"about":[{"href":"https:\/\/mersingazetesi.com\/index.php\/wp-json\/wp\/v2\/types\/post"}],"author":[{"embeddable":true,"href":"https:\/\/mersingazetesi.com\/index.php\/wp-json\/wp\/v2\/users\/16"}],"replies":[{"embeddable":true,"href":"https:\/\/mersingazetesi.com\/index.php\/wp-json\/wp\/v2\/comments?post=42855"}],"version-history":[{"count":0,"href":"https:\/\/mersingazetesi.com\/index.php\/wp-json\/wp\/v2\/posts\/42855\/revisions"}],"wp:featuredmedia":[{"embeddable":true,"href":"https:\/\/mersingazetesi.com\/index.php\/wp-json\/wp\/v2\/media\/46392"}],"wp:attachment":[{"href":"https:\/\/mersingazetesi.com\/index.php\/wp-json\/wp\/v2\/media?parent=42855"}],"wp:term":[{"taxonomy":"category","embeddable":true,"href":"https:\/\/mersingazetesi.com\/index.php\/wp-json\/wp\/v2\/categories?post=42855"},{"taxonomy":"post_tag","embeddable":true,"href":"https:\/\/mersingazetesi.com\/index.php\/wp-json\/wp\/v2\/tags?post=42855"}],"curies":[{"name":"wp","href":"https:\/\/api.w.org\/{rel}","templated":true}]}}