{"id":4228,"date":"2021-11-23T11:52:53","date_gmt":"2021-11-23T08:52:53","guid":{"rendered":"http:\/\/mersin.mesiad.org\/index.php\/2021\/11\/23\/sozun-bittigi-yerdeyiz-2\/"},"modified":"2021-11-23T11:52:53","modified_gmt":"2021-11-23T08:52:53","slug":"sozun-bittigi-yerdeyiz-2","status":"publish","type":"post","link":"https:\/\/mersingazetesi.com\/index.php\/2021\/11\/23\/sozun-bittigi-yerdeyiz-2\/","title":{"rendered":"\u201cS\u00f6z\u00fcn bitti\u011fi yerdeyiz\u201d"},"content":{"rendered":"<p>Mersin B\u00fcy\u00fck\u015fehir Belediye Ba\u015fkan\u0131 Vahap Se\u00e7er, B\u00fcy\u00fck\u015fehir Belediyesi ve AKSEV taraf\u0131ndan d\u00fczenlenen Bahar \u015eenli\u011fi\u2019ne kat\u0131ld\u0131. B\u00fcy\u00fck\u015fehir Belediyesi olarak hizmet \u00fcretirken, hi\u00e7bir parti ayr\u0131m\u0131 g\u00f6zetmeksizin \u00e7al\u0131\u015facaklar\u0131n\u0131 vurgulayan Ba\u015fkan Se\u00e7er, \u201cDemokrasi uygar toplumlar\u0131n i\u015fi. Demokrasi insanl\u0131ktan nasibini alm\u0131\u015f e\u011fitimli toplumlar\u0131n i\u015fi. Kavga eden toplumlar barbar ve insanl\u0131ktan nasibini almam\u0131\u015f, e\u011fitimsiz toplumlard\u0131r. Ne dini, ne inanc\u0131, ne sayg\u0131s\u0131, ne sevgisi vard\u0131r. Elhamd\u00fclillah bizim dinimiz de var, iman\u0131m\u0131z da var, insan sevgimiz de var, e\u011fitimimiz de var, zekam\u0131z da var, ferasetimiz de var. Onun i\u00e7in bize kavga yak\u0131\u015fmaz. El ele, kol kola, g\u00f6n\u00fcl g\u00f6n\u00fcle Mersin\u2019de ya\u015famak yara\u015f\u0131r\u201d dedi.<\/p>\n<p>Mersin ortak paydas\u0131 \u00e7er\u00e7evesinde, kavga siyaseti g\u00fctmeden hizmet \u00fcreteceklerini dile getiren Se\u00e7er, \u00a0\u201cAnkara\u2019dan sert r\u00fczgarlar esince o f\u0131rt\u0131na buralar\u0131 da silip s\u00fcp\u00fcr\u00fcyor. Ankara taraf\u0131na bakan kula\u011f\u0131m\u0131z\u0131 t\u0131kayal\u0131m. Burada Mersin\u2019de b\u00fct\u00fcn se\u00e7ilmi\u015f siyasiler ve b\u00fcrokrasi olarak Anamur\u2019dan Tarsus\u2019a, \u00c7aml\u0131yayla\u2019dan G\u00fclnar\u2019a, Mut\u2019a kadar Mersin\u2019e nas\u0131l hizmet edebiliriz, onun d\u00fc\u015f\u00fcncesi ve ortak paydas\u0131 i\u00e7erisinde olmakta yarar var\u201d diye konu\u015ftu.<\/p>\n<p>Mersin B\u00fcy\u00fck\u015fehir Belediye Ba\u015fkan\u0131 Vahap Se\u00e7er, AKSEV Bahar \u015eenli\u011fi\u2019nde birlik ve beraberlik mesaj\u0131 verdi. Mersin B\u00fcy\u00fck\u015fehir Belediyesi ve Akdeniz Sa\u011fl\u0131k, Sosyal Dayan\u0131\u015fma ve E\u011fitim Vakf\u0131 (AKSEV) i\u015fbirli\u011fi ile d\u00fczenlenen geleneksel Bahar \u015eenli\u011fi\u2019ne kat\u0131lanlar hem piknik yapt\u0131, hem de verilen konserler ile dopdolu bir g\u00fcn ge\u00e7irdi.<\/p>\n<p>Adanal\u0131o\u011flu Mahallesi Ziyaret ve Piknik Alan\u0131\u2019nda d\u00fczenlenen AKSEV Bahar \u015eenli\u011fi\u2019ne, CHP Mersin Milletvekilleri Alpay Antmen ve Ali Mahir Ba\u015far\u0131r, Mersin B\u00fcy\u00fck\u015fehir Belediye Ba\u015fkan\u0131 Vahap Se\u00e7er, Mersin Vali Yard\u0131mc\u0131s\u0131 S\u00fcleyman Deniz, Mersin \u0130l Emniyet M\u00fcd\u00fcr\u00fc Mehmet \u015eahne, Yeni\u015fehir Belediye Ba\u015fkan\u0131 Abdullah \u00d6zyi\u011fit, Akdeniz Belediye Ba\u015fkan\u0131 Muhammet Mustafa G\u00fcltak, CHP Gen\u00e7lik Kollar\u0131 Genel Ba\u015fkan\u0131 Emre Y\u0131lmaz, AKSEV Ba\u015fkan\u0131 \u0130lhan Faydaver, meclis \u00fcyeleri ve y\u00fczlerce Mersinli kat\u0131ld\u0131.\u00a0<\/p>\n<p>\u201cAnkara taraf\u0131na bakan kula\u011f\u0131m\u0131z\u0131 t\u0131kayal\u0131m\u201d<\/p>\n<p>Mersin B\u00fcy\u00fck\u015fehir Belediye Ba\u015fkan\u0131 Vahap Se\u00e7er, \u015fenlikte yapt\u0131\u011f\u0131 konu\u015fmas\u0131nda birlik, beraberlik, karde\u015flik ve ho\u015fg\u00f6r\u00fc duygular\u0131n\u0131n g\u00fczelli\u011finden ve bu duygular\u0131 payla\u015fman\u0131n gereklili\u011finden s\u00f6z ederek, \u015funlar\u0131 s\u00f6yledi:<\/p>\n<p>\u201cBirlik olmak g\u00fczel. Karde\u015flik ve ho\u015fg\u00f6r\u00fcl\u00fc olmak, payla\u015fmak g\u00fczel. Bu g\u00fczellikleri hayat\u0131n\u0131zda var etti\u011finiz s\u00fcrece de ya\u015famak g\u00fczel. Ben B\u00fcy\u00fck\u015fehir Belediye Ba\u015fkan\u0131 olarak sorumlulu\u011fumun ve g\u00f6revimin fark\u0131nday\u0131m. Arkada\u015flar\u0131m \u00e7ok g\u00fczel de\u011ferlendirmeler yapt\u0131lar. Say\u0131n G\u00fcltak AK Parti Belediye Ba\u015fkan\u0131. CHP\u2019nin Ba\u015fkan\u0131 da \u00d6zyi\u011fit. Ama d\u00fc\u015f\u00fcnceleri ayn\u0131. CHP Milletvekilinin de d\u00fc\u015f\u00fcnceleri ayn\u0131. Peki bizi kavga ettiren neden ne? Bunu anlamakta zorlan\u0131yorum. Neden toplum geriliyor, neden siyaset\u00e7iler birbirine parmak sall\u0131yor, hakaret ediyor? Ankara\u2019dan b\u00f6yle sert r\u00fczg\u00e2rlar esince o f\u0131rt\u0131na buralar\u0131 da silip s\u00fcp\u00fcr\u00fcyor. Yani toplumu, Anadolu\u2019yu, Mersin\u2019i, Diyarbak\u0131r\u2019\u0131, Erzurum\u2019u, her taraf\u0131 geriyor. Ankara taraf\u0131na bakan kula\u011f\u0131m\u0131z\u0131 t\u0131kayal\u0131m. Burada Mersin\u2019de b\u00fct\u00fcn se\u00e7ilmi\u015f siyasiler, Anamur\u2019dan Tarsus\u2019a, \u00c7aml\u0131yayla\u2019dan G\u00fclnar\u2019a, Mut\u2019a kadar Mersin\u2019e nas\u0131l hizmet edebiliriz, onun d\u00fc\u015f\u00fcncesi, onun ortak paydas\u0131 i\u00e7erisinde olmakta yarar var.\u201d<\/p>\n<p>Ba\u015fkan Se\u00e7er, i\u015fsizlik sorununa de\u011findi<\/p>\n<p>G\u00f6reve geldi\u011fi g\u00fcnden itibaren ziyaretine gelen her vatanda\u015f\u0131n ve d\u0131\u015far\u0131da kar\u015f\u0131la\u015ft\u0131\u011f\u0131 her yurtta\u015f\u0131n kendisinden i\u015f talebinde bulundu\u011funu vurgulayan Ba\u015fkan Se\u00e7er, \u201cArt\u0131k s\u00f6z\u00fcn bitti\u011fi yerdeyiz. S\u00f6z bitti. T\u00fcrkiye\u2019nin \u00f6nemli sorunlar ya\u015fad\u0131\u011f\u0131n\u0131 biliyoruz. Bunu s\u00fcrekli hat\u0131rlatmak da sizin moralinizi bozmaktan ba\u015fka bir i\u015fe yaramaz. Sizler bizlerden \u00e7\u00f6z\u00fcm bekliyorsunuz. Her g\u00fcn bana ula\u015fan b\u00fct\u00fcn yurtta\u015flar\u0131mdan \u00e7ocuklar\u0131na i\u015f talebi geliyor. Az \u00f6nce bir k\u0131z\u0131m\u0131z geldi, babas\u0131na i\u015f talebi, bir anne o\u011fluna i\u015f talebi, bir k\u0131z\u0131m\u0131z kocas\u0131na i\u015f talebi. Herkes i\u015fsizlikten \u015fik\u00e2yet\u00e7i. Bunu nas\u0131l \u00e7\u00f6zeriz? Buna bakmam\u0131z laz\u0131m. Caddeyi, \u00e7evreyi nas\u0131l daha temiz yapabiliriz, daha huzurlu, daha mutlu bir kentte kimsenin bir di\u011ferini incitmedi\u011fi, bir di\u011ferinin hakk\u0131n\u0131 gasp etmedi\u011fi, \u00e7evrenin kirletilmedi\u011fi ve ormanlar\u0131n, a\u011fac\u0131n, ye\u015filliklerin gasp edilmedi\u011fi, rant\u0131n olmad\u0131\u011f\u0131, insanca ya\u015fam\u0131n oldu\u011fu bir Mersin\u2019i nas\u0131l in\u015fa edebiliriz art\u0131k bunun derdine d\u00fc\u015fmemiz laz\u0131m\u201d diye konu\u015ftu.<\/p>\n<p>\u201cSe\u00e7men bana oy vererek benden hizmet bekledi\u011fini s\u00f6yledi\u201d<\/p>\n<p>31 Mart Yerel Se\u00e7imleri\u2019nde Mersin halk\u0131n\u0131n kendisine g\u00fczel mesajlar verdi\u011finden bahseden Ba\u015fkan Se\u00e7er, \u201cMersin\u2019de 31 Mart\u2019ta Adana, Ankara, \u0130stanbul\u2019a g\u00f6re farkl\u0131 bir yar\u0131\u015f oldu. \u0130stanbul\u2019da ge\u00e7ti\u011fimiz hafta se\u00e7im oldu. Cumhur \u0130ttifak\u0131, Millet \u0130ttifak\u0131 yar\u0131\u015ft\u0131. Adana da ayn\u0131 \u015fekilde. \u0130zmir\u2019de, Ankara\u2019da iki g\u00fc\u00e7l\u00fc aday \u00e7eki\u015fti. Mersin\u2019de daha fazla adayl\u0131 bir yar\u0131\u015f oldu. 3 aday \u00e7eki\u015fti. Ona ra\u011fmen Mersin halk\u0131 y\u00fczde 45 oy oran\u0131 ile yani \u00fc\u00e7l\u00fc yar\u0131\u015f olmas\u0131na ra\u011fmen her iki ki\u015fiden bir se\u00e7men Cumhuriyet Halk Partisi\u2019nin aday\u0131na, yani bana oy vererek benden hizmet bekledi\u011fini s\u00f6yledi. Bunun mesaj\u0131n\u0131 verdi. \u015eimdi bu oy verenler aras\u0131nda Cumhuriyet Halk partili var m\u0131? Var. Benim partimin oy oran\u0131 belli. Halklar\u0131n Demokratik Partili karde\u015fim var m\u0131? var. AK Partili, daha \u00f6nce AK Parti\u2019ye oy vermi\u015f, \u0130Y\u0130 Parti\u2019ye, Milliyet\u00e7i Hareket Partisi\u2019ne ya da di\u011fer partilere oy vermi\u015f karde\u015flerim bana oy verdi ki, ben y\u00fczde 45 oy ald\u0131m\u201d ifadelerini kulland\u0131.<\/p>\n<p>ARZU \u00d6ZER<\/p>\n","protected":false},"excerpt":{"rendered":"<p>Mersin B\u00fcy\u00fck\u015fehir Belediye Ba\u015fkan\u0131 Vahap Se\u00e7er, B\u00fcy\u00fck\u015fehir Belediyesi ve AKSEV taraf\u0131ndan d\u00fczenlenen Bahar \u015eenli\u011fi\u2019ne kat\u0131ld\u0131. B\u00fcy\u00fck\u015fehir Belediyesi olarak hizmet \u00fcretirken, hi\u00e7bir parti ayr\u0131m\u0131 g\u00f6zetmeksizin \u00e7al\u0131\u015facaklar\u0131n\u0131 vurgulayan Ba\u015fkan Se\u00e7er, \u201cDemokrasi uygar toplumlar\u0131n i\u015fi. Demokrasi insanl\u0131ktan nasibini alm\u0131\u015f e\u011fitimli toplumlar\u0131n i\u015fi. Kavga eden toplumlar barbar ve insanl\u0131ktan nasibini almam\u0131\u015f, e\u011fitimsiz toplumlard\u0131r. Ne dini, ne inanc\u0131, ne sayg\u0131s\u0131, [&hellip;]<\/p>\n","protected":false},"author":2,"featured_media":0,"comment_status":"open","ping_status":"open","sticky":false,"template":"","format":"standard","meta":{"footnotes":""},"categories":[],"tags":[],"class_list":["post-4228","post","type-post","status-publish","format-standard","hentry"],"views":17,"_links":{"self":[{"href":"https:\/\/mersingazetesi.com\/index.php\/wp-json\/wp\/v2\/posts\/4228","targetHints":{"allow":["GET"]}}],"collection":[{"href":"https:\/\/mersingazetesi.com\/index.php\/wp-json\/wp\/v2\/posts"}],"about":[{"href":"https:\/\/mersingazetesi.com\/index.php\/wp-json\/wp\/v2\/types\/post"}],"author":[{"embeddable":true,"href":"https:\/\/mersingazetesi.com\/index.php\/wp-json\/wp\/v2\/users\/2"}],"replies":[{"embeddable":true,"href":"https:\/\/mersingazetesi.com\/index.php\/wp-json\/wp\/v2\/comments?post=4228"}],"version-history":[{"count":0,"href":"https:\/\/mersingazetesi.com\/index.php\/wp-json\/wp\/v2\/posts\/4228\/revisions"}],"wp:attachment":[{"href":"https:\/\/mersingazetesi.com\/index.php\/wp-json\/wp\/v2\/media?parent=4228"}],"wp:term":[{"taxonomy":"category","embeddable":true,"href":"https:\/\/mersingazetesi.com\/index.php\/wp-json\/wp\/v2\/categories?post=4228"},{"taxonomy":"post_tag","embeddable":true,"href":"https:\/\/mersingazetesi.com\/index.php\/wp-json\/wp\/v2\/tags?post=4228"}],"curies":[{"name":"wp","href":"https:\/\/api.w.org\/{rel}","templated":true}]}}