{"id":4212,"date":"2021-11-23T11:52:51","date_gmt":"2021-11-23T08:52:51","guid":{"rendered":"http:\/\/mersin.mesiad.org\/index.php\/2021\/11\/23\/marehanda-yapilan-dugunler-biktirdi-denetim-yapilmiyor-mu\/"},"modified":"2021-11-23T11:52:51","modified_gmt":"2021-11-23T08:52:51","slug":"marehanda-yapilan-dugunler-biktirdi-denetim-yapilmiyor-mu","status":"publish","type":"post","link":"https:\/\/mersingazetesi.com\/index.php\/2021\/11\/23\/marehanda-yapilan-dugunler-biktirdi-denetim-yapilmiyor-mu\/","title":{"rendered":"Marehan\u2019da yap\u0131lan d\u00fc\u011f\u00fcnler b\u0131kt\u0131rd\u0131! DENET\u0130M  YAPILMIYOR MU?"},"content":{"rendered":"<p>Marehan\u2019da say\u0131s\u0131 artan d\u00fc\u011f\u00fcnler, havai fi\u015fek patlamalar\u0131, a\u015f\u0131r\u0131 m\u00fczik sesi, g\u00fcr\u00fclt\u00fc ve g\u00f6r\u00fcnt\u00fc kirlili\u011fi \u00e7evrede ya\u015fayan vatanda\u015flar\u0131 b\u0131kt\u0131rd\u0131.\u00a0<\/p>\n<p>Yaz aylar\u0131yla birlikte a\u00e7\u0131lan d\u00fc\u011f\u00fcn sezonu, havai fi\u015fek, maytap patlamalar\u0131, korna ve susturucusuz egzoz seslerini de birlikte getirdi. \u015eehirde eksik olmayan g\u00fcr\u00fclt\u00fc kirlili\u011fine bir de d\u00fc\u011f\u00fcn sezonu eklendi. \u00d6zellikle kurallara uygun olmayan Marehan\u2019da da g\u00fcr\u00fclt\u00fc \u00f6l\u00e7\u00fcm\u00fc, birka\u00e7 yerde ayn\u0131 zamanda yap\u0131lan d\u00fc\u011f\u00fcnler, havai fi\u015fek patlatma saatleri i\u00e7in rutin denetim yap\u0131lmas\u0131n\u0131 talep eden vatanda\u015flar bu konu ile ilgili yeni bir karar al\u0131nmas\u0131 gerekti\u011fini savundular.\u00a0<br \/>\nCihazlarla her t\u00fcrl\u00fc m\u00fczik aletinin rahats\u0131zl\u0131k verecek \u015fekilde kullan\u0131lmas\u0131, maytap ve benzeri \u015feylerin patlat\u0131lmas\u0131 gibi g\u00fcr\u00fclt\u00fc kirlili\u011fine yol a\u00e7an davran\u0131\u015flar\u0131n k\u0131s\u0131tlanmas\u0131n\u0131 hatta baz\u0131 alanlarda tamamen yasaklanmas\u0131 gerekti\u011fini s\u00f6yleyen vatanda\u015flar, \u00f6zellikle yaz aylar\u0131nda bu konudaki s\u0131k\u0131nt\u0131lar\u0131n yo\u011funla\u015ft\u0131\u011f\u0131n\u0131 belirttiler.\u00a0<\/p>\n<p>SOKAK\u2019TA YAPILAN D\u00dc\u011e\u00dcNLERE DE SON VER\u0130LMEL\u0130<\/p>\n<p>Bir vatanda\u015f, \u201cD\u00fc\u011f\u00fcnlerde y\u00fcksek sesle \u00e7al\u0131nan m\u00fczik bizleri \u00e7ok rahats\u0131z ediyor. Hafta sonlar\u0131 da a\u00e7\u0131k havada, sokakta veya geni\u015f i\u015fyerlerinde yap\u0131lan d\u00fc\u011f\u00fcnlerdeki m\u00fczik, evlerinde dinlenmek isteyen insanlara, \u00f6zellikle hasta ve \u00e7ocuklara rahatl\u0131k, huzur vermiyor. S\u0131cak yaz g\u00fcnlerinde, halk evinde bile rahat edemiyor. Ya\u015fl\u0131lar ve \u00e7ocuklar ise bu olaydan en \u00e7ok etkilenenler aras\u0131nda bulunuyor. A\u00e7\u0131k havada yap\u0131lan d\u00fc\u011f\u00fcnlerde, devlet belli bir ses y\u00fcksekli\u011fi koymu\u015ftur. \u015eikayet ediyoruz, \u201cPolis \u2018zab\u0131ta\u2019 diyor, zab\u0131ta da \u2018polis\u2019 diyor.\u201d Olan bize oluyor. Ama buna ald\u0131r\u0131\u015f eden \u00e7\u00f6z\u00fcm \u00fcreten yetkili de yok.&#8221; dedi.<br \/>\nVatanda\u015flar sadece d\u00fc\u011f\u00fcn g\u00fcr\u00fclt\u00fcs\u00fcnden \u015fikayet\u00e7i de\u011fil. D\u00fc\u011f\u00fcn \u00f6ncesi masa sandalye dizimi ve temizli\u011fi s\u0131ras\u0131nda ve d\u00fc\u011f\u00fcn sonras\u0131 yap\u0131lan toplama i\u015flemlerindeki g\u00fcr\u00fclt\u00fcden de rahats\u0131z.<\/p>\n<p>SEV\u0130M ESRA G\u00dcNG\u00d6R<\/p>\n","protected":false},"excerpt":{"rendered":"<p>Marehan\u2019da say\u0131s\u0131 artan d\u00fc\u011f\u00fcnler, havai fi\u015fek patlamalar\u0131, a\u015f\u0131r\u0131 m\u00fczik sesi, g\u00fcr\u00fclt\u00fc ve g\u00f6r\u00fcnt\u00fc kirlili\u011fi \u00e7evrede ya\u015fayan vatanda\u015flar\u0131 b\u0131kt\u0131rd\u0131.\u00a0 Yaz aylar\u0131yla birlikte a\u00e7\u0131lan d\u00fc\u011f\u00fcn sezonu, havai fi\u015fek, maytap patlamalar\u0131, korna ve susturucusuz egzoz seslerini de birlikte getirdi. \u015eehirde eksik olmayan g\u00fcr\u00fclt\u00fc kirlili\u011fine bir de d\u00fc\u011f\u00fcn sezonu eklendi. \u00d6zellikle kurallara uygun olmayan Marehan\u2019da da g\u00fcr\u00fclt\u00fc \u00f6l\u00e7\u00fcm\u00fc, birka\u00e7 [&hellip;]<\/p>\n","protected":false},"author":2,"featured_media":0,"comment_status":"open","ping_status":"open","sticky":false,"template":"","format":"standard","meta":{"footnotes":""},"categories":[],"tags":[],"class_list":["post-4212","post","type-post","status-publish","format-standard","hentry"],"views":19,"_links":{"self":[{"href":"https:\/\/mersingazetesi.com\/index.php\/wp-json\/wp\/v2\/posts\/4212","targetHints":{"allow":["GET"]}}],"collection":[{"href":"https:\/\/mersingazetesi.com\/index.php\/wp-json\/wp\/v2\/posts"}],"about":[{"href":"https:\/\/mersingazetesi.com\/index.php\/wp-json\/wp\/v2\/types\/post"}],"author":[{"embeddable":true,"href":"https:\/\/mersingazetesi.com\/index.php\/wp-json\/wp\/v2\/users\/2"}],"replies":[{"embeddable":true,"href":"https:\/\/mersingazetesi.com\/index.php\/wp-json\/wp\/v2\/comments?post=4212"}],"version-history":[{"count":0,"href":"https:\/\/mersingazetesi.com\/index.php\/wp-json\/wp\/v2\/posts\/4212\/revisions"}],"wp:attachment":[{"href":"https:\/\/mersingazetesi.com\/index.php\/wp-json\/wp\/v2\/media?parent=4212"}],"wp:term":[{"taxonomy":"category","embeddable":true,"href":"https:\/\/mersingazetesi.com\/index.php\/wp-json\/wp\/v2\/categories?post=4212"},{"taxonomy":"post_tag","embeddable":true,"href":"https:\/\/mersingazetesi.com\/index.php\/wp-json\/wp\/v2\/tags?post=4212"}],"curies":[{"name":"wp","href":"https:\/\/api.w.org\/{rel}","templated":true}]}}