{"id":42117,"date":"2022-12-30T13:54:16","date_gmt":"2022-12-30T10:54:16","guid":{"rendered":"http:\/\/mersingazetesi.com\/?p=42117"},"modified":"2024-06-11T21:47:47","modified_gmt":"2024-06-11T18:47:47","slug":"penceremden-2022ye-veda-ederken","status":"publish","type":"post","link":"https:\/\/mersingazetesi.com\/index.php\/2022\/12\/30\/penceremden-2022ye-veda-ederken\/","title":{"rendered":"PENCEREMDEN: 2022\u2019YE VEDA EDERKEN\u2026"},"content":{"rendered":"<p>2022 yurt i\u00e7inde ve d\u0131\u015f\u0131nda \u00f6nemli geli\u015fmelerle gergin ba\u015flad\u0131. Gergin bitiyor..!<\/p>\n<p>D\u00fcnya\u2019da, derin NATO\u2019nun ve onun gaz\u0131na gelen Ukrayna\u2019n\u0131n aylarca k\u0131\u015fk\u0131rtmas\u0131 sonucu, \u00a0Rusya\u2019n\u0131n sald\u0131rmas\u0131 ile ba\u015flayan sava\u015f, D\u00fcnya\u2019m\u0131z\u0131 etkilemeye ve\u00a0\u015fekillendirmeye devam ediyor.<\/p>\n<p>Y\u00fczy\u0131l\u0131m\u0131zda\u00a0MASA\/SAHA\/EKRAN boyutlar\u0131nda ya\u015fanan s\u0131cak sava\u015flara, T\u0130CAR\u0130\/EKONOM\u0130K boyutu eklendi.<\/p>\n<p>YEN\u0130 B\u0130R D\u00dcNYA KURULUYOR<\/p>\n<p>Bu sava\u015f art\u0131k derin NATO\u2019nun,\u00a0\u00a0Avrupa , Akdeniz, Orta Do\u011fu ve \u00c7in Denizinde garnizon devletler\u00a0mimarisi ile Rusya ve \u00c7in\u2019i ku\u015fatarak tek kutuplu D\u00fcnya\u2019y\u0131 peki\u015ftirme \u00e7abalar\u0131na\u00a0kar\u015f\u0131,\u00a0Rusya ve \u00c7in\u2019in ba\u015f\u0131n\u0131 \u00e7ekti\u011fi, \u00e7ok kutuplu D\u00fcnya olgusunu g\u00f6sterdi.<\/p>\n<p>\u0130lk bak\u0131\u015fta, Rusya, egemen bir devlete sald\u0131rarak, BM hukukuna\u00a0\u00a0g\u00f6re su\u00e7 i\u015flemi\u015ftir.<\/p>\n<p>Ancak Bat\u0131 emperyalizmi de s\u00f6z\u00fcnde durmayarak, NATO Do\u011fuya do\u011fru geni\u015flemeye devam ederek, \u2018Minsk Anla\u015fmas\u0131\u2019n\u0131 ihlal etmi\u015f, Rusya\u2019n\u0131n g\u00fcvenli\u011fini tehdit etmi\u015ftir. Ancak do\u011fan\u0131n\u00a0\u00a0yasalar\u0131, be\u015feri yasalar\u0131n her zaman \u00fczerindedir. (K\u00f6\u015feye s\u0131k\u0131\u015ft\u0131r\u0131lan kedi, sald\u0131r\u0131r) Bu nedenle Rusya, Minsk Anla\u015fmas\u0131\u2019na ve kendisine verilen s\u00f6zlere ra\u011fmen, Ukrayna\u2019n\u0131n israrla NATO\u2019ya al\u0131nma giri\u015fimlerini, gerekirse n\u00fckleer silah kullanma tehdidiyle hi\u00e7bir \u015fekilde kabul etmeyece\u011fini g\u00f6stermi\u015ftir.<\/p>\n<p>YUNAN\u0130STAN VE EGE ADALARININ S\u0130LAHLANDIRILMASI VE MAV\u0130 VATAN \u00dcZER\u0130NDEK\u0130 YEN\u0130 SEVR DAYATMASI<\/p>\n<p>Ege Adalar\u0131n\u0131n Lozan\u2019a ayk\u0131r\u0131 olarak silahland\u0131r\u0131lmas\u0131, Akdeniz\u2019deki m\u00fcnhas\u0131r ekonomik b\u00f6lgelerde T\u00fcrkiye\u2019nin haklar\u0131n\u0131n daralt\u0131lmaya \u00e7al\u0131\u015f\u0131lmas\u0131\u00a0,Mavi Vatan\u2019\u0131m\u0131z \u00fczerindeki\u00a0\u00a0yeni Sevr dayatmas\u0131 olup, \u00fclkemiz a\u00e7\u0131s\u0131ndan 2022\u2019nin d\u0131\u015ftaki en \u00f6nemli geli\u015fmelerden biridir. \u015eimdilik buzdolab\u0131na konan bu mesele, T\u00fcrkiye\u2019nin zay\u0131f an\u0131nda oldu bittiye getirilmek istenecektir.<\/p>\n<p>\u00d6te yandan\u00a0\u00a0BOP projesi, Ortado\u011fu\u2019da T\u00fcrkiye\u2019nin itirazlar\u0131na ra\u011fmen devam ettirilmek istenmektedir.<\/p>\n<p>2022 DE \u0130\u00c7 S\u0130YASET \u00c7OK GERD\u0130<\/p>\n<p>Ki\u015fisel olarak, 2023 se\u00e7imleri ile \u00f6nemli bir yol ayr\u0131m\u0131na gelecek olan \u00fclkemiz tarihinde,\u00a0\u00a0bu kadar insanlar\u0131 kutupla\u015ft\u0131ran, geren ve seviyesinin d\u00fc\u015ft\u00fc\u011f\u00fc bir y\u0131l\u0131 hat\u0131rlam\u0131yorum.<\/p>\n<p>Bunda sorumlulu\u011funa g\u00f6re yetkilerin \u00e7ok fazla, denge ve denetimim kurumlar\u0131n\u0131n zay\u0131f oldu\u011fu Cumhurba\u015fkanl\u0131\u011f\u0131 Sisteminin \u00f6nemli bir rol\u00fcn\u00fcn oldu\u011funu d\u00fc\u015f\u00fcn\u00fcyorum. \u0130stanbul se\u00e7imlerinin sonu\u00e7lar\u0131n\u0131n ve sonras\u0131nda halen devam eden yarg\u0131ya m\u00fcdahalelerin bu gerginli\u011fin artmas\u0131nda \u00f6nemli etkisinin de oldu\u011fu art\u0131k herkes\u00e7e\u00a0\u00a0biliniyor.<\/p>\n<p>ADALETE\u00a0\u00a0VE YARGIYA G\u00dcVEN KALMADI!<\/p>\n<p>Cumhurba\u015fkanl\u0131\u011f\u0131 sisteminin fiilen uygulamaya ge\u00e7ti\u011fi\u00a0Haziran 2019 dan\u00a0\u00a0bu yana, \u00fclkemizde en \u00e7ok y\u0131pranan kurum, ba\u011f\u0131ms\u0131z olmas\u0131 gereken Yarg\u0131 ve tarafs\u0131z olmas\u0131 gereken Adalet oldu.<\/p>\n<p>\u0130stanbul\u00a0\u00a0Belediye se\u00e7imlerinin siyasi kararlarla m\u00fcdahale edilmesi ve tekrarlanmas\u0131yla yarg\u0131ya ve adalete g\u00fcven zedelendi. Mafya Babalar\u0131 ve katliam san\u0131klar\u0131 \u00f6zel af yasalar\u0131 ile arka kap\u0131dan birer birer sal\u0131verilirken, Montr\u00f6 konusunda g\u00f6r\u00fc\u015f beyan eden emekli Amiraller tutukland\u0131&#8230;!<\/p>\n<p>Beraat etti\u011fi halde tekrar tutuklanan gezi davalar\u0131n\u0131n san\u0131klar\u0131&#8230;!<\/p>\n<p>Son dakikada yerleri de\u011fi\u015ftirilen hakimler&#8230;!<\/p>\n<p>Ayn\u0131 davada\u00a0kararlar\u0131n\u0131 de\u011fi\u015ftiren hakimler\u2026!<\/p>\n<p>Mahkemeleri de\u011fi\u015ftirilen davalar\u2026! Davalar mahkemelerde devam ederken,\u00a0siyasilerin ve yarg\u0131 \u00fcyelerinin g\u00f6r\u00fc\u015flerini \u00f6nceden beyan etmeleri&#8230;!<\/p>\n<p>28 \u015eubat s\u00fcrecinde, bir ki\u015finin\u00a0\u00a0burnu bile kanamad\u0131\u011f\u0131 halde, yasalar\u0131 uygulamaktan ba\u015fka su\u00e7u olmayan 85 ya\u015f\u0131na\u00a0ula\u015fm\u0131\u015f komutanlar, d\u00fczmece sa\u011fl\u0131k raporlar\u0131yla hapislerde \u00f6l\u00fcrken, \u0130mamo\u011flu\u2019nu mahk\u00fbm eden mahkemenin hakiminin karar \u00f6ncesi de\u011fi\u015ftirilmesi\u00a0\u00a02022\u2019de yarg\u0131ya olan g\u00fcveni tamamen bitiren son kararlardand\u0131r.<\/p>\n<p>Son olarak\u00a0\u00a0Mersin Liman\u0131 dahil, limanlar\u0131n, ihalesiz s\u00fcrelerinin uzat\u0131lmas\u0131n\u0131 oy birli\u011fi ile iptal eden AYM&#8217;nin \u00a0karar\u0131n\u0131 y\u00fcr\u00fcmenin tan\u0131mayarak yasay\u0131 uygulanmas\u0131 art\u0131k s\u00f6z\u00fcn tamamen bitti\u011fi yer oldu.<\/p>\n<p>MERS\u0130N\u2019DE YILIN OLAYI ADD\u2019N\u0130N MEKTUPLARININ PTT\u2019N\u0130N MUHTARLARA ULA\u015eTIRMAMASIDIR!<\/p>\n<p>Mersin demek liman demektir.<\/p>\n<p>Muhalif kent Mersin\u2019i adeta cezaland\u0131rmak amac\u0131yla,\u00a0\u00a0\u00a0T\u00fcrkiye i\u00e7in stratejik \u00f6nemdeki YEN\u0130 HAVA ALANI\u00a0\u00a0\u00a0VE YEN\u0130 ANAKONTEYNER AKTARMA L\u0130MANI yat\u0131r\u0131mlar\u0131n\u0131 hayata ge\u00e7mesi s\u00fcrekli ertelenmektedir.<\/p>\n<p>\u00d6te yandan ilgili bakanl\u0131k onaylar\u0131yla\u00a0\u00a0\u00f6zel \u015firketler lehine, kent merkezindeki \u00a0Atat\u00fcrk Park\u0131\u2019n\u0131n<\/p>\n<p>Do\u011fusunda \u2018Liman Geni\u015fletme\u2019, Bat\u0131s\u0131nda da\u00a0\u00a0bal\u0131k\u00e7\u0131 bar\u0131na\u011f\u0131n\u0131n \u2018Su Sporlar\u0131 Merkezi\u2019 projesi ile ranta a\u00e7\u0131lmas\u0131,\u00a0\u00a0Mersin\u2019in ekonomik ve ekolojik gelece\u011fini\u00a0ipotek alt\u0131na almaktad\u0131r.<\/p>\n<p>Kamu yarar\u0131na \u00e7al\u0131\u015fan bir dernek olarak, ADD Mersin \u015eubesi,\u00a0\u00a0her iki projenin\u00a0\u00a0Mersin i\u00e7in yanl\u0131\u015fl\u0131\u011f\u0131na kar\u015f\u0131 hukuki ve idari zeminde itiraz etmektedir. Ayr\u0131ca ger\u00e7ekle\u015ftirdi\u011fi Halkla Bulu\u015fma toplant\u0131lar\u0131yla bu projelerin Mersin\u2019e mal edilmesini sa\u011flam\u0131\u015ft\u0131r. Bu ama\u00e7la ortaya \u00e7\u0131kan uzman g\u00f6r\u00fc\u015flerini Mersin\u2019deki t\u00fcm Muhtarlarla payla\u015fmak \u0130\u00e7in PTT kanal\u0131yla paras\u0131n\u0131n(6000 TL) \u00f6deyerek g\u00f6ndermi\u015ftir. Ancak kapal\u0131 mektuplar\u0131n\u00a0\u00a0yerlerine ula\u015fmad\u0131\u011f\u0131 bizzat muhtarlarla g\u00f6r\u00fc\u015ferek saptanm\u0131\u015f olup, 808 mektubun ak\u0131beti\u00a0\u00a0hala me\u00e7huld\u00fcr.<\/p>\n<p>Yerel ve ulusal bas\u0131nda yer alan , ADD Mersin \u015fubesi taraf\u0131ndan savc\u0131l\u0131k ve idari makamlara iletilen bu durum kanaatimce Mersin\u2019de belki de T\u00fcrkiye\u2019de y\u0131l\u0131n skandal olaylar\u0131ndan biridir.<\/p>\n<p>2023\u2019TE CUMHUR\u0130YET\u0130M\u0130Z\u0130N 100. YILINA G\u0130RERKEN\u2026<\/p>\n<p>2022 deki t\u00fcm bu olumsuzluklara ra\u011fmen, Cumhuriyetimizin 100. Y\u0131l\u0131na girerken. 2023\u2019\u00fcn t\u00fcm insanl\u0131\u011fa ve \u00fclkemize bar\u0131\u015f, huzur ve\u00a0refah getirmesi umuduyla, Mersinlilerin ve okurlar\u0131m\u0131n yeni y\u0131l\u0131n\u0131 kutlar, g\u00f6n\u00fcllerince bir y\u0131l ge\u00e7irmelerini dilerim\u2026<\/p>\n","protected":false},"excerpt":{"rendered":"<p>2022 yurt i\u00e7inde ve d\u0131\u015f\u0131nda \u00f6nemli geli\u015fmelerle gergin ba\u015flad\u0131. Gergin bitiyor..! D\u00fcnya\u2019da, derin NATO\u2019nun ve onun gaz\u0131na gelen Ukrayna\u2019n\u0131n aylarca k\u0131\u015fk\u0131rtmas\u0131 sonucu, \u00a0Rusya\u2019n\u0131n sald\u0131rmas\u0131 ile ba\u015flayan sava\u015f, D\u00fcnya\u2019m\u0131z\u0131 etkilemeye ve\u00a0\u015fekillendirmeye devam ediyor. Y\u00fczy\u0131l\u0131m\u0131zda\u00a0MASA\/SAHA\/EKRAN boyutlar\u0131nda ya\u015fanan s\u0131cak sava\u015flara, T\u0130CAR\u0130\/EKONOM\u0130K boyutu eklendi. YEN\u0130 B\u0130R D\u00dcNYA KURULUYOR Bu sava\u015f art\u0131k derin NATO\u2019nun,\u00a0\u00a0Avrupa , Akdeniz, Orta Do\u011fu ve \u00c7in [&hellip;]<\/p>\n","protected":false},"author":13,"featured_media":41693,"comment_status":"open","ping_status":"open","sticky":false,"template":"","format":"standard","meta":{"footnotes":""},"categories":[28],"tags":[],"class_list":["post-42117","post","type-post","status-publish","format-standard","has-post-thumbnail","hentry","category-serdar-erkan"],"views":79,"_links":{"self":[{"href":"https:\/\/mersingazetesi.com\/index.php\/wp-json\/wp\/v2\/posts\/42117","targetHints":{"allow":["GET"]}}],"collection":[{"href":"https:\/\/mersingazetesi.com\/index.php\/wp-json\/wp\/v2\/posts"}],"about":[{"href":"https:\/\/mersingazetesi.com\/index.php\/wp-json\/wp\/v2\/types\/post"}],"author":[{"embeddable":true,"href":"https:\/\/mersingazetesi.com\/index.php\/wp-json\/wp\/v2\/users\/13"}],"replies":[{"embeddable":true,"href":"https:\/\/mersingazetesi.com\/index.php\/wp-json\/wp\/v2\/comments?post=42117"}],"version-history":[{"count":0,"href":"https:\/\/mersingazetesi.com\/index.php\/wp-json\/wp\/v2\/posts\/42117\/revisions"}],"wp:featuredmedia":[{"embeddable":true,"href":"https:\/\/mersingazetesi.com\/index.php\/wp-json\/wp\/v2\/media\/41693"}],"wp:attachment":[{"href":"https:\/\/mersingazetesi.com\/index.php\/wp-json\/wp\/v2\/media?parent=42117"}],"wp:term":[{"taxonomy":"category","embeddable":true,"href":"https:\/\/mersingazetesi.com\/index.php\/wp-json\/wp\/v2\/categories?post=42117"},{"taxonomy":"post_tag","embeddable":true,"href":"https:\/\/mersingazetesi.com\/index.php\/wp-json\/wp\/v2\/tags?post=42117"}],"curies":[{"name":"wp","href":"https:\/\/api.w.org\/{rel}","templated":true}]}}