{"id":37280,"date":"2022-10-20T13:54:50","date_gmt":"2022-10-20T10:54:50","guid":{"rendered":"http:\/\/mersingazetesi.com\/?p=37280"},"modified":"2024-06-11T21:47:47","modified_gmt":"2024-06-11T18:47:47","slug":"penceremden-tek-kutuplu-dunya-neo-liberal-sistem-ve-kader-plani","status":"publish","type":"post","link":"https:\/\/mersingazetesi.com\/index.php\/2022\/10\/20\/penceremden-tek-kutuplu-dunya-neo-liberal-sistem-ve-kader-plani\/","title":{"rendered":"PENCEREMDEN: TEK KUTUPLU D\u00dcNYA, NEO L\u0130BERAL S\u0130STEM VE KADER PLANI\u2026"},"content":{"rendered":"<div dir=\"auto\">\n<div dir=\"auto\">Ge\u00e7ti\u011fimiz hafta \u00fclke olarak hepimizi \u00fczen Bart\u0131n\u2019daki grizu patlamas\u0131 nedeniyle 41 yurtta\u015f\u0131m\u0131z\u0131 kaybettik. Ailelerinin ve ulusumuzun ba\u015f\u0131 sa\u011folsun. Yaral\u0131lar\u0131m\u0131zda \u015fifalar diliyorum.<\/div>\n<div dir=\"auto\">Daha \u00f6nce Soma ve Ermenek\u2019te ya\u015fanan benzeri (s\u00fcrekli tekrarland\u0131\u011f\u0131 \u0130\u00e7in i\u015f kazas\u0131 diyemiyorum) i\u015f cinayetleri nedeniyle yine bir \u00e7ok ailenin oca\u011f\u0131na ate\u015f d\u00fc\u015ft\u00fc.<\/div>\n<div dir=\"auto\"><\/div>\n<div dir=\"auto\">\u0130\u015e C\u0130NAYETLER\u0130 \u00a0NEOL\u0130BERAL S\u0130STEMDEN VE DENET\u0130MS\u0130ZL\u0130KDEN KAYNAKLANMAKTADIR<\/div>\n<div dir=\"auto\"><\/div>\n<div dir=\"auto\">1990\u2019lar\u0131n ba\u015f\u0131nda SSCB\u2019nin \u00e7\u00f6kmesinden sonra olu\u015fan tek kutuplu D\u00fcnya\u2019n\u0131n dayat\u0131lan Neo-Liberal ekonomik sistemine Dervi\u015f yasalar\u0131yla (15 g\u00fcnde 15 Yasa) T\u00fcrkiye 90\u2019lar\u0131n sonunda entegre edildi.<\/div>\n<div dir=\"auto\">AKP h\u00fck\u00fcmetinin son 20 y\u0131ld\u0131r, harfiyen uygulaya geldi\u011fi bu ekonomik rejimde 2000\u2019li y\u0131llardan beri ayn\u0131 veya benzer \u00a0sekt\u00f6rleri D\u00fcnya\u2019daki ve AB \u00fclkelerle k\u0131yaslad\u0131\u011f\u0131n\u0131zda \u00a0\u2018\u00fcretim miktar\u0131 ba\u015f\u0131na\u2019 \u00f6l\u00fcmler \u00fclkemizde giderek art\u0131yor. San\u0131r\u0131m AB \u00fclkeleri aras\u0131nda ilk s\u0131rada, D\u00fcnya\u2019da da \u00c7in\u2019den sonra gelmekteyiz.<\/div>\n<div dir=\"auto\"><\/div>\n<div dir=\"auto\">\u201cYUKARIDA A\u00c7LIK KES\u0130N, A\u015eA\u011eIDA \u00d6L\u00dcM R\u0130SK\u0130 OLASILIK\u201d<\/div>\n<div dir=\"auto\"><\/div>\n<div dir=\"auto\">\u00a0Son kazadan sonra Bart\u0131n\u2019l\u0131 bir madenci taraf\u0131ndan ifade edilen yukar\u0131daki ifade her \u015feyi \u00f6zetliyor. T\u00fcrkiye yurtta\u015flar\u0131, \u00f6zellikle de gen\u00e7lerimizin \u00e7o\u011funlu\u011fu ya\u015fam\u0131n\u0131n ilk yillar\u0131nda yukar\u0131daki ikilemle kar\u015f\u0131 kar\u015f\u0131ya.<\/div>\n<div dir=\"auto\">\u00c7\u00fcnk\u00fc, D\u00fcnya egemenlerin yukar\u0131dan a\u015fa\u011f\u0131ya piramidal sistemdeki t\u00fcm \u00fclkelere dayatt\u0131\u011f\u0131 tek kutuplu D\u00fcnya ve onun neo-liberal ekonomik sistemi \u2018y\u00fcksek k\u00e2r, en d\u00fc\u015f\u00fck maliyet ve fiyat rekabetine dayal\u0131d\u0131r. Bu sistemde pazara \u00a0sunulan b\u00fct\u00fcn mallar\u0131n ve hizmetlerin fiyatlar\u0131 rekabet i\u00e7in s\u00fcrekli d\u00fc\u015f\u00fcr\u00fclmelidir. Bu sistemde ya\u015fayabilmek \u00a0i\u00e7in \u2018\u00f6l\u00e7ek ekonomisi\u2019 yani \u2018olabildi\u011fince b\u00fcy\u00fck kitlesel \u00fcretim ve olabildi\u011fince d\u00fc\u015f\u00fck i\u015f\u00e7ilik maliyeti\u2019 tercih edilmek zorunda kal\u0131nmaktad\u0131r.<\/div>\n<div dir=\"auto\">B\u00f6ylelikle \u00fcr\u00fcn veya hizmet arz\u0131n\u0131n maliyeti azalt\u0131larak ulusal ve uluslararas\u0131 piyasalarda rekabet g\u00fcc\u00fc art\u0131r\u0131l\u0131p, daha \u00e7ok k\u00e2r elde edilmeye \u00e7al\u0131\u015f\u0131l\u0131r.<\/div>\n<div dir=\"auto\">Bu s\u00fcre\u00e7te yasalar ve i\u015f g\u00fcvenli\u011fi gibi denetim mekanizmalar\u0131, \u00a0\u00f6zellikle g\u00fc\u00e7ler ayr\u0131l\u0131\u011f\u0131n\u0131n olmad\u0131\u011f\u0131 \u00a0ve \u00a0demokratik kurum ve kurallar ask\u0131ya al\u0131n\u0131r. \u0130nsanlar k\u00f6lelik \u00fccret ve \u015fartlar\u0131nda g\u00fcvenliksiz ortamlarda \u00fccretsiz fazla mesailere zorlan\u0131r.<\/div>\n<div dir=\"auto\">Bu nedenle, tabiki tekadam sisteminin oldu\u011fu \u00fclkemizde bizim gibi evrensel demokrasinin hukuk kurallar\u0131n\u0131n ve denetim yasa ve y\u00f6netmeliklerinin tart\u0131\u015fmal\u0131 oldu\u011fu \u00fclkemiz de devkazalar\u0131n\u0131n artmas\u0131 ka\u00e7\u0131n\u0131lmazd\u0131r.<\/div>\n<div dir=\"auto\">Bu s\u00fcreci (kader plan\u0131n\u0131) planlayanlar ve uygulayan emperyal devlet ve uluslararas\u0131 tekellerin \u00a0amac\u0131; \u00a0bizim gibi sanayi \u00fclkesi olamayan \u00fclkelerin hammadde ve ucuz i\u015f\u00e7ilik merkezleri olarak kalmas\u0131d\u0131r.<\/div>\n<div dir=\"auto\">Bunun i\u00e7in yasalar\u0131n ve denetimlerin zay\u0131f veya iyi olmas\u0131 onlar\u0131n umurunda de\u011fil, asl\u0131nda lehlerinedir. Bu nedenle yabanc\u0131 yat\u0131r\u0131mc\u0131lar, \u00f6ncesinde sorumluluktan ka\u00e7\u0131nmak i\u00e7in i\u015f g\u00fcvenli\u011fi yasal d\u00fczenlemelerine \u00e7ok dikkat ederler.<\/div>\n<div dir=\"auto\">Kendilerine maliyet ve cezai sorumluluk getirmesini istemezler. Bu nedenle \u00fclkemizde cinayetlerinin artmas\u0131 ka\u00e7\u0131n\u0131lmaz olmaktad\u0131r. \u00a0Bu nedenle, \u0130\u015f cinayetlerinin k\u00f6k nedeni DENET\u0130M EKS\u0130KL\u0130K VE YETERS\u0130ZL\u0130\u011e\u0130D\u0130R.<\/div>\n<div dir=\"auto\"><\/div>\n<div dir=\"auto\">MEVCUT \u0130\u015e G\u00dcVENL\u0130\u011e\u0130 YASAL D\u00dcZENLEMELER\u0130 YANLI\u015e VE B\u0130L\u0130N\u00c7L\u0130 B\u0130R TERC\u0130HT\u0130R<\/div>\n<div dir=\"auto\"><\/div>\n<div dir=\"auto\">\u00c7\u00fcnk\u00fc, mevcut durumda i\u015fg\u00fcvenli\u011fi \u015firket ve m\u00fchendisleri \u00a0ba\u011f\u0131ms\u0131z de\u011fildir. \u00c7\u00fcnk\u00fc i\u015f g\u00fcvenli\u011fi \u015firketi ve personeli \u00a0paras\u0131n\u0131(maa\u015f\u0131n\u0131) do\u011frudan i\u015fverenden almaktad\u0131r.<\/div>\n<div dir=\"auto\"><\/div>\n<div dir=\"auto\">Bu durumda i\u015fg\u00fcvenli\u011fi personelleri ba\u011f\u0131ms\u0131z olabilirmi?<\/div>\n<div dir=\"auto\">Bu durum \u00fcstelik yabanc\u0131 yat\u0131r\u0131mc\u0131lara, avantaj olarak sunulmaktad\u0131r.<\/div>\n<div dir=\"auto\">TMMOB\u2018a ba\u011fl\u0131 meslek odalar\u0131 y\u0131llarca ba\u011f\u0131ms\u0131z olmas\u0131 \u0130\u00e7in d\u00fczenleme yap\u0131lmas\u0131n\u0131 istemektedirler. AKP y\u00f6netimi bankalar\u0131n ve sigorta \u015firketlerinin, \u2018ev kredisi verirken veya ara\u00e7 kazalar\u0131nda \u00a0devreye giren emlak ve sigorta eksperleri i\u00e7in uygulad\u0131\u011f\u0131 \u201c ba\u011f\u0131ms\u0131z eksper havuz sistemini\u201d bile uygulamaktan neden ka\u00e7\u0131nmaktad\u0131r? Mevcut sistemde i\u015fverenler, d\u00fcr\u00fcst \u00e7al\u0131\u015fan \u0130\u015fg\u00fcvenli\u011fi \u015firket ve personelinin \u00f6nerilerini MAL\u0130YET ARTIRICI PERSONEL olarak g\u00f6rmekte ve tercih etmemektedirler.<\/div>\n<div dir=\"auto\">Bu durumda i\u015f g\u00fcvenli\u011fi \u00f6nerileri kulak arad\u0131 edilmektedir. Mevcut sistemde hem \u0130\u015e G\u00dcVENL\u0130\u011e\u0130 M\u00dcHEND\u0130SLER\u0130 S\u0130STEM\u0130N G\u00dcNAH KE\u00c7\u0130S\u0130 haline sokulmakta, hemde i\u015f cinayetleri \u00f6nlenememektedir.<\/div>\n<div dir=\"auto\"><\/div>\n<div dir=\"auto\">\u00c7\u00d6Z\u00dcM BA\u011eIMSIZ DENET\u0130M S\u0130STEM\u0130 KURMAKTAN GE\u00c7\u0130YOR<\/div>\n<div dir=\"auto\"><\/div>\n<div dir=\"auto\">AKP iktidar\u0131, yat\u0131r\u0131mc\u0131 gelsin diye ba\u011f\u0131ms\u0131z denetim sistemini olu\u015fturacak yasal d\u00fczenleme yapmad\u0131\u011f\u0131 s\u00fcrece i\u015f cinayetlerinden sorumludur.<\/div>\n<div dir=\"auto\">\u00c7\u00fcnk\u00fc, denetim sistemindeki aksamalar\u0131 g\u00f6rmezden gelerek, 20 y\u0131ld\u0131r, i\u015f cinayetlerinin \u00a0\u2018kader plan\u0131n\u0131\u2019 AKP iktidar\u0131 yapmaktad\u0131r.<\/div>\n<\/div>\n","protected":false},"excerpt":{"rendered":"<p>Ge\u00e7ti\u011fimiz hafta \u00fclke olarak hepimizi \u00fczen Bart\u0131n\u2019daki grizu patlamas\u0131 nedeniyle 41 yurtta\u015f\u0131m\u0131z\u0131 kaybettik. Ailelerinin ve ulusumuzun ba\u015f\u0131 sa\u011folsun. Yaral\u0131lar\u0131m\u0131zda \u015fifalar diliyorum. Daha \u00f6nce Soma ve Ermenek\u2019te ya\u015fanan benzeri (s\u00fcrekli tekrarland\u0131\u011f\u0131 \u0130\u00e7in i\u015f kazas\u0131 diyemiyorum) i\u015f cinayetleri nedeniyle yine bir \u00e7ok ailenin oca\u011f\u0131na ate\u015f d\u00fc\u015ft\u00fc. \u0130\u015e C\u0130NAYETLER\u0130 \u00a0NEOL\u0130BERAL S\u0130STEMDEN VE DENET\u0130MS\u0130ZL\u0130KDEN KAYNAKLANMAKTADIR 1990\u2019lar\u0131n ba\u015f\u0131nda SSCB\u2019nin \u00e7\u00f6kmesinden [&hellip;]<\/p>\n","protected":false},"author":13,"featured_media":37289,"comment_status":"open","ping_status":"open","sticky":false,"template":"","format":"standard","meta":{"footnotes":""},"categories":[28],"tags":[],"class_list":["post-37280","post","type-post","status-publish","format-standard","has-post-thumbnail","hentry","category-serdar-erkan"],"views":73,"_links":{"self":[{"href":"https:\/\/mersingazetesi.com\/index.php\/wp-json\/wp\/v2\/posts\/37280","targetHints":{"allow":["GET"]}}],"collection":[{"href":"https:\/\/mersingazetesi.com\/index.php\/wp-json\/wp\/v2\/posts"}],"about":[{"href":"https:\/\/mersingazetesi.com\/index.php\/wp-json\/wp\/v2\/types\/post"}],"author":[{"embeddable":true,"href":"https:\/\/mersingazetesi.com\/index.php\/wp-json\/wp\/v2\/users\/13"}],"replies":[{"embeddable":true,"href":"https:\/\/mersingazetesi.com\/index.php\/wp-json\/wp\/v2\/comments?post=37280"}],"version-history":[{"count":0,"href":"https:\/\/mersingazetesi.com\/index.php\/wp-json\/wp\/v2\/posts\/37280\/revisions"}],"wp:featuredmedia":[{"embeddable":true,"href":"https:\/\/mersingazetesi.com\/index.php\/wp-json\/wp\/v2\/media\/37289"}],"wp:attachment":[{"href":"https:\/\/mersingazetesi.com\/index.php\/wp-json\/wp\/v2\/media?parent=37280"}],"wp:term":[{"taxonomy":"category","embeddable":true,"href":"https:\/\/mersingazetesi.com\/index.php\/wp-json\/wp\/v2\/categories?post=37280"},{"taxonomy":"post_tag","embeddable":true,"href":"https:\/\/mersingazetesi.com\/index.php\/wp-json\/wp\/v2\/tags?post=37280"}],"curies":[{"name":"wp","href":"https:\/\/api.w.org\/{rel}","templated":true}]}}