{"id":3664,"date":"2021-11-23T11:51:42","date_gmt":"2021-11-23T08:51:42","guid":{"rendered":"http:\/\/mersin.mesiad.org\/index.php\/2021\/11\/23\/guc-birligi-guclu-geliyor\/"},"modified":"2021-11-23T11:51:42","modified_gmt":"2021-11-23T08:51:42","slug":"guc-birligi-guclu-geliyor","status":"publish","type":"post","link":"https:\/\/mersingazetesi.com\/index.php\/2021\/11\/23\/guc-birligi-guclu-geliyor\/","title":{"rendered":"G\u00dc\u00c7 B\u0130RL\u0130\u011e\u0130 G\u00dc\u00c7L\u00dc GEL\u0130YOR"},"content":{"rendered":"<p>Mahalli \u0130dareler Se\u00e7imi yar\u0131\u015f\u0131na 1 ay kala kat\u0131lan Demokrat Parti Mersin B\u00fcy\u00fck\u015fehir Belediye Ba\u015fkan Aday\u0131 eski bakan Ayfer Y\u0131lmaz, se\u00e7men taraf\u0131ndan gitti\u011fi her yerde co\u015fkuyla kar\u015f\u0131lan\u0131yor. Mevcut Ba\u015fkan Burhanettin Kocamaz\u2019\u0131n aday olamamas\u0131 \u00fczerine olu\u015fturulan g\u00fc\u00e7 birli\u011fi ile se\u00e7men huzuruna \u00e7\u0131kan Y\u0131lmaz\u2019\u0131n se\u00e7im parolas\u0131 ise \u2018Demokrasi\u2019<br \/>\n\u00a0<br \/>\nPartiler \u00fcst\u00fc m\u00fccadele \u00f6rne\u011fi<br \/>\n\u00a0<br \/>\nYakla\u015fan 31 Mart 2019 Mahalli \u0130dareler Se\u00e7imi \u00f6ncesinde mevcut Ba\u015fkan Burhanettin Kocamaz\u2019\u0131n adayl\u0131k ba\u015fvurusu Y\u00fcksek Se\u00e7im Kurulu taraf\u0131ndan kabul edilmeyince, \u0130yi Parti ve Demokrat Parti liderleri ile bir araya gelen Ba\u015fkan Kocamaz\u2019\u0131n yerine Devlet eski Bakan\u0131 Ayfer Y\u0131lmaz aday olarak g\u00f6sterildi. Ayfer Y\u0131lmaz\u2019\u0131n Demokrat Parti\u2019den \u0130yi Parti ve kendisinin deste\u011fi ile aday oldu\u011funu, d\u00fczenledi\u011fi bir bas\u0131n toplant\u0131s\u0131 ile kamuoyuna duyuran Ba\u015fkan Kocamaz, ya\u015fananlar\u0131n siyasi bir operasyon oldu\u011funu belirterek Mersin\u2019de se\u00e7imlere \u015faibe kar\u0131\u015ft\u0131\u011f\u0131n\u0131, yere d\u00fc\u015fen demokrasi bayra\u011f\u0131n\u0131 yeniden burca dikmek i\u00e7in de Ayfer Y\u0131lmaz\u2019a destek olacaklar\u0131n\u0131 a\u00e7\u0131klam\u0131\u015ft\u0131.<br \/>\n\u0130yi Parti Lideri Meral Ak\u015fener, Demokrat Parti Genel Ba\u015fkan\u0131 G\u00fcltekin Uysal ve B\u00fcy\u00fck\u015fehir Belediye Ba\u015fkan\u0131 Burhanettin Kocamaz ile Mersin\u2019e gelen Demokrat Parti Mersin B\u00fcy\u00fck\u015fehir Belediye Ba\u015fkan Aday\u0131 eski bakan ve milletvekili Ayfer Y\u0131lmaz, Mersin\u2019de co\u015fkulu bir kalabal\u0131k taraf\u0131ndan kar\u015f\u0131lanm\u0131\u015f, \u015fehir turunun ard\u0131ndan aday tan\u0131t\u0131m toplant\u0131s\u0131 ile halk\u0131n huzuruna \u00e7\u0131km\u0131\u015ft\u0131.<br \/>\nParti liderleri, aday tan\u0131t\u0131m toplant\u0131s\u0131nda Burhanettin Kocamaz\u2019a yap\u0131lan siyasi operasyon ile Mersin\u2019de Ba\u015fkan Kocamaz\u2019\u0131n se\u00e7ilme ve Mersin halk\u0131n\u0131n se\u00e7me hakk\u0131n\u0131n elinden al\u0131nd\u0131\u011f\u0131 g\u00f6r\u00fc\u015f\u00fcn\u00fc ifade ederek partiler \u00fcst\u00fc m\u00fccadele fitilinin ate\u015flendi\u011fi Mersin B\u00fcy\u00fck\u015fehir Belediye Ba\u015fkanl\u0131\u011f\u0131 se\u00e7imlerinde Ayfer Y\u0131lmaz\u2019a destek vererek herkesi 31 Mart\u2019ta demokrasiye sahip \u00e7\u0131kmaya davet etmi\u015fti. Ge\u00e7ti\u011fimiz g\u00fcnlerde Mersin\u2019i ziyaret eden Cumhuriyet Halk Partisi Genel Ba\u015fkan\u0131 Kemal K\u0131l\u0131\u00e7daro\u011flu da \u201cKocamaz sat\u0131n al\u0131nan siyasiler taraf\u0131ndan engellendi\u201d s\u00f6zleriyle Burhanettin Kocamaz\u2019a dolayl\u0131 destek vermi\u015f, CHP aday\u0131 Vahap Se\u00e7er ise ilk g\u00fcnden itibaren \u201cBurhanettin Kocamaz\u2019a yap\u0131lanlar\u0131 asla kabul etmiyorum\u201d diyerek bu konuda \u00f6nemli bir duru\u015f g\u00f6stermi\u015fti.<br \/>\n\u00a0<br \/>\nMersin, Y\u0131lmaz\u2019\u0131 ba\u011fr\u0131na bast\u0131<br \/>\n\u00a0<br \/>\nSiyasi kariyeri boyunca bir\u00e7ok \u00f6nemli noktada bulunan, 2 d\u00f6nem Mersin Milletvekilli\u011fi ve Ekonomiden Sorumlu Devlet Bakanl\u0131\u011f\u0131 g\u00f6revleri ile Mersinlinin yak\u0131ndan tan\u0131d\u0131\u011f\u0131 isim Ayfer Y\u0131lmaz, sonradan dahil oldu\u011fu se\u00e7im yar\u0131\u015f\u0131na h\u0131zl\u0131 ba\u015flad\u0131. Tarsus, G\u00fclnar, Mut ve Erdemli il\u00e7elerinde k\u00f6y k\u00f6y gezen, sivil toplum kurulu\u015flar\u0131ndan vatanda\u015f ve esnaf ziyaretlerine kadar aral\u0131ks\u0131z olarak se\u00e7im \u00e7al\u0131\u015fmas\u0131 y\u00fcr\u00fcten Y\u0131lmaz, Mersinliler taraf\u0131ndan da gitti\u011fi her yerde co\u015fkulu bir \u015fekilde kar\u015f\u0131lanarak k\u0131sa s\u00fcrede siyasi rakiplerinde \u015fok etkisi yaratmay\u0131 ba\u015fard\u0131.<br \/>\n\u00a0<br \/>\nY\u0131lmaz, \u201cNamertler Mersin\u2019e hizmeti \u00e7ok g\u00f6rd\u00fc\u201d<br \/>\n\u00a0<br \/>\nSe\u00e7im gezilerinde vatanda\u015fla kucakla\u015fan Y\u0131lmaz, Mersin\u2019de se\u00e7me ve se\u00e7ilme hakk\u0131n\u0131n gasp edildi\u011fini, demokrasi bayra\u011f\u0131n\u0131 d\u00fc\u015ft\u00fc\u011f\u00fc yerden kald\u0131rabilmek i\u00e7in bu yar\u0131\u015fta g\u00f6rev ald\u0131\u011f\u0131n\u0131 belirterek yapt\u0131\u011f\u0131 konu\u015fmada, \u201c\u015eimdi \u00f6yle bir noktaya geldik ki, her Mersin\u2019e geldi\u011fimizde buras\u0131 bir demokrasi meydan\u0131yd\u0131. Hesap sormak vatanda\u015f\u0131n hakk\u0131yd\u0131. Ama ne yaz\u0131k ki o devir de\u011fi\u015fmi\u015f, namertler t\u00fcremi\u015f. \u00d6yle ki son ya\u015fanan olaylarla birlikte bak\u0131nca, milletin kendisine, \u015fehrine hizmet edeni takdir etme veya hesap sorma hakk\u0131 da elinden al\u0131nd\u0131. Hem de \u00f6yle bir al\u0131nd\u0131 ki. Hat\u0131rlay\u0131n, 23 y\u0131l \u00f6nce Mersin mutluydu. \u0130mkanlar\u0131 azd\u0131 ama hala T\u00fcrkiye\u2019deki di\u011fer vilayetler aras\u0131nda ya\u015fanabilecek \u015fehirler aras\u0131nda 10\u2019uncu s\u0131radayd\u0131. Mersin \u015fu anda 81 il aras\u0131nda 59\u2019uncu s\u0131raya gerilemi\u015f durumda. Yat\u0131r\u0131mlar\u0131 hep geri plana \u00e7ekildi, hep \u00fcvey evlat muamelesi g\u00f6rd\u00fc. Ama ne oldu, B\u00fcy\u00fck\u015fehir Belediyesi sayesinde son y\u0131llarda Mersin desteklenmeye ba\u015flad\u0131. Yeniden kentin gelece\u011fine y\u00f6nelik yat\u0131r\u0131mlar hayata ge\u00e7meye ba\u015flad\u0131. Verilen hizmetler ile vatanda\u015f\u0131n hayat\u0131 kolayla\u015ft\u0131r\u0131lmaya, daha ya\u015fanabilir bir Mersin ortaya \u00e7\u0131kmaya ba\u015flad\u0131. Ama ne yaz\u0131k ki o namertler bu hizmetleri de Mersin\u2019e \u00e7ok g\u00f6rd\u00fcler. Yollar\u0131 kapatt\u0131lar, ama biz de onlar\u0131n d\u00fc\u015f\u00fcnmedi\u011fi bir yol d\u00f6\u015fedik. Ve dedik ki ortada Mersin i\u00e7in bir g\u00fc\u00e7 birli\u011fi var. Bizde Mersin sevdas\u0131 var. Bizler y\u00f6r\u00fc\u011f\u00fcz, \u00f6yle kolay kolay vazge\u00e7meyiz. Bizde Cumhuriyet\u2019in i\u00e7imizde yakt\u0131\u011f\u0131 ate\u015f, Ulu \u00d6nder Atat\u00fcrk\u2019\u00fcn \u00e7izdi\u011fi \u00e7izgi ve bir Atat\u00fcrk kad\u0131n\u0131 olman\u0131n dik duru\u015fu var. O zaman o hizmet bayra\u011f\u0131 inmez dedik. Gelir misin davetine bir l\u00fctuf olarak de\u011fil bunun bir g\u00f6rev oldu\u011funu ifade ederek Mersin\u2019e ve millete hizmet g\u00f6revini yerine getirmek amac\u0131yla davete icabet ettik. Bizi Ankara\u2019ya bakan olarak g\u00f6nderen, o zamandan bug\u00fcnlere kadar hi\u00e7bir zaman deste\u011fini esirgemeyen hem\u015ferilerimizden, bug\u00fcn millete hizmet edebilmeye devam edebilmek i\u00e7in, daha ya\u015fanabilir, daha \u00fcretici bir Mersin in\u015fa etmek ve Burhanettin ba\u015fkan\u0131m\u0131z\u0131n yar\u0131m kalan dev projelerini kald\u0131\u011f\u0131 yerden devam ettirebilmek i\u00e7in destek istiyoruz. \u00dcstelik bu seferki destek sadece hizmet i\u00e7in de\u011fil. Bu seferki deste\u011finize, demokrasi i\u00e7in, \u2018biz art\u0131k dur diyoruz, sessiz kald\u0131\u011f\u0131m\u0131za bakmay\u0131n dipten derin bir dalga olarak geliyoruz, art\u0131k biz do\u011fru d\u00fcr\u00fcst hizmet i\u00e7in geliyoruz, konu\u015fmak istiyoruz, hesap sormak istiyoruz&#8217; diyebilmeniz i\u00e7in talibiz\u201d dedi.<br \/>\n\u00a0<\/p>\n<p>B\u00fcltendir<\/p>\n","protected":false},"excerpt":{"rendered":"<p>Mahalli \u0130dareler Se\u00e7imi yar\u0131\u015f\u0131na 1 ay kala kat\u0131lan Demokrat Parti Mersin B\u00fcy\u00fck\u015fehir Belediye Ba\u015fkan Aday\u0131 eski bakan Ayfer Y\u0131lmaz, se\u00e7men taraf\u0131ndan gitti\u011fi her yerde co\u015fkuyla kar\u015f\u0131lan\u0131yor. Mevcut Ba\u015fkan Burhanettin Kocamaz\u2019\u0131n aday olamamas\u0131 \u00fczerine olu\u015fturulan g\u00fc\u00e7 birli\u011fi ile se\u00e7men huzuruna \u00e7\u0131kan Y\u0131lmaz\u2019\u0131n se\u00e7im parolas\u0131 ise \u2018Demokrasi\u2019 \u00a0 Partiler \u00fcst\u00fc m\u00fccadele \u00f6rne\u011fi \u00a0 Yakla\u015fan 31 Mart 2019 [&hellip;]<\/p>\n","protected":false},"author":2,"featured_media":0,"comment_status":"open","ping_status":"open","sticky":false,"template":"","format":"standard","meta":{"footnotes":""},"categories":[],"tags":[],"class_list":["post-3664","post","type-post","status-publish","format-standard","hentry"],"views":21,"_links":{"self":[{"href":"https:\/\/mersingazetesi.com\/index.php\/wp-json\/wp\/v2\/posts\/3664","targetHints":{"allow":["GET"]}}],"collection":[{"href":"https:\/\/mersingazetesi.com\/index.php\/wp-json\/wp\/v2\/posts"}],"about":[{"href":"https:\/\/mersingazetesi.com\/index.php\/wp-json\/wp\/v2\/types\/post"}],"author":[{"embeddable":true,"href":"https:\/\/mersingazetesi.com\/index.php\/wp-json\/wp\/v2\/users\/2"}],"replies":[{"embeddable":true,"href":"https:\/\/mersingazetesi.com\/index.php\/wp-json\/wp\/v2\/comments?post=3664"}],"version-history":[{"count":0,"href":"https:\/\/mersingazetesi.com\/index.php\/wp-json\/wp\/v2\/posts\/3664\/revisions"}],"wp:attachment":[{"href":"https:\/\/mersingazetesi.com\/index.php\/wp-json\/wp\/v2\/media?parent=3664"}],"wp:term":[{"taxonomy":"category","embeddable":true,"href":"https:\/\/mersingazetesi.com\/index.php\/wp-json\/wp\/v2\/categories?post=3664"},{"taxonomy":"post_tag","embeddable":true,"href":"https:\/\/mersingazetesi.com\/index.php\/wp-json\/wp\/v2\/tags?post=3664"}],"curies":[{"name":"wp","href":"https:\/\/api.w.org\/{rel}","templated":true}]}}