{"id":36534,"date":"2022-10-09T16:05:07","date_gmt":"2022-10-09T13:05:07","guid":{"rendered":"http:\/\/mersingazetesi.com\/?p=36534"},"modified":"2024-06-11T21:47:47","modified_gmt":"2024-06-11T18:47:47","slug":"penceremden-mazlum-milletler-barisina-ilk-adim-mudanya-ateskes-anlasmasi","status":"publish","type":"post","link":"https:\/\/mersingazetesi.com\/index.php\/2022\/10\/09\/penceremden-mazlum-milletler-barisina-ilk-adim-mudanya-ateskes-anlasmasi\/","title":{"rendered":"PENCEREMDEN: MAZLUM M\u0130LLETLER BARI\u015eI\u2019NA \u0130LK ADIM: MUDANYA ATE\u015eKES ANLA\u015eMASI"},"content":{"rendered":"<div id=\":1k1\" class=\"Ar Au Ao\">\n<div id=\":1jx\" class=\"Am Al editable LW-avf tS-tW tS-tY\" tabindex=\"1\" role=\"textbox\" contenteditable=\"true\" spellcheck=\"false\" aria-label=\"\u0130leti G\u00f6vdesi\" aria-multiline=\"true\" aria-owns=\":1mr\" aria-controls=\":1mr\">\n<div dir=\"ltr\">\n<div dir=\"ltr\">\n<div dir=\"ltr\">\n<div dir=\"ltr\">\n<div dir=\"ltr\">\n<div dir=\"ltr\">\n<div dir=\"ltr\">\n<div dir=\"ltr\">\n<div dir=\"ltr\">\u00dcnl\u00fc Amerikal\u0131 yazar Ernest Hemingway, bug\u00fcnk\u00fc Mudanya il\u00e7emiz \u0130\u00e7in \u015fu ifadeleri yazm\u0131\u015ft\u0131r. \u201cBat\u0131l\u0131lar\u0131n Bar\u0131\u015f dilenmek i\u00e7in geldikleri k\u00fc\u00e7\u00fck k\u0131y\u0131 kasabas\u0131.\u201d<\/div>\n<div dir=\"ltr\"><\/div>\n<div dir=\"ltr\">19 May\u0131s 1919 ile ba\u015flayan, \u0130stiklal Sava\u015f\u0131m\u0131z ile devam eden s\u00fcrecin sonunda 29 Ekim 1923\u2019de kurulan Cumhuriyetimizin \u00f6n\u00fcm\u00fczdeki y\u0131l 100. kurulu\u015f y\u0131l\u0131n\u0131 kutlayaca\u011f\u0131z. Cumhuriyete giden \u0130stiklal \u00a0Sava\u015f\u0131\u2019m\u0131z\u0131n kilometre ta\u015flar\u0131 olan \u00f6nemli olaylar\u0131n 100. y\u0131ld\u00f6n\u00fcmleri devam ediyor.<\/div>\n<div dir=\"ltr\">Bir s\u00fcre \u00f6nce, \u0130stiklal \u00a0Sava\u015f\u0131m\u0131z\u0131n d\u00f6n\u00fcm noktalar\u0131 26 A\u011fustos\u2019un ve 30 A\u011fustos 1922 Ba\u015fkomutanl\u0131k Meydan Muhaberesinin, 9 Eyl\u00fcl \u0130zmir\u2019in Kurtulu\u015fu\u2019nun 100. Y\u0131l\u0131n\u0131 kutlad\u0131k.<\/div>\n<div dir=\"ltr\">11 Ekim 2022 Sal\u0131 g\u00fcn\u00fcde, 20. Y\u00fczy\u0131lda ,D\u00fcnya tarihinin ve tarihimizin en uzun BARI\u015e ANLA\u015eMASININ \u0130LK ADIMI OLAN MUDANYA ATE\u015eKES ANLA\u015eMASININ 100. YILI\u2019n\u0131 kutluyoruz.<\/div>\n<div dir=\"ltr\">Dumlup\u0131nar Meydan Sava\u015f\u0131\u2019nda bozguna u\u011frayan ve \u0130zmir\u2019e do\u011fru ka\u00e7an, ka\u00e7arken de yak\u0131p y\u0131kan tecav\u00fcz eden emperyalizmin Anadolu\u2019daki ta\u015feronu Yunan Ordusu \u0130zmir\u2019de denize d\u00f6k\u00fclm\u00fc\u015ft\u00fcr.<\/div>\n<div dir=\"ltr\">T\u00fcrk Ordusu\u2019nun h\u0131z\u0131 ve etkisi kar\u015f\u0131s\u0131nda \u0130ngiltere, Fransa ve \u0130talya\u2019dan olu\u015fan m\u00fcttefikler \u00e7at\u0131\u015fmalar\u0131n ilerlememesi i\u00e7in panikle ve acilen ate\u015fkes istediler.<\/div>\n<div dir=\"ltr\">Mudanya Ate\u015fkes Anla\u015fmas\u0131 ile \u0130stiklal Sava\u015f\u0131m\u0131z\u0131n askeri safhas\u0131 bitmi\u015f, hukuki s\u00fcreci ve bar\u0131\u015f g\u00f6r\u00fc\u015fmeleri safhas\u0131n\u0131 ba\u015flam\u0131\u015ft\u0131r. Anla\u015fmay\u0131 TBMM ad\u0131na 2. Cumhurba\u015fkan\u0131m\u0131z Garp Cephesi komutan\u0131 \u0130smet \u0130n\u00f6n\u00fc imzalam\u0131\u015ft\u0131r.<\/div>\n<div dir=\"ltr\">Bu anla\u015fma ile Osmanl\u0131 \u0130mparatorlu\u011fu resmen ve fiilen sonlanm\u0131\u015ft\u0131r. Ate\u015fkes ile Yunanl\u0131lar\u0131n Meri\u00e7 nehrinin bat\u0131s\u0131na \u00e7ekilmeleri sa\u011flanm\u0131\u015f, Do\u011fu Trakya ve bo\u011fazlar b\u00f6lgesi geri kazan\u0131lm\u0131\u015ft\u0131r.<\/div>\n<div dir=\"ltr\"><\/div>\n<div dir=\"ltr\">LOZAN MAZLUM M\u0130LLETLER BARI\u015eIDIR<\/div>\n<div dir=\"ltr\"><\/div>\n<div dir=\"ltr\">Hangi bar\u0131\u015f?<\/div>\n<div dir=\"ltr\">D\u00fcnyada tarihinden gelen iki t\u00fcr bar\u0131\u015f vard\u0131r. Biri Pax Roma\u2019dan beri gelen hegemonik (k\u0131l\u0131\u00e7la sa\u011flanan) bar\u0131\u015f, di\u011feri yoksullar\u0131n k\u00f6lelerin egemenlere sopayla, orakla, ka\u011fn\u0131yla direnerek ba\u015flatt\u0131\u011f\u0131 isyanlarla sa\u011flanan bar\u0131\u015f. G\u00fcn\u00fcm\u00fczde ise s\u00fcrd\u00fcr\u00fclmeye \u00e7al\u0131\u015f\u0131lan tek kutuplu d\u00fcnyada NATO\u2018nun Gladio (k\u0131l\u0131c\u0131) ile darbeler ve sava\u015flarla(Ukrayna) D\u00fcnya\u2019y\u0131 korkutarak \u00a0sa\u011flamaya \u00e7al\u0131\u015ft\u0131\u011f\u0131 \u2018emperyalist Bar\u0131\u015f\u2019a \u00a0kar\u015f\u0131, Atat\u00fcrk\u2019\u00fcn mazlum (s\u00f6m\u00fcr\u00fclen) milletler ad\u0131na girdi\u011fi ve kazand\u0131\u011f\u0131 \u0130stiklal Sava\u015f\u0131 sonras\u0131 ba\u011f\u0131ms\u0131zl\u0131k, hayatiyet ve haysiyet \u00fcreten \u2018mazlum milletler bar\u0131\u015f\u0131\u2019 farkl\u0131d\u0131r.<\/div>\n<div dir=\"ltr\">Mudanya Ate\u015fkesini takiben, Kas\u0131m 1922\u2019de \u0130svi\u00e7re\u2019nin Lozan kentinde Bar\u0131\u015f g\u00f6r\u00fc\u015fmeleri ba\u015flam\u0131\u015ft\u0131r.<\/div>\n<div dir=\"ltr\">Bu nedenle Mudanya M\u00fctarekesi asl\u0131nda Lozan \u00a0Anla\u015fmas\u0131yla, 100 y\u0131ld\u0131r huzur i\u00e7inde ya\u015fad\u0131\u011f\u0131m\u0131z bu topraklarda sa\u011flanan bar\u0131\u015f\u0131n ilk ad\u0131m\u0131d\u0131r. Di\u011fer \u00f6nemli bir konuda bu bar\u0131\u015fla TBMM\u2019in t\u00fcm D\u00fcnya taraf\u0131ndan resmen ve hukuken tan\u0131nmas\u0131d\u0131r.<\/div>\n<div dir=\"ltr\"><\/div>\n<div dir=\"ltr\">T\u00dcM MERS\u0130NL\u0130LER DAVETL\u0130D\u0130R<\/div>\n<div dir=\"ltr\"><\/div>\n<div dir=\"ltr\">Gelecek y\u0131l 29 Ekim 1923\u2019de kutlayaca\u011f\u0131m\u0131z Cumhuriyetimizin 100. y\u0131l\u0131na girerken, Mudanya Ate\u015fkes Anla\u015fmas\u0131 100. y\u0131l\u0131 \u00e7ok \u00f6nemli ve g\u00f6rkemli bir ad\u0131m ve bir kilometre ta\u015f\u0131d\u0131r.<\/div>\n<div dir=\"ltr\"><img loading=\"lazy\" decoding=\"async\" class=\"wp-image-36536 alignleft\" src=\"http:\/\/mersingazetesi.com\/wp-content\/uploads\/2022\/10\/IMG_8637.jpg\" alt=\"\" width=\"503\" height=\"377\" srcset=\"https:\/\/mersingazetesi.com\/wp-content\/uploads\/2022\/10\/IMG_8637.jpg 960w, https:\/\/mersingazetesi.com\/wp-content\/uploads\/2022\/10\/IMG_8637-300x225.jpg 300w, https:\/\/mersingazetesi.com\/wp-content\/uploads\/2022\/10\/IMG_8637-768x576.jpg 768w\" sizes=\"auto, (max-width: 503px) 100vw, 503px\" \/><\/div>\n<div dir=\"ltr\">Bu nedenle, ADD Mersin \u015eubesi Cumhuriyetimizin 100. Y\u0131l\u0131na girerken ba\u015flatt\u0131\u011f\u0131 Halkla Bulu\u015fma toplant\u0131lar\u0131n\u0131n 4.\u2019s\u00fcn\u00fc 11 Ekim 2022 Sal\u0131 G\u00fcn\u00fc saat 18:30 da Yeni\u015fehir Belediyesi nikah salonunda \u201c100 Y\u0131ll\u0131k Bar\u0131\u015f\u0131n \u0130lk Ad\u0131m\u0131: Mudanya M\u00fctarekesi\u201d konulu panelle yap\u0131yor . Rahmetli Ordinary\u00fcs Prof. Dr. Enver Ziya Karal\u2019\u0131n Enstit\u00fcs\u00fc M\u00fcd\u00fcr\u00fc ve k\u0131z\u0131 tarih\u00e7i Prof.Dr. Se\u00e7il Karal AKG\u00dcN ve Mersin \u00dcniversitesi tarih b\u00f6l\u00fcm\u00fc \u00f6\u011fretim \u00fcyesi Do\u00e7.Dr. \u0130brahim BOZKURT\u2019un kat\u0131laca\u011f\u0131 panele ADD Mersin \u015eubesi Y\u00f6netim Kurulu, t\u00fcm Mersinlileri, yerel medyam\u0131z\u0131 ve gen\u00e7leri davet etmektedir.<\/div>\n<\/div>\n<\/div>\n<\/div>\n<\/div>\n<\/div>\n<\/div>\n<\/div>\n<\/div>\n<\/div>\n<\/div>\n","protected":false},"excerpt":{"rendered":"<p>\u00dcnl\u00fc Amerikal\u0131 yazar Ernest Hemingway, bug\u00fcnk\u00fc Mudanya il\u00e7emiz \u0130\u00e7in \u015fu ifadeleri yazm\u0131\u015ft\u0131r. \u201cBat\u0131l\u0131lar\u0131n Bar\u0131\u015f dilenmek i\u00e7in geldikleri k\u00fc\u00e7\u00fck k\u0131y\u0131 kasabas\u0131.\u201d 19 May\u0131s 1919 ile ba\u015flayan, \u0130stiklal Sava\u015f\u0131m\u0131z ile devam eden s\u00fcrecin sonunda 29 Ekim 1923\u2019de kurulan Cumhuriyetimizin \u00f6n\u00fcm\u00fczdeki y\u0131l 100. kurulu\u015f y\u0131l\u0131n\u0131 kutlayaca\u011f\u0131z. Cumhuriyete giden \u0130stiklal \u00a0Sava\u015f\u0131\u2019m\u0131z\u0131n kilometre ta\u015flar\u0131 olan \u00f6nemli olaylar\u0131n 100. y\u0131ld\u00f6n\u00fcmleri devam [&hellip;]<\/p>\n","protected":false},"author":13,"featured_media":36537,"comment_status":"open","ping_status":"open","sticky":false,"template":"","format":"standard","meta":{"footnotes":""},"categories":[28],"tags":[],"class_list":["post-36534","post","type-post","status-publish","format-standard","has-post-thumbnail","hentry","category-serdar-erkan"],"views":220,"_links":{"self":[{"href":"https:\/\/mersingazetesi.com\/index.php\/wp-json\/wp\/v2\/posts\/36534","targetHints":{"allow":["GET"]}}],"collection":[{"href":"https:\/\/mersingazetesi.com\/index.php\/wp-json\/wp\/v2\/posts"}],"about":[{"href":"https:\/\/mersingazetesi.com\/index.php\/wp-json\/wp\/v2\/types\/post"}],"author":[{"embeddable":true,"href":"https:\/\/mersingazetesi.com\/index.php\/wp-json\/wp\/v2\/users\/13"}],"replies":[{"embeddable":true,"href":"https:\/\/mersingazetesi.com\/index.php\/wp-json\/wp\/v2\/comments?post=36534"}],"version-history":[{"count":0,"href":"https:\/\/mersingazetesi.com\/index.php\/wp-json\/wp\/v2\/posts\/36534\/revisions"}],"wp:featuredmedia":[{"embeddable":true,"href":"https:\/\/mersingazetesi.com\/index.php\/wp-json\/wp\/v2\/media\/36537"}],"wp:attachment":[{"href":"https:\/\/mersingazetesi.com\/index.php\/wp-json\/wp\/v2\/media?parent=36534"}],"wp:term":[{"taxonomy":"category","embeddable":true,"href":"https:\/\/mersingazetesi.com\/index.php\/wp-json\/wp\/v2\/categories?post=36534"},{"taxonomy":"post_tag","embeddable":true,"href":"https:\/\/mersingazetesi.com\/index.php\/wp-json\/wp\/v2\/tags?post=36534"}],"curies":[{"name":"wp","href":"https:\/\/api.w.org\/{rel}","templated":true}]}}