{"id":34383,"date":"2022-09-08T14:10:01","date_gmt":"2022-09-08T11:10:01","guid":{"rendered":"http:\/\/mersingazetesi.com\/?p=34383"},"modified":"2024-06-11T21:47:47","modified_gmt":"2024-06-11T18:47:47","slug":"penceremden-her-buyuk-zaferin-kazanilmasindan-yeni-bir-alem-dogmalidir","status":"publish","type":"post","link":"https:\/\/mersingazetesi.com\/index.php\/2022\/09\/08\/penceremden-her-buyuk-zaferin-kazanilmasindan-yeni-bir-alem-dogmalidir\/","title":{"rendered":"PENCEREMDEN: HER B\u00dcY\u00dcK ZAFER\u0130N KAZANILMASINDAN,  YEN\u0130 B\u0130R ALEM DO\u011eMALIDIR..!"},"content":{"rendered":"<div dir=\"ltr\">\u0130\u00e7inde bulundu\u011fumuz y\u0131llar, T\u00fcrk ve D\u00fcnya tarihi a\u00e7\u0131s\u0131ndan \u00e7ok \u00f6nemli \u201cy\u00fcz\u00fcnc\u00fc y\u0131llar\u201dd\u0131r.<\/div>\n<div dir=\"ltr\">1919 da ba\u015flay\u0131p 1923\u2019e kadar s\u00fcrer,<\/div>\n<div dir=\"ltr\">Samsun\u2019a \u00e7\u0131k\u0131\u015f (19 May\u0131s 1919), Amasya, Erzurum (7 A\u011fustos 1919) ve \u00a0Sivas kongresi( 4 Eyl\u00fcl 1919), TBMM\u2019nin a\u00e7\u0131l\u0131\u015f\u0131 (23 Nisan 1920), Sakarya sava\u015f\u0131 (13 Eyl\u00fcl 1921), Dumlup\u0131nar Meydan Sava\u015f\u0131 (30 A\u011fustos 1922), \u0130zmiri\u2019in kurtulu\u015fu (9 Eyl\u00fcl 1922), Mudanya m\u00fctarekesi (13 Ekim 1922), Lozan Anla\u015fmas\u0131 (24 Temmuz 1923), \u0130stanbul\u2019un Kurtulu\u015fu (6 Ekim 1923), Cumhuriyet\u2019in \u0130lan\u0131 (29 Ekim 1923),<\/div>\n<div dir=\"ltr\">Mersin\u2019in Kurtulu\u015fu da 3 Ocak 2022 tarihindedir.<\/div>\n<div dir=\"ltr\"><\/div>\n<div dir=\"ltr\">Ancak Metro temel atma t\u00f6reni ve mitingi \u00a0nedeniyle \u00a0g\u00f6lgede kalm\u0131\u015ft\u0131r!<\/div>\n<div dir=\"ltr\">Bir devletin veya bir Kentin kurtulu\u015funun veya bir kurumun \u00a0100. Y\u0131l\u0131n\u0131 kutlamas\u0131 \u00e7ok de\u011ferlidir. D\u00fcnya ve \u00fclke tarihi tarihi a\u00e7\u0131s\u0131ndan da de\u011ferlendirilmeli ve tart\u0131\u015fmal\u0131d\u0131r. Bu konuda t\u00fcm okurlar\u0131m\u0131n da \u00a0\u00f6neri ve yaz\u0131lar\u0131n\u0131 bekliyorum.<\/div>\n<div dir=\"ltr\"><\/div>\n<div dir=\"ltr\">KURTULU\u015e SAVA\u015eI T\u00dcRK VE D\u00dcNYA TAR\u0130H\u0130N\u0130N AKI\u015eINI DE\u011e\u0130\u015eT\u0130RM\u0130\u015eT\u0130R<\/div>\n<div dir=\"ltr\"><\/div>\n<div dir=\"ltr\">Osmanl\u0131 tarihinde 13 Eyl\u00fcl 1883\u2019de h\u00fcsranla sonu\u00e7lanan 2. Viyana ku\u015fatmas\u0131ndan 13 Eyl\u00fcl 1922 tarihine kadar(239 Y\u0131l) bat\u0131da s\u00fcrekli gerilemi\u015ftir.<\/div>\n<div dir=\"ltr\">9 Eyl\u00fcl 1922\u2019de Anadolu\u2019nun i\u015fgalden kurtulu\u015fu ile bu gerileme fiilen durdurulmu\u015ftur.<\/div>\n<div dir=\"ltr\">G\u00fcne\u015fin batmad\u0131\u011f\u0131 \u00fclke olan \u0130ngiliz \u0130mparatorlu\u011fu ba\u015fta Hindistan olmak \u00fczere s\u00f6m\u00fcrgelerinde uyan\u0131\u015f ba\u015flam\u0131\u015ft\u0131r.<\/div>\n<div dir=\"ltr\">Hindistan\u2019da Gandi, \u201cMustafa Kemal \u0130ngilizleri yeninceye kadar, ben ingilizleri Tanr\u0131 zannediyordum!\u201ddemi\u015ftir.<\/div>\n<div dir=\"ltr\"><\/div>\n<div dir=\"ltr\">30 A\u011eUSTOS MEYDAN MUHAREBES\u0130NDEN SONRA D\u00dcNYADA YEN\u0130 B\u0130R ALEM DO\u011eMU\u015eTUR<\/div>\n<div dir=\"ltr\"><\/div>\n<div dir=\"ltr\">9 Eyl\u00fclden 1922\u2019den sonra 1923 T\u00fcrk Devrimi ile D\u00fcnya tarihi de\u011fi\u015fmi\u015f, Asya\u2019da ve Afrika\u2019daki t\u00fcm s\u00f6m\u00fcrgelerde bir uyan\u0131\u015f ba\u015flam\u0131\u015f, 1970\u2019lere kadar bir \u00e7ok ba\u011f\u0131ms\u0131z devlet kurulmu\u015ftur.<\/div>\n<div dir=\"ltr\">Montr\u00f6 Anla\u015fmas\u0131 ile Rusya-Ukrayna Sava\u015f\u0131nda bile 3. D\u00fcnya sava\u015f\u0131n\u0131n \u00e7\u0131kmas\u0131 engellenmi\u015ftir. Kuzey Afrika ve Ortado\u011fu\u2019da cetvelle de olsa bir \u00e7ok devlet kurulmu\u015ftur.Ancak g\u00fcn\u00fcm\u00fczde \u00a0demokrasiye gelemedikleri ve tekadam rejiminde kald\u0131klar\u0131 i\u00e7in bug\u00fcn tek kutuplu D\u00fcnya\u2019da emperyalist odaklar\u0131n ta\u015feronu olmak zorunda kalm\u0131\u015flard\u0131r.<\/div>\n<div dir=\"ltr\"><\/div>\n<div dir=\"ltr\">T\u00dcM MERS\u0130NL\u0130LER DAVETL\u0130D\u0130R<\/div>\n<div dir=\"ltr\"><\/div>\n<div dir=\"ltr\">Bu yaz\u0131n\u0131n ba\u015fl\u0131\u011f\u0131 ve i\u00e7eri\u011findeki konular, ADD Mersin \u015eubesi taraf\u0131ndan 9 Eyl\u00fcl 2022 Cuma g\u00fcn\u00fc saat 17:30 da Yeni\u015fehir Belediyesi Akademi Salonu\u2019nda (Edip Burhan Kapal\u0131 Spor Salonu arkas\u0131) Ba\u015fkent \u00dcniversitesi \u00d6\u011fretim \u00dcyesi Prof. Dr. Se\u00e7il Karal (Tarih\u00e7i Ordinary\u00fcs Prof. Dr. Enver Ziya Karal\u2019\u0131n k\u0131z\u0131) taraf\u0131ndan verilecek konferans sunumunda daha ayr\u0131nt\u0131l\u0131 anlat\u0131lacakt\u0131r.<\/div>\n<div dir=\"ltr\"><\/div>\n<div dir=\"ltr\">T\u00fcm Mersinli Yurtta\u015flar\u0131m\u0131z ve \u00f6zellikle gen\u00e7lerimiz konferansa davetlidir.<\/div>\n","protected":false},"excerpt":{"rendered":"<p>\u0130\u00e7inde bulundu\u011fumuz y\u0131llar, T\u00fcrk ve D\u00fcnya tarihi a\u00e7\u0131s\u0131ndan \u00e7ok \u00f6nemli \u201cy\u00fcz\u00fcnc\u00fc y\u0131llar\u201dd\u0131r. 1919 da ba\u015flay\u0131p 1923\u2019e kadar s\u00fcrer, Samsun\u2019a \u00e7\u0131k\u0131\u015f (19 May\u0131s 1919), Amasya, Erzurum (7 A\u011fustos 1919) ve \u00a0Sivas kongresi( 4 Eyl\u00fcl 1919), TBMM\u2019nin a\u00e7\u0131l\u0131\u015f\u0131 (23 Nisan 1920), Sakarya sava\u015f\u0131 (13 Eyl\u00fcl 1921), Dumlup\u0131nar Meydan Sava\u015f\u0131 (30 A\u011fustos 1922), \u0130zmiri\u2019in kurtulu\u015fu (9 Eyl\u00fcl 1922), [&hellip;]<\/p>\n","protected":false},"author":13,"featured_media":34394,"comment_status":"open","ping_status":"open","sticky":false,"template":"","format":"standard","meta":{"footnotes":""},"categories":[28],"tags":[],"class_list":["post-34383","post","type-post","status-publish","format-standard","has-post-thumbnail","hentry","category-serdar-erkan"],"views":52,"_links":{"self":[{"href":"https:\/\/mersingazetesi.com\/index.php\/wp-json\/wp\/v2\/posts\/34383","targetHints":{"allow":["GET"]}}],"collection":[{"href":"https:\/\/mersingazetesi.com\/index.php\/wp-json\/wp\/v2\/posts"}],"about":[{"href":"https:\/\/mersingazetesi.com\/index.php\/wp-json\/wp\/v2\/types\/post"}],"author":[{"embeddable":true,"href":"https:\/\/mersingazetesi.com\/index.php\/wp-json\/wp\/v2\/users\/13"}],"replies":[{"embeddable":true,"href":"https:\/\/mersingazetesi.com\/index.php\/wp-json\/wp\/v2\/comments?post=34383"}],"version-history":[{"count":0,"href":"https:\/\/mersingazetesi.com\/index.php\/wp-json\/wp\/v2\/posts\/34383\/revisions"}],"wp:featuredmedia":[{"embeddable":true,"href":"https:\/\/mersingazetesi.com\/index.php\/wp-json\/wp\/v2\/media\/34394"}],"wp:attachment":[{"href":"https:\/\/mersingazetesi.com\/index.php\/wp-json\/wp\/v2\/media?parent=34383"}],"wp:term":[{"taxonomy":"category","embeddable":true,"href":"https:\/\/mersingazetesi.com\/index.php\/wp-json\/wp\/v2\/categories?post=34383"},{"taxonomy":"post_tag","embeddable":true,"href":"https:\/\/mersingazetesi.com\/index.php\/wp-json\/wp\/v2\/tags?post=34383"}],"curies":[{"name":"wp","href":"https:\/\/api.w.org\/{rel}","templated":true}]}}