{"id":3429,"date":"2021-11-23T11:51:26","date_gmt":"2021-11-23T08:51:26","guid":{"rendered":"http:\/\/mersin.mesiad.org\/index.php\/2021\/11\/23\/dogu-akdenizde-hortum-riski\/"},"modified":"2021-11-23T11:51:26","modified_gmt":"2021-11-23T08:51:26","slug":"dogu-akdenizde-hortum-riski","status":"publish","type":"post","link":"https:\/\/mersingazetesi.com\/index.php\/2021\/11\/23\/dogu-akdenizde-hortum-riski\/","title":{"rendered":"Do\u011fu Akdeniz\u2019de \u2018hortum riski\u2019"},"content":{"rendered":"<p>Tar\u0131m ve Orman Bakanl\u0131\u011f\u0131 Acil Durum Y\u00f6netim Merkezi, 30 Ocak \u00c7ar\u015famba ve 31 Ocak Per\u015fembe g\u00fcnleri Ege ve Akdeniz k\u0131y\u0131 kesimlerini etkisi alt\u0131na alacak kuvvetli ya\u011f\u0131\u015flarla birlikte \u00f6zellikle Mersin, Antalya ve Mu\u011fla\u2019n\u0131n k\u0131y\u0131 band\u0131nda deniz \u00fczerinde hortum olu\u015fma riski ile yerel dolu ya\u011f\u0131\u015f\u0131 ihtimali de bulundu\u011funu bildirdi.\u00a0<br \/>\nAcil Durum Y\u00f6netim Merkezinden yap\u0131lan yaz\u0131l\u0131 a\u00e7\u0131klamaya g\u00f6re, yurdun 30 Ocak 2019 \u00c7ar\u015famba g\u00fcn\u00fc Orta Akdeniz \u00fczerinden gelen yeni bir \u0131l\u0131k ve ya\u011f\u0131\u015fl\u0131 sistemin etkisine girmesi bekleniyor. Yurdun g\u00fcney ve bat\u0131 kesimlerinde ya\u011fmur ve sa\u011fanak, G\u00fcney Ege ile Akdeniz k\u0131y\u0131 kesimlerinde g\u00f6k g\u00fcr\u00fclt\u00fcl\u00fc sa\u011fanak \u015feklinde g\u00f6r\u00fclecek ya\u011f\u0131\u015flar\u0131n, K\u0131y\u0131 Ege ve Bat\u0131 Akdeniz&#8217;de \u0130zmir, Ayd\u0131n, Mu\u011fla, Antalya ve Mersin\u2019de metrekareye saatte 40 ile 80 kilogram olmak \u00fczere yerel olarak kuvvetli olmas\u0131 bekleniyor.\u00a0<br \/>\n31 Ocak Per\u015fembe g\u00fcn\u00fc ya\u011f\u0131\u015fl\u0131 sistemin yurdun g\u00fcney, i\u00e7 ve bat\u0131 kesimlerinde etki alan\u0131n\u0131 geni\u015fletmesi ve ya\u011f\u0131\u015flar\u0131n Ege k\u0131y\u0131lar\u0131 ile Akdeniz b\u00f6lgesi k\u0131y\u0131 kesimlerinde \u0130zmir, Manisa, Bal\u0131kesir\u2019in bat\u0131 k\u0131y\u0131lar\u0131, Ayd\u0131n, Mu\u011fla, Antalya, Mersin ve Adana\u2019da \u00e7ok kuvvetli (51-100 kg\/m2) sa\u011fanak ve g\u00f6k g\u00fcr\u00fclt\u00fcl\u00fc sa\u011fanak \u015feklinde meydana gelece\u011fi tahmin ediliyor. \u00a0\u00a0 \u00a0\u00a0\u00a0 \u00a0\u00a0\u00a0 \u00a0<br \/>\n\u00a0 \u00a0 \u00a0 \u00a0 \u00a0 \u00a0<br \/>\n\u00dc\u00e7 ilde hortum ve dolu uyar\u0131s\u0131<br \/>\n\u00a0<br \/>\nEge ve Akdeniz\u2019de r\u00fczgar\u0131n, \u00c7ar\u015famba ve Per\u015fembe g\u00fcnleri g\u00fcney ve g\u00fcneydo\u011fu y\u00f6nlerden kuvvetli (40-60 km\/sa) ve ya\u011f\u0131\u015f an\u0131nda k\u0131sa s\u00fcreli f\u0131rt\u0131na (60-90 km\/sa) \u015feklinde esece\u011fi tahmin edilirken, \u00fc\u00e7 ile hortum ve dolu uyar\u0131s\u0131 da yap\u0131ld\u0131. A\u00e7\u0131klamada, \u201c\u00c7ar\u015famba ve Per\u015fembe g\u00fcnleri Ege ve Akdeniz k\u0131y\u0131 kesiminde meydana gelecek sa\u011fanak ve g\u00f6k g\u00fcr\u00fclt\u00fcl\u00fc sa\u011fanak ya\u011f\u0131\u015flar ile birlikte Mu\u011fla, Antalya ve Mersin illerimizin k\u0131y\u0131 band\u0131nda deniz \u00fczerinde hortum olu\u015fma riski ile yerel dolu ya\u011f\u0131\u015f\u0131 ihtimali de bulunmaktad\u0131r. Vatanda\u015flar\u0131m\u0131z ve ilgililerin meydana gelmesi muhtemel kuvvetli meteorolojik olaylara kar\u015f\u0131 dikkatli ve tedbirli olmalar\u0131 can ve mal emniyeti a\u00e7\u0131s\u0131ndan \u00f6nem arz etmektedir. Bu sistemin cuma g\u00fcn\u00fc yurdun b\u00fcy\u00fck b\u00f6l\u00fcm\u00fcnde, cumartesi g\u00fcn\u00fc do\u011fu b\u00f6lgelerde etkili olduktan sonra yurdu terk etmesi bekleniyor. Hafta sonu ile \u00f6n\u00fcm\u00fczdeki hafta ba\u015f\u0131 yurdun b\u00fcy\u00fck b\u00f6l\u00fcm\u00fcnde ya\u011f\u0131\u015f beklenmiyor. \u00d6n\u00fcm\u00fczdeki bir hafta boyunca hava s\u0131cakl\u0131klar\u0131n\u0131n, Orta Akdeniz\u2019den gelen \u0131l\u0131k hava ak\u0131mlar\u0131n\u0131n etkisi ile yurt genelinde mevsim normallerinin 3 ila 6 derece \u00fczerinde seyredece\u011fi tahmin ediliyor\u201d denildi.\u00a0<\/p>\n<p>\u0130HA<\/p>\n","protected":false},"excerpt":{"rendered":"<p>Tar\u0131m ve Orman Bakanl\u0131\u011f\u0131 Acil Durum Y\u00f6netim Merkezi, 30 Ocak \u00c7ar\u015famba ve 31 Ocak Per\u015fembe g\u00fcnleri Ege ve Akdeniz k\u0131y\u0131 kesimlerini etkisi alt\u0131na alacak kuvvetli ya\u011f\u0131\u015flarla birlikte \u00f6zellikle Mersin, Antalya ve Mu\u011fla\u2019n\u0131n k\u0131y\u0131 band\u0131nda deniz \u00fczerinde hortum olu\u015fma riski ile yerel dolu ya\u011f\u0131\u015f\u0131 ihtimali de bulundu\u011funu bildirdi.\u00a0 Acil Durum Y\u00f6netim Merkezinden yap\u0131lan yaz\u0131l\u0131 a\u00e7\u0131klamaya g\u00f6re, [&hellip;]<\/p>\n","protected":false},"author":2,"featured_media":0,"comment_status":"open","ping_status":"open","sticky":false,"template":"","format":"standard","meta":{"footnotes":""},"categories":[],"tags":[],"class_list":["post-3429","post","type-post","status-publish","format-standard","hentry"],"views":18,"_links":{"self":[{"href":"https:\/\/mersingazetesi.com\/index.php\/wp-json\/wp\/v2\/posts\/3429","targetHints":{"allow":["GET"]}}],"collection":[{"href":"https:\/\/mersingazetesi.com\/index.php\/wp-json\/wp\/v2\/posts"}],"about":[{"href":"https:\/\/mersingazetesi.com\/index.php\/wp-json\/wp\/v2\/types\/post"}],"author":[{"embeddable":true,"href":"https:\/\/mersingazetesi.com\/index.php\/wp-json\/wp\/v2\/users\/2"}],"replies":[{"embeddable":true,"href":"https:\/\/mersingazetesi.com\/index.php\/wp-json\/wp\/v2\/comments?post=3429"}],"version-history":[{"count":0,"href":"https:\/\/mersingazetesi.com\/index.php\/wp-json\/wp\/v2\/posts\/3429\/revisions"}],"wp:attachment":[{"href":"https:\/\/mersingazetesi.com\/index.php\/wp-json\/wp\/v2\/media?parent=3429"}],"wp:term":[{"taxonomy":"category","embeddable":true,"href":"https:\/\/mersingazetesi.com\/index.php\/wp-json\/wp\/v2\/categories?post=3429"},{"taxonomy":"post_tag","embeddable":true,"href":"https:\/\/mersingazetesi.com\/index.php\/wp-json\/wp\/v2\/tags?post=3429"}],"curies":[{"name":"wp","href":"https:\/\/api.w.org\/{rel}","templated":true}]}}