{"id":3319,"date":"2021-11-23T11:51:20","date_gmt":"2021-11-23T08:51:20","guid":{"rendered":"http:\/\/mersin.mesiad.org\/index.php\/2021\/11\/23\/tollu-egitime-her-turlu-yatirimi-saglayacagiz\/"},"modified":"2021-11-23T11:51:20","modified_gmt":"2021-11-23T08:51:20","slug":"tollu-egitime-her-turlu-yatirimi-saglayacagiz","status":"publish","type":"post","link":"https:\/\/mersingazetesi.com\/index.php\/2021\/11\/23\/tollu-egitime-her-turlu-yatirimi-saglayacagiz\/","title":{"rendered":"Tollu: \u201cE\u011fitime her t\u00fcrl\u00fc yat\u0131r\u0131m\u0131 sa\u011flayaca\u011f\u0131z\u201d"},"content":{"rendered":"<p>Erdemli Belediye Ba\u015fkan\u0131 M\u00fckerrem Tollu, T\u00fcrkiye\u2019deki sorunlar\u0131n \u00e7o\u011funun cahillikten kaynakland\u0131\u011f\u0131n\u0131 belirterek, \u201cBiz bunun \u00f6n\u00fcne ge\u00e7ebilmek ad\u0131na e\u011fitime her t\u00fcrl\u00fc yat\u0131r\u0131m\u0131 sa\u011flayaca\u011f\u0131m\u0131z\u0131n s\u00f6z\u00fcn\u00fc vermekteyiz\u201d dedi.\u00a0<br \/>\nBa\u015fkan Tollu, Erdemli\u2019deki \u00fc\u00e7 \u00f6zel okul ve bir rehabilitasyon merkezini ziyaret etti. Ziyaretlerinde \u00f6\u011fretmenler ve \u00f6\u011frencilerle sohbet ederek ele\u015ftirilerini ve fikirlerini dinleyen Tollu, e\u011fitimin ara sokaklarda, eski binalarda olmamas\u0131 gerekti\u011fini vurgulayarak, kaliteli insanlar yeti\u015ftirmek ad\u0131na e\u011fitime her anlamda daha \u00e7ok \u00f6nem verilmesi gerekti\u011finin alt\u0131n\u0131 \u00e7izdi.\u00a0<br \/>\nE\u011fitime verdikleri destekleri anlatan Tollu, \u00f6\u011frenciler i\u00e7in 300\u2019den fazla park, dershane, \u00f6dev evi daha etkili ve verimli yerler olu\u015fturduklar\u0131n\u0131 kaydetti. Ayn\u0131 zamanda sanat, spor gibi farkl\u0131 alanlarda da \u00f6\u011frencilerin kendilerini geli\u015ftirmeleri ad\u0131na kurslar a\u00e7t\u0131klar\u0131n\u0131 ifade eden Tollu, Erdemli\u2019de b\u00fcy\u00fck bir spor kompleksine ihtiya\u00e7 duyuldu\u011funu dile getirerek, bu ihtiyac\u0131n kar\u015f\u0131lanaca\u011f\u0131n\u0131n s\u00f6z\u00fcn\u00fc verdi. Teknik alt yap\u0131s\u0131, \u00fcretim yeri, laboratuvarlar\u0131 olmadan a\u00e7\u0131lan okullar\u0131n yaln\u0131zca kar amac\u0131 g\u00fcden i\u015fletmeler oldu\u011funu ve bu \u015fekilde okuyan \u00f6\u011frencilerin gelecekte sorun ya\u015fad\u0131klar\u0131n\u0131 belirten Tollu, \u201cHer \u015feyden \u00f6nce e\u011fitim gelmelidir. Kaliteli e\u011fitim, kaliteli insanlar demektir. \u015eimdiki gen\u00e7ler b\u00fcy\u00fcd\u00fc\u011f\u00fc zaman bu \u00fclke onlar\u0131n emaneti olacakt\u0131r. \u00dclkemizdeki sorunlar\u0131n \u00e7o\u011fu cahillikten kaynakl\u0131 ve biz bunun \u00f6n\u00fcne ge\u00e7ebilmek ad\u0131na e\u011fitime her t\u00fcrl\u00fc yat\u0131r\u0131m\u0131 sa\u011flayaca\u011f\u0131m\u0131z\u0131n s\u00f6z\u00fcn\u00fc vermekteyiz\u201d diye konu\u015ftu.\u00a0<br \/>\nTollu, rehabilitasyon merkezi ziyaretinde de \u00f6n\u00fcm\u00fczdeki d\u00f6nem hayata ge\u00e7irecekleri engelsiz park\u0131n m\u00fcjdesini verdi.<\/p>\n<p>\u00a0Tollu: &#8220;E\u011fitime yap\u0131lan yat\u0131r\u0131mlarla kaliteli insanlar yeti\u015ftirmek istiyoruz&#8221;\u00a0<\/p>\n<p>Erdemli Belediye Ba\u015fkan\u0131 M\u00fckerrem Tollu, belediyecilik anlay\u0131\u015f\u0131n\u0131n yaln\u0131zca yol ve alt yap\u0131 \u00e7al\u0131\u015fmas\u0131 olarak g\u00f6r\u00fclmemesi gerekti\u011fini belirterek, &#8220;Biz e\u011fitime yapt\u0131\u011f\u0131m\u0131z yat\u0131r\u0131mlarla kaliteli insanlar yeti\u015ftirmek istiyoruz. Dershanelerden, kre\u015flerden olumlu d\u00f6n\u00fc\u015fler ald\u0131k&#8221; dedi.\u00a0<br \/>\nTollu, bu y\u0131l ilki ger\u00e7ekle\u015ftirilen Erdemli Belediyesi 1. Kitap G\u00fcnleri\u2019ni ziyaret etti. Ziyarette a\u00e7\u0131klamalarda bulunan Tollu, Erdemli\u2019de bulunan dershane, kre\u015f ve \u00f6\u011frencilere yap\u0131lan yat\u0131r\u0131mlardan bahsetti. Belediyecili\u011fin yaln\u0131zca yol, alt yap\u0131 \u00e7al\u0131\u015fmas\u0131ndan ibaret olmad\u0131\u011f\u0131n\u0131 kaydeden Tollu, &#8220;Biz e\u011fitime yapt\u0131\u011f\u0131m\u0131z yat\u0131r\u0131mlarla kaliteli insanlar yeti\u015ftirmek istiyoruz. Dershanelerden, kre\u015flerden olumlu d\u00f6n\u00fc\u015fler ald\u0131k. Tek bir insana bile bir \u015fekilde elimizin uzanabilmesi bizi mutlu ediyor. \u00d6nemli olan maddiyat de\u011fil, manevi duygular bize yeterli&#8221; ifadelerini kullard\u0131.\u00a0<br \/>\nErdemli \u0130l\u00e7e Milli E\u011fitim M\u00fcd\u00fcr\u00fc Behzat E\u011filmez ise Mersin Milli E\u011fitim M\u00fcd\u00fcrl\u00fc\u011f\u00fc olarak milli ve manevi de\u011ferlerin \u00f6n planda tutuldu\u011fu kitaplar\u0131 se\u00e7ip, \u00f6\u011frencilere bin adet kitap da\u011f\u0131t\u0131laca\u011f\u0131n\u0131 s\u00f6yledi. \u00a0<\/p>\n<p>\u0130HA<\/p>\n","protected":false},"excerpt":{"rendered":"<p>Erdemli Belediye Ba\u015fkan\u0131 M\u00fckerrem Tollu, T\u00fcrkiye\u2019deki sorunlar\u0131n \u00e7o\u011funun cahillikten kaynakland\u0131\u011f\u0131n\u0131 belirterek, \u201cBiz bunun \u00f6n\u00fcne ge\u00e7ebilmek ad\u0131na e\u011fitime her t\u00fcrl\u00fc yat\u0131r\u0131m\u0131 sa\u011flayaca\u011f\u0131m\u0131z\u0131n s\u00f6z\u00fcn\u00fc vermekteyiz\u201d dedi.\u00a0 Ba\u015fkan Tollu, Erdemli\u2019deki \u00fc\u00e7 \u00f6zel okul ve bir rehabilitasyon merkezini ziyaret etti. Ziyaretlerinde \u00f6\u011fretmenler ve \u00f6\u011frencilerle sohbet ederek ele\u015ftirilerini ve fikirlerini dinleyen Tollu, e\u011fitimin ara sokaklarda, eski binalarda olmamas\u0131 gerekti\u011fini vurgulayarak, [&hellip;]<\/p>\n","protected":false},"author":2,"featured_media":0,"comment_status":"open","ping_status":"open","sticky":false,"template":"","format":"standard","meta":{"footnotes":""},"categories":[],"tags":[],"class_list":["post-3319","post","type-post","status-publish","format-standard","hentry"],"views":20,"_links":{"self":[{"href":"https:\/\/mersingazetesi.com\/index.php\/wp-json\/wp\/v2\/posts\/3319","targetHints":{"allow":["GET"]}}],"collection":[{"href":"https:\/\/mersingazetesi.com\/index.php\/wp-json\/wp\/v2\/posts"}],"about":[{"href":"https:\/\/mersingazetesi.com\/index.php\/wp-json\/wp\/v2\/types\/post"}],"author":[{"embeddable":true,"href":"https:\/\/mersingazetesi.com\/index.php\/wp-json\/wp\/v2\/users\/2"}],"replies":[{"embeddable":true,"href":"https:\/\/mersingazetesi.com\/index.php\/wp-json\/wp\/v2\/comments?post=3319"}],"version-history":[{"count":0,"href":"https:\/\/mersingazetesi.com\/index.php\/wp-json\/wp\/v2\/posts\/3319\/revisions"}],"wp:attachment":[{"href":"https:\/\/mersingazetesi.com\/index.php\/wp-json\/wp\/v2\/media?parent=3319"}],"wp:term":[{"taxonomy":"category","embeddable":true,"href":"https:\/\/mersingazetesi.com\/index.php\/wp-json\/wp\/v2\/categories?post=3319"},{"taxonomy":"post_tag","embeddable":true,"href":"https:\/\/mersingazetesi.com\/index.php\/wp-json\/wp\/v2\/tags?post=3319"}],"curies":[{"name":"wp","href":"https:\/\/api.w.org\/{rel}","templated":true}]}}