{"id":33115,"date":"2022-08-21T13:34:48","date_gmt":"2022-08-21T10:34:48","guid":{"rendered":"http:\/\/mersingazetesi.com\/?p=33115"},"modified":"2024-06-11T21:47:47","modified_gmt":"2024-06-11T18:47:47","slug":"penceremden-ataturk-parki-balikci-barinagi-avm-rant-projesinde-mhp-neden-cark-etti","status":"publish","type":"post","link":"https:\/\/mersingazetesi.com\/index.php\/2022\/08\/21\/penceremden-ataturk-parki-balikci-barinagi-avm-rant-projesinde-mhp-neden-cark-etti\/","title":{"rendered":"PENCEREMDEN: ATAT\u00dcRK PARKI BALIK\u00c7I BARINA\u011eI -AVM  RANT- PROJES\u0130NDE MHP  NEDEN \u00c7ARK ETT\u0130?"},"content":{"rendered":"<div>\n<div>Mersinlileri \u00a0ve temsil eden Mersin B\u00fcy\u00fck\u015fehir Belediye Ba\u015fkanl\u0131\u011f\u0131n\u0131 d\u0131\u015flayarak yetki alan\u0131 d\u0131\u015f\u0131na \u00e7\u0131kar\u0131lan projelerle , kent belle\u011fi ve bir \u00a0kamusal alan olan Atat\u00fcrk Park\u0131na rant kokan sald\u0131r\u0131lar s\u00fcr\u00fcyor!<\/div>\n<div><\/div>\n<div>Atat\u00fcrk Park\u0131 liman \u00a0geni\u015fleme yat\u0131r\u0131m\u0131ndan sonra, 6 A\u011fustos g\u00fcn\u00fc ask\u0131 itiraz s\u00fcresi biten s\u00f6zde \u201cSu sporlar\u0131 merkezi\u201d projesine ilgili Meslek Odalar\u0131 ve kamu yarar\u0131na \u00e7al\u0131\u015fan dernek olan Atat\u00fcrk\u00e7\u00fc D\u00fc\u015f\u00fcnce Derne\u011fi ADD Mersin \u015eubesi de itiraz etti.<\/div>\n<div>Marina benzeri rant alan\u0131 olabilecek projeye Mersinliler de tepki g\u00f6steriyor.<\/div>\n<div>\u00d6te yandan, \u00a0A\u011fustos 2022 tarihli Mersin B\u00fcy\u00fck\u015fehir Belediyesi Meclisi birle\u015fimlerinde g\u00f6r\u00fcld\u00fc ki, Cumhur ittifak\u0131n\u0131n MHP\u2019li \u00fcyeleri \u00a0taraf\u0131ndan ilgili komisyonda kabul ettikleri \u2018itiraz metni\u2019 mecliste MHP \u00a0ve AKP \u00a0\u00fcyelerinin birlikte verdikleri oylar\u0131yla red edildi. \u2018Karakolda do\u011fru s\u00f6yler, mahkemede \u015fa\u015far\u2019 misali bu tutumun nedenini de MHP ye mensup bir \u00fcyede kalk\u0131p halka izah \u00a0etme l\u00fctfunda bulunmad\u0131 .<\/div>\n<div><\/div>\n<div>Bu durum rant lobilerinin yerel Meclis \u00fcyelerinin ald\u0131klar\u0131 kararlar\u0131n\u0131 de\u011fi\u015ftirebilecek \u00a0kadar g\u00fc\u00e7l\u00fc ve etkili olduklar\u0131n\u0131 g\u00f6steriyor. Bu geli\u015fme<\/div>\n<div>Temsili demokrasinin zaafiyetini de ortaya koyuyor.<\/div>\n<div><\/div>\n<div>ADD BU PROJEYE NEDEN \u0130T\u0130RAZ ED\u0130YOR?<\/div>\n<div><\/div>\n<div>A\u015fa\u011f\u0131da 5 A\u011fustos 13:30\u2019da ADD Mersin \u015eubesi\u2019nce \u00a0d\u00fczenlenen bas\u0131n a\u00e7\u0131klamas\u0131ndaki \u00a0okunan a\u015fa\u011f\u0131daki itiraz metninde gerek\u00e7eler ortaya konmu\u015f olup, Mersinlilerin bilgi ve takdirlerine sunulmu\u015ftur.<\/div>\n<div><\/div>\n<div>\u201cMERS\u0130N VAL\u0130L\u0130\u011e\u0130 \u00c7EVRE, \u015eEH\u0130RC\u0130L\u0130K VE \u0130KL\u0130M DE\u011e\u0130\u015e\u0130KL\u0130\u011e\u0130 \u0130L M\u00dcD\u00dcRL\u00dc\u011e\u00dcNE<\/div>\n<div><\/div>\n<div>\u201cMersin \u0130li, Akdeniz \u0130l\u00e7esi, Hamidiye Mahallesi, \u00c7aml\u0131bel Spor Alan\u0131 (Su Sporlar\u0131 Merkezi) ve Bar\u0131nak Ama\u00e7l\u0131 1\/5000 \u00f6l\u00e7ekli Naz\u0131m \u0130mar Plan\u0131 Revizyon ve \u0130lavesi ile 1\/1000 \u00f6l\u00e7ekli Uygulama \u0130mar Plan\u0131 Revizyon ve \u0130lavesi\u201d \u00a0\u00c7evre, \u015eehircilik ve \u0130klim De\u011fi\u015fikli\u011fi Bakanl\u0131\u011f\u0131\u2019nca 30.06.2022 tarihinde onaylanm\u0131\u015f olup 06.07.2022 tarihinde \u00c7evre, \u015eehircilik ve \u0130klim De\u011fi\u015fikli\u011fi \u0130l M\u00fcd\u00fcrl\u00fc\u011f\u00fc Hizmet Binas\u0131 \u0130lan Panosunda ve kurumsal internet adresinde 1 (bir) ay s\u00fcreyle Mersin Valili\u011fi \u00c7evre, \u015eehircilik ve \u0130klim De\u011fi\u015fikli\u011fi \u0130l M\u00fcd\u00fcrl\u00fc\u011f\u00fc\u2019nce ask\u0131ya \u00e7\u0131kar\u0131lm\u0131\u015ft\u0131r.\u00c7evre, \u015eehircilik ve \u0130klim De\u011fi\u015fikli\u011fi Bakanl\u0131\u011f\u0131\u2019nca onaylanan planlar ve \u00c7ED tan\u0131t\u0131m dosyas\u0131 incelendi\u011finde;<\/div>\n<div>1- Plan \u00e7al\u0131\u015fmalar\u0131nda konu projenin sosyal, k\u00fclt\u00fcrel ve sportif faaliyetler bar\u0131nd\u0131rmas\u0131n\u0131n, Mersin ili ve Akdeniz il\u00e7e merkezi a\u00e7\u0131s\u0131ndan \u00f6nemli bir de\u011fere sahip oldu\u011fu, bu do\u011frultuda, Su Sporlar\u0131 Merkezi olarak d\u00fczenlenmesi ama\u00e7lanan alan\u0131n sosyal-k\u00fclt\u00fcrel, al\u0131\u015fveri\u015f, yeme-i\u00e7me, dinlence, konaklama, e\u011fitim ihtiya\u00e7lar\u0131n\u0131 da bar\u0131nd\u0131rd\u0131\u011f\u0131 SPOR MERKEZ\u0130 OLARAK DE\u011e\u0130L, sonu\u00e7ta bir \u00e7e\u015fit T\u0130CAR\u0130 ALI\u015e VER\u0130\u015e MERKEZ\u0130 (AVM)olarak B\u0130R RANT ALANI OLARAK \u00a0planlanmak istendi\u011fi,<\/div>\n<div>2- Mersin\u2019in \u00a0kentle\u015fme ve modernle\u015fme tarihnde \u00f6nemli yeri ve ge\u00e7mi\u015fte bir \u00e7ok sosyal ve k\u00fclt\u00fcrel etkinliklerinin yap\u0131ld\u0131\u011f\u0131 kent belle\u011fi olan Atat\u00fcrk Park\u0131, kent merkezi Akdeniz \u0130l\u00e7esinde, \u00f6zellikle g\u00fcnd\u00fcz saatlerinde i\u015f yerlerinde \u00e7al\u0131\u015fanlar\u0131n yo\u011fun oldu\u011fu ve buradaki yoksul mahallelerde yo\u011fun olarak ya\u015fayan yoksul yurtta\u015flar\u0131m\u0131z\u0131n denizle bulu\u015fabildi\u011fi ve nefes alabildi\u011fi, amat\u00f6r bal\u0131k\u00e7\u0131lar\u0131n bulu\u015fabildi\u011fi yegane \u00c7OK \u00d6NEML\u0130 TAR\u0130H\u0130 VE KAMUSAL B\u0130R ALANDIR. S\u00f6z konusu plan ve projenin uygulanarak park\u0131n yap\u0131la\u015fmaya a\u00e7\u0131lmas\u0131 halinde \u00f6nemli bir k\u0131sm\u0131n\u0131n otopark olaca\u011f\u0131 ve Akdeniz \u0130l\u00e7esinin \u00c7OK \u00d6NEML\u0130 B\u0130R SOSYAL VE KAMUSAL ALANI OLARAK KULLANIM \u00d6ZELL\u0130\u011e\u0130N\u0130 Y\u0130T\u0130RECE\u011e\u0130, \u00c7aml\u0131bel gibi kent ile \u00f6zde\u015fmi\u015f olan bir b\u00f6lgede, sadece s\u0131n\u0131rl\u0131 bir \u00fcst d\u00fczey gelir grubunun kullanabilece\u011fi salt rant ama\u00e7l\u0131 proje olmas\u0131,<\/div>\n<div>3- Proje ile \u201c\u015fehircilik ve planlama bilimsel ilkelerine\u201d ayk\u0131r\u0131 olarak; zaten Akdeniz \u0130l\u00e7e merkezinde var olan trafik yo\u011funlu\u011fu ve park sorununu ile birlikte ara\u00e7 ve trafik yo\u011funlu\u011fu sorununun artaca\u011f\u0131, bunun sonucunda \u00e7ok hava ve g\u00fcr\u00fclt\u00fc kirlili\u011fi yarataca\u011f\u0131,<\/div>\n<div>4- \u00d6te yandan proje tan\u0131t\u0131m dosyas\u0131nda \u00e7evresel etkileri ayr\u0131nt\u0131l\u0131 bir \u015fekilde ele al\u0131nm\u0131\u015f m\u0131d\u0131r? B\u00f6yle \u00f6nemli bir projede \u201c\u00c7ED Gerekli De\u011fildir\u201d \u00a0karar\u0131 neye g\u00f6re verildi\u011fi bilinmemektedir.<\/div>\n<div>5- S\u00f6z konusu projenin \u0130n\u015faat ve i\u015fletme a\u015famas\u0131nda deniz ortam\u0131na ve denizdeki ekosisteme etkilerinin ne olaca\u011f\u0131,<\/div>\n<div>Yukar\u0131da \u00f6zetlenen \u00e7ok \u00f6nemli YA\u015eAMSAL, SOSYAL VE KAMUSAL \u00c7EVRE R\u0130SKLER\u0130 i\u00e7ermesinden dolay\u0131, kamu yarar\u0131na \u00e7al\u0131\u015fan bir dernek olmam\u0131z s\u0131fat\u0131yla; Mersin \u0130li, Akdeniz \u0130l\u00e7esi, Hamidiye Mahallesi, \u00c7aml\u0131bel Spor Alan\u0131 (Su Sporlar\u0131 Merkezi) ve Bar\u0131nak Ama\u00e7l\u0131 1\/5000 \u00f6l\u00e7ekli Naz\u0131m \u0130mar Plan\u0131 Revizyon ve \u0130lavesi ile 1\/1000 \u00f6l\u00e7ekli Uygulama \u0130mar Plan\u0131 Revizyon ve \u0130lavesi\u2019nin KAMU YARARI OLMAMASI ve aksine GER\u0130 D\u00d6N\u00dcLMEZ VE YA\u015eAMSAL KAMU ZARARLARI OLACA\u011eI NEDEN\u0130YLE \u0130T\u0130RAZ ETMEKTEY\u0130Z. Bu nedenle ask\u0131ya \u00e7\u0131kan bu projenin \u0130PTAL ED\u0130LMES\u0130 hususunda gere\u011fini arz ederiz. Sayg\u0131lar\u0131m\u0131zla.<\/div>\n<\/div>\n<div><\/div>\n","protected":false},"excerpt":{"rendered":"<p>Mersinlileri \u00a0ve temsil eden Mersin B\u00fcy\u00fck\u015fehir Belediye Ba\u015fkanl\u0131\u011f\u0131n\u0131 d\u0131\u015flayarak yetki alan\u0131 d\u0131\u015f\u0131na \u00e7\u0131kar\u0131lan projelerle , kent belle\u011fi ve bir \u00a0kamusal alan olan Atat\u00fcrk Park\u0131na rant kokan sald\u0131r\u0131lar s\u00fcr\u00fcyor! Atat\u00fcrk Park\u0131 liman \u00a0geni\u015fleme yat\u0131r\u0131m\u0131ndan sonra, 6 A\u011fustos g\u00fcn\u00fc ask\u0131 itiraz s\u00fcresi biten s\u00f6zde \u201cSu sporlar\u0131 merkezi\u201d projesine ilgili Meslek Odalar\u0131 ve kamu yarar\u0131na \u00e7al\u0131\u015fan dernek olan [&hellip;]<\/p>\n","protected":false},"author":13,"featured_media":33130,"comment_status":"open","ping_status":"open","sticky":false,"template":"","format":"standard","meta":{"footnotes":""},"categories":[28],"tags":[],"class_list":["post-33115","post","type-post","status-publish","format-standard","has-post-thumbnail","hentry","category-serdar-erkan"],"views":52,"_links":{"self":[{"href":"https:\/\/mersingazetesi.com\/index.php\/wp-json\/wp\/v2\/posts\/33115","targetHints":{"allow":["GET"]}}],"collection":[{"href":"https:\/\/mersingazetesi.com\/index.php\/wp-json\/wp\/v2\/posts"}],"about":[{"href":"https:\/\/mersingazetesi.com\/index.php\/wp-json\/wp\/v2\/types\/post"}],"author":[{"embeddable":true,"href":"https:\/\/mersingazetesi.com\/index.php\/wp-json\/wp\/v2\/users\/13"}],"replies":[{"embeddable":true,"href":"https:\/\/mersingazetesi.com\/index.php\/wp-json\/wp\/v2\/comments?post=33115"}],"version-history":[{"count":0,"href":"https:\/\/mersingazetesi.com\/index.php\/wp-json\/wp\/v2\/posts\/33115\/revisions"}],"wp:featuredmedia":[{"embeddable":true,"href":"https:\/\/mersingazetesi.com\/index.php\/wp-json\/wp\/v2\/media\/33130"}],"wp:attachment":[{"href":"https:\/\/mersingazetesi.com\/index.php\/wp-json\/wp\/v2\/media?parent=33115"}],"wp:term":[{"taxonomy":"category","embeddable":true,"href":"https:\/\/mersingazetesi.com\/index.php\/wp-json\/wp\/v2\/categories?post=33115"},{"taxonomy":"post_tag","embeddable":true,"href":"https:\/\/mersingazetesi.com\/index.php\/wp-json\/wp\/v2\/tags?post=33115"}],"curies":[{"name":"wp","href":"https:\/\/api.w.org\/{rel}","templated":true}]}}