{"id":32364,"date":"2022-08-09T14:02:17","date_gmt":"2022-08-09T11:02:17","guid":{"rendered":"http:\/\/mersingazetesi.com\/?p=32364"},"modified":"2024-06-11T21:47:47","modified_gmt":"2024-06-11T18:47:47","slug":"penceremden-akkuyu-rusyanin-nukleer-vilayeti-mi-oluyor-2","status":"publish","type":"post","link":"https:\/\/mersingazetesi.com\/index.php\/2022\/08\/09\/penceremden-akkuyu-rusyanin-nukleer-vilayeti-mi-oluyor-2\/","title":{"rendered":"PENCEREMDEN: AKKUYU RUSYA\u2019NIN N\u00dcKLEER V\u0130LAYET\u0130 M\u0130 OLUYOR? -2"},"content":{"rendered":"<div>\n<div>N\u00dcKLEER KAZALARDA Y\u00dcK\u00dcML\u00dcL\u00dcK K\u0130ME AiT?<\/div>\n<div><\/div>\n<div>Y\u00fcr\u00fcrl\u00fckteki Paris ve Viyana N\u00fckleer Konvansiyonlar\u0131 \u00a0ve ek- protokolleri, N\u00fckleer End\u00fcstrinin \u00e7\u0131karlar\u0131n\u0131 korumak i\u00e7in haz\u0131rlanm\u0131\u015ft\u0131r. \u00c7\u00fcnk\u00fc, konvansiyonlar ve ek protokoller de i\u00e7erdi\u011fi hukuki ve ekonomik sorumluluklar, hem karma\u015f\u0131k ya da \u00e7eli\u015fkili hem de n\u00fckleer end\u00fcstrisinin her ciddi kaza sonras\u0131 faydaland\u0131\u011f\u0131 hukuki bo\u015fluklar vard\u0131r.<\/div>\n<div>2011 y\u0131l\u0131nda Japonya\u2019da meydana gelen Fuku\u015fima kazas\u0131yla ortaya \u00e7\u0131kan zarar ve tahribatlar\u0131n global boyutlara ula\u015fmas\u0131yla, ek protokollerde sigorta bedelleri y\u00fckseltilmi\u015f, kozmetik de\u011fi\u015fiklikler yap\u0131lm\u0131\u015fsa da temelsorunlar \u00e7\u00f6z\u00fcms\u00fcz b\u0131rak\u0131lm\u0131\u015ft\u0131r. Bu durum, uluslararas\u0131 hukuk alan\u0131nda Rusya devletinin \u00fcyesi oldu\u011fu Viyana Konvansiyonu ve T\u00fcrkiye Cumhuriyeti\u2019nin \u00fcyesi oldu\u011fu Paris Anla\u015fmalar\u0131n\u0131n yap\u0131s\u0131ndan kaynaklanan \u2018minotaur tart\u0131\u015fmas\u0131\u2019 yeniden g\u00fcndeme gelmi\u015ftir. (Minotaur, bazen bo\u011fa ba\u015fl\u0131 insan-bazen insanba\u015fl\u0131 bo\u011fa olan canavar).<\/div>\n<div>12 May\u0131s 2012 tarihinde imzalanan \u2018n\u00fckleer santral tesisine i\u015fletimine dair i\u015fbirli\u011fine ili\u015fkin anla\u015fma\u2019da at\u0131f yap\u0131lan iki farkl\u0131 konvansiyondan kaynaklanan sorunlar ve belirsizlikler netle\u015ftirilmemi\u015ftir. B\u00f6ylelikle, kazalarda zarar g\u00f6rentaraf\u0131n haklar\u0131n\u0131 savunmas\u0131, labirent(karma\u015f\u0131k\/belirsiz) \u015fekilde d\u00fczenlemesi nedeniyle tarafs\u0131z veevrensel bir hukuki temelden yoksun k\u0131lmakta, y\u0131llar boyu sonu\u00e7al\u0131namayacak hukuki davalar nedeniyle sonu\u00e7suzkalmaktad\u0131r.<\/div>\n<div>\u00d6te yandan Rusya federasyonu ile 12 May\u0131s 2010 tarihinde imzalanan \u00a0 \u201cN\u00fckleer Teknoloji Transferi Anla\u015fmas\u0131\u2019n\u0131n\u201d hi\u00e7 bir maddesinde in\u015fa eden ve i\u015fleten olarak, tasar\u0131m, malzeme ve operasyon hatalar\u0131ndan meydana gelen kazan\u0131n sorumlu\u011funun Rusya taraf\u0131na m\u0131, yoksa T\u00fcrk taraf\u0131na m\u0131 ait oldu\u011funa \u00a0dair a\u00e7\u0131k bir h\u00fck\u00fcm yoktur. S\u00f6z konusu anla\u015fman\u0131n, 16 inci maddesi dikkatli incelendi\u011finde, \u00a0\u201c\u0130\u015fbu anla\u015fma kapsam\u0131ndaki i\u015fbirli\u011fi \u00e7er\u00e7evesinde olu\u015fabilecek n\u00fckleer zarara ili\u015fkin \u00fc\u00e7\u00fcnc\u00fc taraf sorumlulu\u011fu, T\u00fcrkiye\u2019nin taraf oldu\u011fu veya olaca\u011f\u0131 uluslararas\u0131 anla\u015fmalar, belgelere ve T\u00fcrk taraf\u0131n\u0131n ulusal kanunlar\u0131 ve d\u00fczenlemelerine g\u00f6re d\u00fczenlenecektir\u201d denilmektedir.<\/div>\n<div>Bu durumda, Akkuyu\u2019da kurulacak N\u00fckleer Santral ve yak\u0131t fabrikasyonu tesislerini in\u015faa eden yada i\u015fleten olarak, tasar\u0131m, malzeme ve i\u015fletme hatalar\u0131nda meydana gelebilecek kazalar\u0131n T\u00fcrkiye\u2019de ve kom\u015fu \u00fclkelerde sebep olabilece\u011fi hem ekonomik, hem de hukuki y\u00fck\u00fcml\u00fcl\u00fc\u011f\u00fcn\u00fc (liability) T\u00fcrkiye Cumhuriyeti\u2019ne y\u00fckledi\u011fi anla\u015f\u0131lmaktad\u0131r.<\/div>\n<div>\u00d6zellikle yak\u0131tlar\u0131n veya n\u00fckleer at\u0131klar\u0131n, karadan veya denizden ta\u015f\u0131nmas\u0131 esnas\u0131nda \u00fc\u00e7\u00fcnc\u00fc taraflara verilecek zararlar ve radyasyon bula\u015f\u0131kl\u0131\u011f\u0131n\u0131n temizlenmesinin tazminini hangi taraf \u00fcstlenecektir?<\/div>\n<div><\/div>\n<div>\u015eALTERLER K\u0130M\u0130N EL\u0130NDE?<\/div>\n<div><\/div>\n<div>Sonu\u00e7 olarak, anla\u015fmayla en az \u00a0y\u00fczde 51 hissesi Rus \u015eirketlerine ait olan NGS A.\u015e\u2019ye, Rusya ile ya\u015fanan u\u00e7ak krizinden sonra verilen askeri \u00fcs stat\u00fcs\u00fc verildi\u011fi bas\u0131nda yer alm\u0131\u015ft\u0131r.<\/div>\n<div>Bu durumda, Akkuyu NGS A.\u015e ye \u00a0tahsis edilen arazi \u00fczerinde milli egemenlik sorunu da yaratabilecektir. Erdo\u011fan-Putin \u015fahsi g\u00f6r\u00fc\u015fmeleriyle, ite kaka ilerleyen santral yap\u0131m in\u015faat\u0131 g\u00f6stermi\u015ftir ki, Rusya federasyonu ile imzalanan 60 y\u0131ll\u0131k anla\u015fma, hukuki ve maliyeti a\u00e7\u0131s\u0131ndan ve \u00a0al\u0131m garantisi y\u00f6n\u00fcnden sorunlu oldu\u011fu kadar, diplomatik krizlerde elektrik \u2018arz g\u00fcvenli\u011fi\u2019 a\u00e7\u0131s\u0131nda da sorunlu olacakt\u0131r. Santrale kar\u015f\u0131 m\u00fccadele i\u00e7in \u00c7evre Vakf\u0131 kuran ve T\u00fcrkiye\u2019nin ilk \u00e7evre aktivisti olan rahmetli Arslan Eyce\u2019nin deyimi ile, \u201cAkkuyu Atom Santrali\u201d uzun vadede \u00fclkemizin ba\u015f\u0131na \u00e7ok b\u00fcy\u00fck \u00a0sorunlar a\u00e7amaya gebedir. Yap\u0131lan anla\u015fma ve ek protokolleri ile sadece T\u00fcrkiye Cumhuriyeti\u2019nin milli egemenlik sorunu olmakla kalmayacak, i\u015fletmeye a\u00e7\u0131ld\u0131\u011f\u0131 andan itibaren Do\u011fu Akdeniz\u2019de ya\u015fayan t\u00fcm canl\u0131lar\u0131n beka sorunu olacakt\u0131r.<\/div>\n<\/div>\n","protected":false},"excerpt":{"rendered":"<p>N\u00dcKLEER KAZALARDA Y\u00dcK\u00dcML\u00dcL\u00dcK K\u0130ME AiT? Y\u00fcr\u00fcrl\u00fckteki Paris ve Viyana N\u00fckleer Konvansiyonlar\u0131 \u00a0ve ek- protokolleri, N\u00fckleer End\u00fcstrinin \u00e7\u0131karlar\u0131n\u0131 korumak i\u00e7in haz\u0131rlanm\u0131\u015ft\u0131r. \u00c7\u00fcnk\u00fc, konvansiyonlar ve ek protokoller de i\u00e7erdi\u011fi hukuki ve ekonomik sorumluluklar, hem karma\u015f\u0131k ya da \u00e7eli\u015fkili hem de n\u00fckleer end\u00fcstrisinin her ciddi kaza sonras\u0131 faydaland\u0131\u011f\u0131 hukuki bo\u015fluklar vard\u0131r. 2011 y\u0131l\u0131nda Japonya\u2019da meydana gelen Fuku\u015fima kazas\u0131yla [&hellip;]<\/p>\n","protected":false},"author":13,"featured_media":31903,"comment_status":"open","ping_status":"open","sticky":false,"template":"","format":"standard","meta":{"footnotes":""},"categories":[28],"tags":[],"class_list":["post-32364","post","type-post","status-publish","format-standard","has-post-thumbnail","hentry","category-serdar-erkan"],"views":104,"_links":{"self":[{"href":"https:\/\/mersingazetesi.com\/index.php\/wp-json\/wp\/v2\/posts\/32364","targetHints":{"allow":["GET"]}}],"collection":[{"href":"https:\/\/mersingazetesi.com\/index.php\/wp-json\/wp\/v2\/posts"}],"about":[{"href":"https:\/\/mersingazetesi.com\/index.php\/wp-json\/wp\/v2\/types\/post"}],"author":[{"embeddable":true,"href":"https:\/\/mersingazetesi.com\/index.php\/wp-json\/wp\/v2\/users\/13"}],"replies":[{"embeddable":true,"href":"https:\/\/mersingazetesi.com\/index.php\/wp-json\/wp\/v2\/comments?post=32364"}],"version-history":[{"count":0,"href":"https:\/\/mersingazetesi.com\/index.php\/wp-json\/wp\/v2\/posts\/32364\/revisions"}],"wp:featuredmedia":[{"embeddable":true,"href":"https:\/\/mersingazetesi.com\/index.php\/wp-json\/wp\/v2\/media\/31903"}],"wp:attachment":[{"href":"https:\/\/mersingazetesi.com\/index.php\/wp-json\/wp\/v2\/media?parent=32364"}],"wp:term":[{"taxonomy":"category","embeddable":true,"href":"https:\/\/mersingazetesi.com\/index.php\/wp-json\/wp\/v2\/categories?post=32364"},{"taxonomy":"post_tag","embeddable":true,"href":"https:\/\/mersingazetesi.com\/index.php\/wp-json\/wp\/v2\/tags?post=32364"}],"curies":[{"name":"wp","href":"https:\/\/api.w.org\/{rel}","templated":true}]}}