{"id":31877,"date":"2022-08-02T15:28:00","date_gmt":"2022-08-02T12:28:00","guid":{"rendered":"http:\/\/mersingazetesi.com\/?p=31877"},"modified":"2024-06-11T21:47:47","modified_gmt":"2024-06-11T18:47:47","slug":"penceremden-isvec-ile-finlandiya-da-artik-nato-kafesinde-1","status":"publish","type":"post","link":"https:\/\/mersingazetesi.com\/index.php\/2022\/08\/02\/penceremden-isvec-ile-finlandiya-da-artik-nato-kafesinde-1\/","title":{"rendered":"PENCEREMDEN: \u0130SVE\u00c7 \u0130LE F\u0130NLAND\u0130YA DA ARTIK NATO KAFES\u0130NDE\u2026 -1"},"content":{"rendered":"<div id=\":ak\" class=\"Ar Au Ao\">\n<div id=\":ag\" class=\"Am Al editable LW-avf tS-tW tS-tY\" tabindex=\"1\" role=\"textbox\" contenteditable=\"true\" spellcheck=\"false\" aria-label=\"\u0130leti G\u00f6vdesi\" aria-multiline=\"true\">\n<div dir=\"ltr\">\n<div dir=\"ltr\">\n<div dir=\"ltr\">Ge\u00e7ti\u011fimiz Haziran ay\u0131 sonunda Madrid\u2019de ger\u00e7ekle\u015ftirilen NATO \u00a0zirvesinde \u0130sve\u00e7 ve Finlandiya\u2019n\u0131n NATO\u2019ya al\u0131nmas\u0131 resmen kabul edildi.<\/div>\n<div dir=\"ltr\"><\/div>\n<div dir=\"ltr\">\u00c7\u0131kart\u0131lan Ukrayna-Rusya Sava\u015f\u0131 ile NATO\u2019ya girmekte ayak s\u00fcr\u00fcyen \u0130sve\u00e7 ve Finlandiya halklar\u0131 ile yan\u0131s\u0131ra, NATO i\u00e7inde \u00f6zerkli\u011fin temsilcisi Merkel\u2019den sonra basiretli lider s\u0131k\u0131nt\u0131s\u0131 \u00e7eken Almanya ve di\u011fer Avrupa halklar\u0131n\u0131 silahlanma b\u00fct\u00e7elerinin art\u0131r\u0131lmas\u0131 konusunda ikna edildiler.<\/div>\n<div dir=\"ltr\"><\/div>\n<div dir=\"ltr\">Anglo NATO Ukrayna\u2019y\u0131 k\u0131\u015fk\u0131rt\u0131p, Aslan\u2019n\u0131n \u00f6n\u00fcne atarak amac\u0131na \u2018\u00d6c\u00fc geliyor\u2019 korkutmas\u0131 ile ba\u015far\u0131yla ger\u00e7ekle\u015ftirildi.<\/div>\n<div dir=\"ltr\"><\/div>\n<div dir=\"ltr\">T\u0131pk\u0131, ikinci D\u00fcnya sava\u015f\u0131 sonras\u0131, Lenin\u2019le, Mustafa Kemal aras\u0131nda emperyalizme kar\u015f\u0131 \u2018jeostratejik tarihi bar\u0131\u015f\u0131n tarihi \u00f6nemini kavrayamayan diktat\u00f6r Stalin\u2019in, ikinci D\u00fcnya sava\u015f\u0131 sonras\u0131 Kars ve Ardahan\u2019\u0131 geri istemesiyle, Rusya\u2019ya kar\u015f\u0131 m\u00fcttefik arayan T\u00fcrkiye\u2019nin, Kore\u2019de kan bedeli \u00f6deyerek NATO kafesine ko\u015fa ko\u015fa girmesi gibi..!<\/div>\n<div dir=\"ltr\"><\/div>\n<div dir=\"ltr\">ABD\u2019li psikolog, Abraham Moslow\u2019un \u00fcnl\u00fc ihtiya\u00e7lar hiyerar\u015fisi be\u015f basamaktan olu\u015fur. \u0130nsano\u011flu \u00f6mr\u00fc boyunca enalttan(fizyolojik ihtiya\u00e7lar) ba\u015flayarak en \u00fcste(kendini ger\u00e7ekle\u015ftirme) do\u011fru \u00e7aba i\u00e7inde olur. \u0130kinci s\u0131rada \u201cg\u00fcvenlik ihtiyac\u0131\u201d vard\u0131r.<\/div>\n<div dir=\"ltr\"><\/div>\n<div dir=\"ltr\">Emperyal devletler, bu pramide g\u00f6re toplumlar\u0131 ve ki\u015fileri analiz ederek, neye ihtiyac\u0131 varsa oradan cazip \u00f6neriler, bask\u0131lar ve provakatif eylemler uygulayarak hedefleri do\u011frultusunda ikna etmeye veya y\u00f6nlendirmeye \u00e7al\u0131\u015f\u0131rlar.<\/div>\n<div dir=\"ltr\"><\/div>\n<div dir=\"ltr\">Daha \u00f6nceki yaz\u0131lar\u0131mda de\u011findi\u011fim gibi, Ukrayna krizi ve sava\u015f\u0131 g\u00f6stermi\u015ftir ki, tek kutuplu garnizon devletler d\u00fczenine, Do\u011fu\u2019dan (Rusya ve \u00c7in\u2019den) \u00e7ok g\u00fc\u00e7l\u00fc itiraz gelmi\u015ftir.<\/div>\n<div dir=\"ltr\"><\/div>\n<div dir=\"ltr\">Neoliberal Ekonomik S\u00f6m\u00fcr\u00fc d\u00fczeninin patronlar\u0131, garnizon devletlerin say\u0131s\u0131n\u0131 art\u0131rarak D\u00fcnya Tek Kutuplu D\u00fcnya\u2019dan(TKD), \u00c7ok Kutuplu D\u00fcnya\u2019ya (\u00c7KD)evrilmenin \u00f6n\u00fcne ge\u00e7mek istemektedirler.<\/div>\n<div dir=\"ltr\"><\/div>\n<div dir=\"ltr\">Bunun yolu da, Balt\u0131k denizinden G\u00fcney K\u0131br\u0131s, \u0130srail\u2019i NATO\u2019ya almak, Orta Do\u011fu\u2019da YPG ve Kuzey Irak , Suudi Arabistan\u2019da \u0130srail, Arap-K\u00fcrt NATO\u2019su ile \u00c7in\u2019nin g\u00fcneyinde AUKUS projesiyle, NATO Zirvesine davet edilen Avustralya ve Yeni Zelanda, G\u00fcney Kore, Japonya\u2019y\u0131 da i\u00e7ine alan G\u00fcney Asya NATO \u2018su olu\u015fturmak \u00e7abalar\u0131 art\u0131k netle\u015fmi\u015ftir.<\/div>\n<div dir=\"ltr\"><\/div>\n<div dir=\"ltr\">Ancak D\u00fcnya halklar\u0131, Irak\u2019ta Suriye\u2019de Afganistan\u2019da, , COV\u0130D-19 \u00f6l\u00fcmleri ve a\u015f\u0131 krizi ile Ukrayna sava\u015f\u0131nda izlenen politikalar\u0131yla g\u00f6rm\u00fc\u015ft\u00fcr ki, tek kutuplu D\u00fcnya\u2019n\u0131n ve onun -altta kalan\u0131n can\u0131 \u00e7\u0131ks\u0131n- \u00a0neo liberal s\u00f6m\u00fcr\u00fc sistemi, D\u00fcnya tarihinin belki en b\u00fcy\u00fck insanl\u0131k zulm\u00fcn\u00fc ve toplu \u00f6l\u00fcmlerini ya\u015fatm\u0131\u015ft\u0131r.<\/div>\n<div dir=\"ltr\"><\/div>\n<div dir=\"ltr\">T\u00dcRK\u0130YE NEDEN \u0130T\u0130RAZ ETT\u0130, NEDEN KABUL ETT\u0130?<\/div>\n<div dir=\"ltr\"><\/div>\n<div dir=\"ltr\">T\u00fcrkiye, y\u0131llardan beri m\u00fccadele etti\u011fi ve NATO\u2019nun t\u00fcm belgelerinde ter\u00f6r \u00f6rg\u00fct\u00fc olarak kabul ettirdi\u011fi, asker, m\u00fchendis, doktor, \u00f6\u011fretmen \u00e7oluk \u00e7ocuk, onbinlerce yurtta\u015f\u0131n\u0131 \u00f6ld\u00fcren PKK\u2019ya kar\u015f\u0131 y\u00fcr\u00fctt\u00fc\u011f\u00fc me\u015fru m\u00fccadelesinde PKK\u2019ya aktif destek veren \u0130sve\u00e7 ve Finlandiya\u2019n\u0131n \u00fcyeli\u011fine hakl\u0131 olarak itiraz etmi\u015fti.<\/div>\n<div dir=\"ltr\"><\/div>\n<div dir=\"ltr\">Ancak, NATO zirvesinde ne olduysa oldu, \u0130sve\u00e7 ve Finlandiya giri\u015fine onay veridi. Ancak daha sonra yap\u0131lan a\u00e7\u0131klamalardan, T\u00fcrkiye\u2019ye somut ad\u0131mlar yerine, ka\u011f\u0131t \u00fczerinde kalacak kuru s\u00f6zler verilerek ikna edildi\u011fi izlenimi ortaya \u00e7\u0131kt\u0131.<\/div>\n<div dir=\"ltr\"><\/div>\n<div dir=\"ltr\">T\u0131pk\u0131 Yunanistan\u2019n\u0131n tekrar NATO\u2019ya girmesinde darbeci tek adam Kenan Evren\u2019e General Rogers\u2019\u0131n s\u00f6zde asker s\u00f6z\u00fc verdi\u011fi gibi.<\/div>\n<div dir=\"ltr\">Oysa \u015fimdi Yunanistan, hem AB\u2019yi, hem NATO\u2019yu arkas\u0131na alarak, Do\u011fu Akdeniz ve Ege\u2019de T\u00fcrkiye\u2019yi Anadolu\u2019ya hapsetmeye \u00e7al\u0131\u015f\u0131yor. (Devam Edecek)<\/div>\n<\/div>\n<\/div>\n<\/div>\n<\/div>\n","protected":false},"excerpt":{"rendered":"<p>Ge\u00e7ti\u011fimiz Haziran ay\u0131 sonunda Madrid\u2019de ger\u00e7ekle\u015ftirilen NATO \u00a0zirvesinde \u0130sve\u00e7 ve Finlandiya\u2019n\u0131n NATO\u2019ya al\u0131nmas\u0131 resmen kabul edildi. \u00c7\u0131kart\u0131lan Ukrayna-Rusya Sava\u015f\u0131 ile NATO\u2019ya girmekte ayak s\u00fcr\u00fcyen \u0130sve\u00e7 ve Finlandiya halklar\u0131 ile yan\u0131s\u0131ra, NATO i\u00e7inde \u00f6zerkli\u011fin temsilcisi Merkel\u2019den sonra basiretli lider s\u0131k\u0131nt\u0131s\u0131 \u00e7eken Almanya ve di\u011fer Avrupa halklar\u0131n\u0131 silahlanma b\u00fct\u00e7elerinin art\u0131r\u0131lmas\u0131 konusunda ikna edildiler. Anglo NATO Ukrayna\u2019y\u0131 k\u0131\u015fk\u0131rt\u0131p, [&hellip;]<\/p>\n","protected":false},"author":13,"featured_media":31903,"comment_status":"open","ping_status":"open","sticky":false,"template":"","format":"standard","meta":{"footnotes":""},"categories":[28],"tags":[],"class_list":["post-31877","post","type-post","status-publish","format-standard","has-post-thumbnail","hentry","category-serdar-erkan"],"views":83,"_links":{"self":[{"href":"https:\/\/mersingazetesi.com\/index.php\/wp-json\/wp\/v2\/posts\/31877","targetHints":{"allow":["GET"]}}],"collection":[{"href":"https:\/\/mersingazetesi.com\/index.php\/wp-json\/wp\/v2\/posts"}],"about":[{"href":"https:\/\/mersingazetesi.com\/index.php\/wp-json\/wp\/v2\/types\/post"}],"author":[{"embeddable":true,"href":"https:\/\/mersingazetesi.com\/index.php\/wp-json\/wp\/v2\/users\/13"}],"replies":[{"embeddable":true,"href":"https:\/\/mersingazetesi.com\/index.php\/wp-json\/wp\/v2\/comments?post=31877"}],"version-history":[{"count":0,"href":"https:\/\/mersingazetesi.com\/index.php\/wp-json\/wp\/v2\/posts\/31877\/revisions"}],"wp:featuredmedia":[{"embeddable":true,"href":"https:\/\/mersingazetesi.com\/index.php\/wp-json\/wp\/v2\/media\/31903"}],"wp:attachment":[{"href":"https:\/\/mersingazetesi.com\/index.php\/wp-json\/wp\/v2\/media?parent=31877"}],"wp:term":[{"taxonomy":"category","embeddable":true,"href":"https:\/\/mersingazetesi.com\/index.php\/wp-json\/wp\/v2\/categories?post=31877"},{"taxonomy":"post_tag","embeddable":true,"href":"https:\/\/mersingazetesi.com\/index.php\/wp-json\/wp\/v2\/tags?post=31877"}],"curies":[{"name":"wp","href":"https:\/\/api.w.org\/{rel}","templated":true}]}}