{"id":3044,"date":"2021-11-23T11:51:02","date_gmt":"2021-11-23T08:51:02","guid":{"rendered":"http:\/\/mersin.mesiad.org\/index.php\/2021\/11\/23\/yabanci-konuklarin-narenciye-hasadi-renkli-goruntuler-olusturdu\/"},"modified":"2021-11-23T11:51:02","modified_gmt":"2021-11-23T08:51:02","slug":"yabanci-konuklarin-narenciye-hasadi-renkli-goruntuler-olusturdu","status":"publish","type":"post","link":"https:\/\/mersingazetesi.com\/index.php\/2021\/11\/23\/yabanci-konuklarin-narenciye-hasadi-renkli-goruntuler-olusturdu\/","title":{"rendered":"Yabanc\u0131 konuklar\u0131n narenciye hasad\u0131 renkli g\u00f6r\u00fcnt\u00fcler olu\u015fturdu"},"content":{"rendered":"<p>Mersin&#8217;de bu y\u0131l 6. kez d\u00fczenlenen Uluslararas\u0131 Narenciye Festivali kapsam\u0131nda 24 \u00fclkeden kente gelen g\u00f6steri sanat\u00e7\u0131lar\u0131, bir narenciye bah\u00e7esini ziyaret etti. Narenciye bah\u00e7esinde y\u00f6resel k\u0131yafetleriyle mandalina, portakal, limon toplayan yabanc\u0131 konuklar, renkli g\u00f6r\u00fcnt\u00fcler olu\u015fturdular.\u00a0<br \/>\n4 y\u0131l aradan sonra Mersin yeniden narenciye festivaline kavu\u015ftu. \u0130lki 2010 y\u0131l\u0131nda yap\u0131lan ve 2015 y\u0131l\u0131na kadar aral\u0131ks\u0131z s\u00fcrd\u00fcr\u00fclen Uluslararas\u0131 Mersin Narenciye Festivali, 4 y\u0131ld\u0131r \u00e7e\u015fitli nedenlerden yap\u0131lm\u0131yordu. T\u00fcrkiye\u2019nin narenciye ihtiyac\u0131n\u0131n y\u00fczde 55\u2019inin kar\u015f\u0131land\u0131\u011f\u0131 Mersin\u2019de ger\u00e7ekle\u015ftirilen Uluslararas\u0131 Narenciye Festivali, bu y\u0131l da 2 g\u00fcn s\u00fcrd\u00fc. Kortej y\u00fcr\u00fcy\u00fc\u015f\u00fcyle ba\u015flayan festivalde, birbirinden g\u00fczel etkinlikler yap\u0131ld\u0131. Etkinlik kapsam\u0131nda 70 ton narenciye kullan\u0131larak birbirinden ilgin\u00e7 fig\u00fcrler ortaya \u00e7\u0131kar\u0131l\u0131rken, 24 \u00fclkeden 700 g\u00f6steri sanat\u00e7\u0131s\u0131 da festivali renklendirdi.\u00a0<\/p>\n<p>Y\u00f6resel k\u0131yafetleriyle narenciye hasad\u0131<br \/>\n\u00a0<br \/>\nFestival i\u00e7in Mersin&#8217;e gelen yabanc\u0131 konuklar, Erdemli il\u00e7esine ba\u011fl\u0131 \u00c7e\u015fmeli Mahallesi&#8217;nde bulunan bir narenciye bah\u00e7esini ziyaret etti. Burada y\u00f6resel k\u0131yafetleriyle mandalina, portakal ve limon toplayan yabanc\u0131 konuklar, ilgin\u00e7 g\u00f6r\u00fcnt\u00fcler olu\u015fturdular. Bol bol hat\u0131ra foto\u011fraf\u0131 da \u00e7ekilen konuklar, ayr\u0131ca narenciye paketleme tesisini de gezerek bilgiler ald\u0131lar.\u00a0<br \/>\nNarenciye bah\u00e7esinde gazetecilere a\u00e7\u0131klamalarda bulunan K\u0131rg\u0131zistanl\u0131 Begimay Najimidinova, 2 g\u00fcn s\u00fcren festivalin \u00e7ok g\u00fczel ge\u00e7ti\u011fini kaydederek, eme\u011fi ge\u00e7enlere te\u015fekk\u00fcr etti. Hayat\u0131nda ilk defa narenciye hasad\u0131 yapt\u0131\u011f\u0131n\u0131 vurgulayan Najimidinova, &#8220;Daha \u00f6nce hi\u00e7 toplamam\u0131\u015ft\u0131m. Bu ilk deneyimimdi benim. \u0130yi ve \u00e7ok g\u00fczeldi. B\u00f6yle bir duyguda ilk defa ya\u015f\u0131yorum. Mersin \u015fehri \u00e7ok g\u00fczel ve insanlar\u0131 \u00e7ok misafirperver. T\u00fcrkiye&#8217;ye \u00e7ok te\u015fekk\u00fcr ediyoruz biz \u00e7ok g\u00fczel a\u011f\u0131rlad\u0131lar&#8221; \u015feklinde konu\u015ftu.\u00a0<br \/>\nTataristanl\u0131 Aliya Gizatulina ise festival i\u00e7in geldikleri kentte \u00e7ok g\u00fczel anlar ya\u015fad\u0131klar\u0131n\u0131 s\u00f6yledi. T\u00fcrk halk\u0131n\u0131n \u00e7ok misafirperver insanlar olduklar\u0131n\u0131 g\u00f6rd\u00fc\u011f\u00fcne dikkat \u00e7eken Gizatulina, &#8220;T\u00fcrklerin bize yakla\u015f\u0131m\u0131 ho\u015fumuza gitti. \u0130lk defa bir narenciye bah\u00e7esine girdim. Daha \u00f6nce b\u00f6yle bir \u015fey g\u00f6rmemi\u015ftim. T\u00fcrkiye&#8217;de g\u00f6rmek nasip oldu. Bah\u00e7ede narenciye \u00fcr\u00fcnlerinden toparlad\u0131k. \u00c7ok g\u00fczel bir and\u0131. Unutulmayacak bir g\u00fcn ya\u015fad\u0131k&#8221; dedi.\u00a0<br \/>\nUkraynal\u0131 Andrey Os\u0131nskiy de \u015fu ana kadar d\u00fcnya genelinde gitti\u011fi en iyi festivalin Mersin Narenciye Festivali oldu\u011funun alt\u0131n\u0131 \u00e7izdi. \u00dclkesinde benzer narenciye bah\u00e7elerinin olmad\u0131\u011f\u0131n\u0131 s\u00f6yleyen Os\u0131nskiy, &#8220;Bah\u00e7eye hasat i\u00e7in ilk geldi\u011fimizde Ukrayna&#8217;da bunun gibi yerlerinden olmad\u0131\u011f\u0131n\u0131 hissettim. Burada kendi ellerimizle limon ve portakal toplayabildik. \u00c7ok harika bir yer&#8221; diye konu\u015ftu.\u00a0<br \/>\nBulgaristanl\u0131 \u0130leya Koleva ise festival kapsam\u0131nda 3. kez Mersin&#8217;e geldi\u011fini belirterek, limon ve portakal bah\u00e7elerinden meyve toplay\u0131p, keyifli bir g\u00fcn ge\u00e7irdiklerini kaydetti.\u00a0<\/p>\n<p>\u0130HA<\/p>\n","protected":false},"excerpt":{"rendered":"<p>Mersin&#8217;de bu y\u0131l 6. kez d\u00fczenlenen Uluslararas\u0131 Narenciye Festivali kapsam\u0131nda 24 \u00fclkeden kente gelen g\u00f6steri sanat\u00e7\u0131lar\u0131, narenciye bah\u00e7esini ziyaret etti. Narenciye bah\u00e7esinde y\u00f6resel k\u0131yafetleriyle mandalina, portakal, limon toplayan yabanc\u0131 konuklar, renkli g\u00f6r\u00fcnt\u00fcler olu\u015fturdular.<\/p>\n","protected":false},"author":2,"featured_media":0,"comment_status":"open","ping_status":"open","sticky":false,"template":"","format":"standard","meta":{"footnotes":""},"categories":[],"tags":[],"class_list":["post-3044","post","type-post","status-publish","format-standard","hentry"],"views":15,"_links":{"self":[{"href":"https:\/\/mersingazetesi.com\/index.php\/wp-json\/wp\/v2\/posts\/3044","targetHints":{"allow":["GET"]}}],"collection":[{"href":"https:\/\/mersingazetesi.com\/index.php\/wp-json\/wp\/v2\/posts"}],"about":[{"href":"https:\/\/mersingazetesi.com\/index.php\/wp-json\/wp\/v2\/types\/post"}],"author":[{"embeddable":true,"href":"https:\/\/mersingazetesi.com\/index.php\/wp-json\/wp\/v2\/users\/2"}],"replies":[{"embeddable":true,"href":"https:\/\/mersingazetesi.com\/index.php\/wp-json\/wp\/v2\/comments?post=3044"}],"version-history":[{"count":0,"href":"https:\/\/mersingazetesi.com\/index.php\/wp-json\/wp\/v2\/posts\/3044\/revisions"}],"wp:attachment":[{"href":"https:\/\/mersingazetesi.com\/index.php\/wp-json\/wp\/v2\/media?parent=3044"}],"wp:term":[{"taxonomy":"category","embeddable":true,"href":"https:\/\/mersingazetesi.com\/index.php\/wp-json\/wp\/v2\/categories?post=3044"},{"taxonomy":"post_tag","embeddable":true,"href":"https:\/\/mersingazetesi.com\/index.php\/wp-json\/wp\/v2\/tags?post=3044"}],"curies":[{"name":"wp","href":"https:\/\/api.w.org\/{rel}","templated":true}]}}