{"id":3027,"date":"2021-11-23T11:51:01","date_gmt":"2021-11-23T08:51:01","guid":{"rendered":"http:\/\/mersin.mesiad.org\/index.php\/2021\/11\/23\/mevsimin-ilk-kari-dustu\/"},"modified":"2021-11-23T11:51:01","modified_gmt":"2021-11-23T08:51:01","slug":"mevsimin-ilk-kari-dustu","status":"publish","type":"post","link":"https:\/\/mersingazetesi.com\/index.php\/2021\/11\/23\/mevsimin-ilk-kari-dustu\/","title":{"rendered":"Mevsimin  ilk kar\u0131 d\u00fc\u015ft\u00fc"},"content":{"rendered":"<p>Mersin\u2019in Erdemli il\u00e7esinin y\u00fcksek kesimlerine mevsimin ilk kar\u0131 d\u00fc\u015ft\u00fc.\u00a0<br \/>\nToroslar\u0131n ete\u011fi, il\u00e7enin y\u00fcksek kesimlerinde G\u00f6ktepe, Evdilek, Uzunkuyu ve Toros yaylalar\u0131nda kar ya\u011f\u0131\u015f\u0131 etkili oldu.\u00a0<br \/>\nB\u00f6lgede ikamet eden vatanda\u015flardan Yusuf B\u00f6c\u00fco\u011flu ya\u011f\u0131\u015f\u0131n sabah erken saatlerde ba\u015flad\u0131\u011f\u0131n\u0131 belirterek, &#8220;Kar ya\u011f\u0131\u015f\u0131 1600 ile 2200 rak\u0131mlar\u0131 aras\u0131nda etkili oldu. Kar toprak \u00fczerinde yer yer yakla\u015f\u0131k 5 santimetreye kadar ula\u015ft\u0131. Bu y\u00f6remiz i\u00e7in mevsimin ilk kar ya\u011f\u0131\u015f\u0131&#8221; diye konu\u015ftu.\u00a0<br \/>\nY\u00fcksek kesimlerde hava s\u0131cakl\u0131\u011f\u0131n\u0131n eksi 2 dereceye kadar d\u00fc\u015ft\u00fc\u011f\u00fc de \u00f6\u011frenildi.\u00a0<\/p>\n<p>\u0130HA<\/p>\n","protected":false},"excerpt":{"rendered":"<p>Mersin\u2019in Erdemli il\u00e7esinin y\u00fcksek kesimlerine mevsimin ilk kar\u0131 d\u00fc\u015ft\u00fc.\u00a0 Toroslar\u0131n ete\u011fi, il\u00e7enin y\u00fcksek kesimlerinde G\u00f6ktepe, Evdilek, Uzunkuyu ve Toros yaylalar\u0131nda kar ya\u011f\u0131\u015f\u0131 etkili oldu.\u00a0 B\u00f6lgede ikamet eden vatanda\u015flardan Yusuf B\u00f6c\u00fco\u011flu ya\u011f\u0131\u015f\u0131n sabah erken saatlerde ba\u015flad\u0131\u011f\u0131n\u0131 belirterek, &#8220;Kar ya\u011f\u0131\u015f\u0131 1600 ile 2200 rak\u0131mlar\u0131 aras\u0131nda etkili oldu. Kar toprak \u00fczerinde yer yer yakla\u015f\u0131k 5 santimetreye kadar ula\u015ft\u0131. [&hellip;]<\/p>\n","protected":false},"author":2,"featured_media":0,"comment_status":"open","ping_status":"open","sticky":false,"template":"","format":"standard","meta":{"footnotes":""},"categories":[],"tags":[],"class_list":["post-3027","post","type-post","status-publish","format-standard","hentry"],"views":22,"_links":{"self":[{"href":"https:\/\/mersingazetesi.com\/index.php\/wp-json\/wp\/v2\/posts\/3027","targetHints":{"allow":["GET"]}}],"collection":[{"href":"https:\/\/mersingazetesi.com\/index.php\/wp-json\/wp\/v2\/posts"}],"about":[{"href":"https:\/\/mersingazetesi.com\/index.php\/wp-json\/wp\/v2\/types\/post"}],"author":[{"embeddable":true,"href":"https:\/\/mersingazetesi.com\/index.php\/wp-json\/wp\/v2\/users\/2"}],"replies":[{"embeddable":true,"href":"https:\/\/mersingazetesi.com\/index.php\/wp-json\/wp\/v2\/comments?post=3027"}],"version-history":[{"count":0,"href":"https:\/\/mersingazetesi.com\/index.php\/wp-json\/wp\/v2\/posts\/3027\/revisions"}],"wp:attachment":[{"href":"https:\/\/mersingazetesi.com\/index.php\/wp-json\/wp\/v2\/media?parent=3027"}],"wp:term":[{"taxonomy":"category","embeddable":true,"href":"https:\/\/mersingazetesi.com\/index.php\/wp-json\/wp\/v2\/categories?post=3027"},{"taxonomy":"post_tag","embeddable":true,"href":"https:\/\/mersingazetesi.com\/index.php\/wp-json\/wp\/v2\/tags?post=3027"}],"curies":[{"name":"wp","href":"https:\/\/api.w.org\/{rel}","templated":true}]}}