{"id":3021,"date":"2021-11-23T11:51:01","date_gmt":"2021-11-23T08:51:01","guid":{"rendered":"http:\/\/mersin.mesiad.org\/index.php\/2021\/11\/23\/katar-vip-ucak-gondermek-yerine-kktcyi-neden-tanimadi\/"},"modified":"2021-11-23T11:51:01","modified_gmt":"2021-11-23T08:51:01","slug":"katar-vip-ucak-gondermek-yerine-kktcyi-neden-tanimadi","status":"publish","type":"post","link":"https:\/\/mersingazetesi.com\/index.php\/2021\/11\/23\/katar-vip-ucak-gondermek-yerine-kktcyi-neden-tanimadi\/","title":{"rendered":"KATAR V\u0130P U\u00c7AK G\u00d6NDERMEK  YER\u0130NE KKTC\u2019Y\u0130  NEDEN TANIMADI?"},"content":{"rendered":"<p>CHP Eski\u015fehir Milletvekili Utku \u00c7ak\u0131r\u00f6zer, \u201cK\u00f6rfez \u00fclkeleri Katar\u2019a ambargo uygularken T\u00fcrkiye Katar\u2019\u0131n ihtiya\u00e7 duydu\u011fu temel g\u0131da malzemelerini g\u00f6nderen tek \u00fclkeydi. Oraya askerimizi bile g\u00f6nderdik ama sonra g\u00f6rd\u00fck ki, Katar Devlet Petrol \u015eirketi G\u00fcney K\u0131br\u0131s Rum Y\u00f6netimi ile bizim kar\u015f\u0131 \u00e7\u0131kt\u0131\u011f\u0131m\u0131z b\u00f6lgelerde petrol arama anla\u015fmas\u0131 yapt\u0131. Biz isterdik ki Katar \u00fclkemize dev V\u0130P u\u00e7a\u011f\u0131 hediye etmek yerine, Rumlarla bu anla\u015fmas\u0131n\u0131 fes etsin, hatta en g\u00fczel hediye KKTC\u2019yi tan\u0131malar\u0131 olurdu. Katar\u2019a bu konuda neden yapt\u0131r\u0131m uygulam\u0131yorsunuz?\u201d tepkisini g\u00f6sterdi.\u00a0<br \/>\n\u00c7ak\u0131r\u00f6zer D\u0131\u015f \u0130\u015fleri Bakan\u0131 Mevl\u00fct \u00c7avu\u015fo\u011flu\u2019nun yurt d\u0131\u015f\u0131nda a\u00e7\u0131lan B\u00fcy\u00fckel\u00e7ilik say\u0131s\u0131ndaki art\u0131\u015fla \u00f6v\u00fcnen s\u00f6zlerine de, \u201c Yurtd\u0131\u015f\u0131nda B\u00fcy\u00fckel\u00e7ilik sayas\u0131n\u0131 artt\u0131rmakla, Afrika\u2019da 40\u2019tan fazla \u00fclkeye b\u00fcy\u00fckel\u00e7ilik a\u00e7makla itibar\u0131m\u0131z y\u00fckselmiyor. T\u00fcrkiye son y\u0131llarda aday oldu\u011fu hi\u00e7bir uluslararas\u0131 pozisyonu kazanamad\u0131. Marifet \u00fclkemizde demokrasi olmas\u0131nda. \u00dclkemizde huzur ve i\u00e7 bar\u0131\u015f\u0131 sa\u011flarsak T\u00fcrkiye\u2019nin itibar\u0131n\u0131 d\u00fczeltiriz\u201d dedi.<\/p>\n<p>DEMOKRAS\u0130 KARNEM\u0130Z\u0130 D\u00dcZELTMEZSEK \u0130L\u0130\u015eK\u0130LER D\u00dcZELMEZ<\/p>\n<p>CHP\u2019li \u00c7ak\u0131r\u00f6zer TBMM Plan ve B\u00fct\u00e7e Komisyonu D\u0131\u015f \u0130\u015fleri Bakanl\u0131\u011f\u0131 b\u00fct\u00e7e g\u00f6r\u00fc\u015fmeleri s\u0131ras\u0131nda s\u00f6z alarak T\u00fcrkiye\u2019nin d\u0131\u015far\u0131da itibar\u0131n\u0131n d\u00fczelmesi i\u00e7in i\u00e7eride demokrasi, bar\u0131\u015f ve huzur ortam\u0131n\u0131n sa\u011flanmas\u0131 gerekti\u011fi vurgusunu yapt\u0131. D\u0131\u015f \u0130\u015fleri Bakan\u0131 Mevl\u00fct \u00c7avu\u015fo\u011flu\u2019na \u00e7a\u011fr\u0131da bulunan \u00c7ak\u0131r\u00f6zer, \u201cD\u0131\u015f \u0130\u015fleri Bakan\u0131 olarak sizin T\u00fcrkiye\u2019de demokrasi, insan haklar\u0131 karnesinin d\u00fczeltilmesine katk\u0131 sa\u011flaman\u0131z laz\u0131m. Ge\u00e7en y\u0131lda ayn\u0131 \u00e7a\u011fr\u0131da bulunmu\u015ftum ama aradan ge\u00e7en bir y\u0131lda cezaevlerinde hala gazeteciler var, \u00f6\u011frenciler var. 0 ile 6 ya\u015f aras\u0131ndaki 743 \u00e7ocuk anneleriyle birlikte cezaevinde. Eski Milletvekilimiz Eren Erdem, sivil toplumcu Osman Kavala. T\u00fcrkiye&#8217;de binlerce yurtta\u015f, gen\u00e7 Facebook\u2019a yazd\u0131, Twitter\u2019a yazd\u0131\u011f\u0131 c\u00fcmleler y\u00fcz\u00fcnden soru\u015fturmaya u\u011frarken bu olmaz. \u00a0Biz \u2018Avrupa\u2019yla ili\u015fkileri g\u00fc\u00e7lendirme, Avrupa Birli\u011fi hedefine ba\u011fl\u0131 kalma\u2019 istiyorsak \u00f6nce demokrasi ve insan haklar\u0131 karnemizi d\u00fczeltmeliyiz\u201d dedi.\u00a0<\/p>\n<p>KATAR V\u0130P U\u00c7AK G\u00d6NDERMEK YER\u0130NE KKTC\u2019Y\u0130 NEDEN TANIMADI?<\/p>\n<p>\u00c7ak\u0131r\u00f6zer Katar\u2019\u0131n T\u00fcrkiye\u2019ye hediye etti\u011fi iddia edilen V\u0130P u\u00e7a\u011f\u0131 da hat\u0131rlatarak, Bakan \u00c7avu\u015fo\u011flu\u2019na \u015fu sorular\u0131 y\u00f6neltti: \u201c T\u00fcrkiye Katar\u2019a y\u00f6nelik ambargoya kar\u015f\u0131 \u00e7\u0131kt\u0131 ama Katar G\u00fcney K\u0131br\u0131s\u2019la s\u0131cak ili\u015fkiler y\u00fcr\u00fctmekte. Anla\u015fma yapt\u0131 onunla birlikte, Katar\u2019\u0131n anla\u015fmas\u0131n\u0131 nas\u0131l de\u011ferlendiriyorsunuz? Katar T\u00fcrkiye&#8217;yi \u00e7ok seviyorsa, bize VIP u\u00e7ak hediye etmek yerine KKTC\u2019yi tan\u0131may\u0131 tercih etse daha iyi olmaz m\u0131yd\u0131? Bu sevgisini b\u00f6yle g\u00f6sterse ya da en az\u0131ndan Rumlarla yapt\u0131\u011f\u0131 anla\u015fmay\u0131 iptal ederek g\u00f6sterse daha iyi olmaz m\u0131?\u201d\u00a0<\/p>\n<p>KA\u015eIK\u00c7I C\u0130NAYET\u0130N\u0130 NEDEN BM\u2019YE TA\u015eIMIYORSUNUZ?<\/p>\n<p>\u00c7ak\u0131r\u00f6zer Ka\u015f\u0131k\u00e7\u0131 cinayetine ili\u015fkin de Bakan \u00c7avu\u015fo\u011flu\u2019na \u015fu sorular\u0131 y\u00f6neltti, \u201cBM s\u00f6zc\u00fcs\u00fc Ka\u015f\u0131k\u00e7\u0131 cinayetinde uluslararas\u0131 soru\u015fturma ba\u015flat\u0131lmas\u0131 i\u00e7in resm\u00ee bir talep beklendi\u011fini ve T\u00fcrkiye\u2019de n gelebilece\u011fini s\u00f6ylemesine ra\u011fmen siz b\u00f6yle bir \u015feyin uluslararas\u0131 alana yans\u0131mayaca\u011f\u0131n\u0131 a\u00e7\u0131klad\u0131n\u0131z. Neden BM\u2019ye ba\u015fvuru kap\u0131s\u0131n\u0131 kapad\u0131n\u0131z? Neden Viyana S\u00f6zle\u015fmesi\u2019nden do\u011fan haklar\u0131m\u0131z\u0131 kullanmad\u0131n\u0131z? Avrupa Say\u0131\u015ftay\u0131\u2019n\u0131n T\u00fcrkiye\u2019ye sa\u011flanan 1,1 milyar eurolukyard\u0131m\u0131n kime verildi\u011fi konusunda T\u00fcrk yetkililerden bilgi alamad\u0131klar\u0131n\u0131, s\u0131\u011f\u0131nmac\u0131lar\u0131n bar\u0131nma, g\u0131da, yiyecek, e\u011fitim ve sa\u011fl\u0131k masraflar\u0131 i\u00e7in harcanan 2 milyar euroluk b\u00f6l\u00fcm\u00fcn de kapsamad\u0131\u011f\u0131 y\u00f6n\u00fcndeki a\u00e7\u0131klamalar\u0131na ne diyorsunuz?\u201d\u00a0<\/p>\n<p>B\u00fcltendir<\/p>\n","protected":false},"excerpt":{"rendered":"<p>TBMM\u2019de Di\u015f \u0130\u015fleri Bakanl\u0131\u011f\u0131 b\u00fct\u00e7esi g\u00f6r\u00fc\u015fmeleri s\u0131ras\u0131nda CHP, G\u00fcney K\u0131br\u0131s Rum Y\u00f6netimi ile petrol anla\u015fmas\u0131 imzalayan Katar\u2019a h\u00fck\u00fcmetin tepkisizli\u011fini ele\u015ftirdi.<\/p>\n","protected":false},"author":2,"featured_media":0,"comment_status":"open","ping_status":"open","sticky":false,"template":"","format":"standard","meta":{"footnotes":""},"categories":[],"tags":[],"class_list":["post-3021","post","type-post","status-publish","format-standard","hentry"],"views":18,"_links":{"self":[{"href":"https:\/\/mersingazetesi.com\/index.php\/wp-json\/wp\/v2\/posts\/3021","targetHints":{"allow":["GET"]}}],"collection":[{"href":"https:\/\/mersingazetesi.com\/index.php\/wp-json\/wp\/v2\/posts"}],"about":[{"href":"https:\/\/mersingazetesi.com\/index.php\/wp-json\/wp\/v2\/types\/post"}],"author":[{"embeddable":true,"href":"https:\/\/mersingazetesi.com\/index.php\/wp-json\/wp\/v2\/users\/2"}],"replies":[{"embeddable":true,"href":"https:\/\/mersingazetesi.com\/index.php\/wp-json\/wp\/v2\/comments?post=3021"}],"version-history":[{"count":0,"href":"https:\/\/mersingazetesi.com\/index.php\/wp-json\/wp\/v2\/posts\/3021\/revisions"}],"wp:attachment":[{"href":"https:\/\/mersingazetesi.com\/index.php\/wp-json\/wp\/v2\/media?parent=3021"}],"wp:term":[{"taxonomy":"category","embeddable":true,"href":"https:\/\/mersingazetesi.com\/index.php\/wp-json\/wp\/v2\/categories?post=3021"},{"taxonomy":"post_tag","embeddable":true,"href":"https:\/\/mersingazetesi.com\/index.php\/wp-json\/wp\/v2\/tags?post=3021"}],"curies":[{"name":"wp","href":"https:\/\/api.w.org\/{rel}","templated":true}]}}