{"id":2999,"date":"2021-11-23T11:51:00","date_gmt":"2021-11-23T08:51:00","guid":{"rendered":"http:\/\/mersin.mesiad.org\/index.php\/2021\/11\/23\/athibten-925-milyon-dolarlik-ihracat\/"},"modified":"2021-11-23T11:51:00","modified_gmt":"2021-11-23T08:51:00","slug":"athibten-925-milyon-dolarlik-ihracat","status":"publish","type":"post","link":"https:\/\/mersingazetesi.com\/index.php\/2021\/11\/23\/athibten-925-milyon-dolarlik-ihracat\/","title":{"rendered":"ATH\u0130B\u2019ten, 925 milyon  dolarl\u0131k ihracat"},"content":{"rendered":"<p>Tekstil ve hammaddeleri sekt\u00f6r\u00fc T\u00fcrkiye geneli sekt\u00f6r ihracat\u0131 Ekim ay\u0131nda, ge\u00e7en y\u0131l\u0131n ayn\u0131 d\u00f6nemine k\u0131yasla y\u00fczde 3,5 art\u0131\u015f g\u00f6stererek 762 milyon dolar olarak ger\u00e7ekle\u015fti.\u00a0<\/p>\n<p>2018 y\u0131l\u0131 Ekim ay\u0131 sekt\u00f6rel bazda ihracat rakamlar\u0131n\u0131 de\u011ferlendiren Akdeniz Tekstil ve Hammaddeleri \u0130hracat\u00e7\u0131lar\u0131 Birli\u011fi (ATH\u0130B) Y\u00f6netim Kurulu Ba\u015fkan\u0131 Fatih Do\u011fan, sekt\u00f6r\u00fcn bu d\u00f6nemde T\u00fcrkiye toplam ihracat\u0131ndaki pay\u0131n\u0131n y\u00fczde 4,8 oldu\u011funu s\u00f6yledi.<\/p>\n<p>ATH\u0130B Olarak \u00fclke geneli sekt\u00f6r ihracat pay\u0131m\u0131z y\u00fczde 8<\/p>\n<p>Akdeniz \u0130hracat\u00e7\u0131 Birlikleri Genel Sekreterli\u011fi\u2019nin ayl\u0131k sekt\u00f6r ihracat rakamlar\u0131na da de\u011finen Do\u011fan, ATH\u0130B olarak 2018 y\u0131l\u0131 Ekim ay\u0131nda 90 milyon dolarl\u0131k ihracat ger\u00e7ekle\u015ftirdiklerini ve ge\u00e7ti\u011fimiz Ekim ay\u0131na oranla yakalanan y\u00fczde 17\u2019lik art\u0131\u015f\u0131n olduk\u00e7a sevindirici ve mutlu edici oldu\u011funu belirtti.<\/p>\n<p>Do\u011fan ayr\u0131ca, Ocak-Ekim d\u00f6nemi aras\u0131nda T\u00fcrkiye tekstil ve hammaddeleri ihracat\u0131n\u0131n ger\u00e7ekle\u015ftirmi\u015f oldu\u011fu 778 milyon dolar ihracattan y\u00fczde 8 pay alarak T\u00fcrkiye ihracat\u0131na katma de\u011fer katmaya devam ettiklerini de dile getirdi.<\/p>\n<p>En fazla ihracat yap\u0131lan \u00fcr\u00fcn grubu dokuma kuma\u015f<\/p>\n<p>Akdeniz Tekstil ve Hammaddeleri \u0130hracat\u00e7\u0131lar\u0131 Birli\u011fi\u2019nin 2018 y\u0131l\u0131 Ekim ay\u0131 de\u011fer baz\u0131ndaki ihracat\u0131n\u0131 \u00fcr\u00fcn gruplar\u0131na g\u00f6re inceleyen Do\u011fan, ilk s\u0131ray\u0131 alan dokuma kuma\u015f\u0131n ald\u0131\u011f\u0131n\u0131, onu s\u0131ras\u0131yla \u00f6rme kuma\u015flar\u0131n ve pamuk ipli\u011finin izledi\u011fini kaydetti.\u00a0<\/p>\n<p>ATH\u0130B Ekim ay\u0131 ihracat\u0131nda, \u0130talya, Portekiz ve Banglade\u015f en b\u00fcy\u00fck 3 ihracat pazar\u0131m\u0131z\u0131 olu\u015ftururken, en b\u00fcy\u00fck de\u011fer art\u0131\u015f\u0131 ise Banglade\u015f, Rusya Federasyonu ve Endonezya pazarlar\u0131nda ya\u015fand\u0131. \u00a0<\/p>\n<p>12 ayl\u0131k s\u00fcre\u00e7 i\u00e7erisinde 925 milyon dolarl\u0131k ihracat ger\u00e7ekle\u015ftiren ATH\u0130B firmalar\u0131n\u0131n, ihracat\u0131n at\u0131l\u0131m g\u00fcc\u00fcne g\u00fc\u00e7 katt\u0131klar\u0131n\u0131 vurgulayan Do\u011fan, olduk\u00e7a ba\u015far\u0131l\u0131 bir ihracat performans\u0131 sergileyerek hem b\u00f6lgeye hem de \u00fclkemize katk\u0131lar\u0131n\u0131 sa\u011flayan ATH\u0130B \u00fcyesi ihracat\u00e7\u0131lara te\u015fekk\u00fcr ederek s\u00f6zlerini noktalad\u0131.\u00a0<\/p>\n<p>B\u00fcltendir<\/p>\n","protected":false},"excerpt":{"rendered":"<p>Tekstil ve hammaddeleri sekt\u00f6r\u00fc T\u00fcrkiye geneli sekt\u00f6r ihracat\u0131 Ekim ay\u0131nda, ge\u00e7en y\u0131l\u0131n ayn\u0131 d\u00f6nemine k\u0131yasla y\u00fczde 3,5 art\u0131\u015f g\u00f6stererek 762 milyon dolar olarak ger\u00e7ekle\u015fti.\u00a0 2018 y\u0131l\u0131 Ekim ay\u0131 sekt\u00f6rel bazda ihracat rakamlar\u0131n\u0131 de\u011ferlendiren Akdeniz Tekstil ve Hammaddeleri \u0130hracat\u00e7\u0131lar\u0131 Birli\u011fi (ATH\u0130B) Y\u00f6netim Kurulu Ba\u015fkan\u0131 Fatih Do\u011fan, sekt\u00f6r\u00fcn bu d\u00f6nemde T\u00fcrkiye toplam ihracat\u0131ndaki pay\u0131n\u0131n y\u00fczde 4,8 oldu\u011funu [&hellip;]<\/p>\n","protected":false},"author":2,"featured_media":0,"comment_status":"open","ping_status":"open","sticky":false,"template":"","format":"standard","meta":{"footnotes":""},"categories":[],"tags":[],"class_list":["post-2999","post","type-post","status-publish","format-standard","hentry"],"views":16,"_links":{"self":[{"href":"https:\/\/mersingazetesi.com\/index.php\/wp-json\/wp\/v2\/posts\/2999","targetHints":{"allow":["GET"]}}],"collection":[{"href":"https:\/\/mersingazetesi.com\/index.php\/wp-json\/wp\/v2\/posts"}],"about":[{"href":"https:\/\/mersingazetesi.com\/index.php\/wp-json\/wp\/v2\/types\/post"}],"author":[{"embeddable":true,"href":"https:\/\/mersingazetesi.com\/index.php\/wp-json\/wp\/v2\/users\/2"}],"replies":[{"embeddable":true,"href":"https:\/\/mersingazetesi.com\/index.php\/wp-json\/wp\/v2\/comments?post=2999"}],"version-history":[{"count":0,"href":"https:\/\/mersingazetesi.com\/index.php\/wp-json\/wp\/v2\/posts\/2999\/revisions"}],"wp:attachment":[{"href":"https:\/\/mersingazetesi.com\/index.php\/wp-json\/wp\/v2\/media?parent=2999"}],"wp:term":[{"taxonomy":"category","embeddable":true,"href":"https:\/\/mersingazetesi.com\/index.php\/wp-json\/wp\/v2\/categories?post=2999"},{"taxonomy":"post_tag","embeddable":true,"href":"https:\/\/mersingazetesi.com\/index.php\/wp-json\/wp\/v2\/tags?post=2999"}],"curies":[{"name":"wp","href":"https:\/\/api.w.org\/{rel}","templated":true}]}}