{"id":2984,"date":"2021-11-23T11:50:59","date_gmt":"2021-11-23T08:50:59","guid":{"rendered":"http:\/\/mersin.mesiad.org\/index.php\/2021\/11\/23\/mersin-kultur-merkezi-dokuluyor\/"},"modified":"2021-11-23T11:50:59","modified_gmt":"2021-11-23T08:50:59","slug":"mersin-kultur-merkezi-dokuluyor","status":"publish","type":"post","link":"https:\/\/mersingazetesi.com\/index.php\/2021\/11\/23\/mersin-kultur-merkezi-dokuluyor\/","title":{"rendered":"Mersin K\u00fclt\u00fcr Merkezi d\u00f6k\u00fcl\u00fcyor..!"},"content":{"rendered":"<p>Tarihi Mersin K\u00fclt\u00fcr Merkezi\u02d9\u2019nin bak\u0131ms\u0131z hali dikkat \u00e7ekmeye devam ediyor.<br \/>\nBinan\u0131n \u00e7at\u0131 al\u0131n tahtalar\u0131n\u0131n \u00e7\u00fcr\u00fcm\u00fc\u015f olmas\u0131 nedeniyle d\u00f6k\u00fcl\u00fcr hale geldi\u011fi belirtilerek K\u00fclt\u00fcr Merkezi\u2019nin ilgisiz ve bak\u0131ms\u0131z kald\u0131\u011f\u0131 dile getiriliyor.<br \/>\nK\u00fclt\u00fcr Merkezi y\u00f6neticilerinin, \u00e7\u00fcr\u00fcyen tahtalar\u0131n g\u00f6r\u00fcnmemesi amac\u0131yla in\u015faat filesiyle kapatmas\u0131 ise tepkilere neden oldu.<\/p>\n<p>\u0130yice \u00e7\u00fcr\u00fcyen tahta \u00e7at\u0131n\u0131n file ile kapat\u0131lmas\u0131 b\u00fcy\u00fck tehlike arz ediyor.<br \/>\nMersin K\u00fclt\u00fcr Merkezi\u02d9\u2019nin \u00e7at\u0131s\u0131n\u0131n iki senedir bu \u015fekilde duruyor olmas\u0131 vatanda\u015f taraf\u0131ndan tepki ile kar\u0131\u015f\u0131lan\u0131yor.<\/p>\n<p>Vatanda\u015flar, K\u00fclt\u00fcr Merkezi y\u00f6neticilerinin bu sorunla ilgilenilip \u00f6denek olu\u015fturmas\u0131n\u0131 ve onar\u0131m\u0131n biran \u00f6nce yapt\u0131r\u0131lmas\u0131n\u0131 istiyorlar.<\/p>\n<p>MEHMET M\u0130RAS<\/p>\n","protected":false},"excerpt":{"rendered":"<p>Tarihi Mersin K\u00fclt\u00fcr Merkezi\u02d9\u2019nin bak\u0131ms\u0131z hali dikkat \u00e7ekmeye devam ediyor. Binan\u0131n \u00e7at\u0131 al\u0131n tahtalar\u0131n\u0131n \u00e7\u00fcr\u00fcm\u00fc\u015f olmas\u0131 nedeniyle d\u00f6k\u00fcl\u00fcr hale geldi\u011fi belirtilerek K\u00fclt\u00fcr Merkezi\u2019nin ilgisiz ve bak\u0131ms\u0131z kald\u0131\u011f\u0131 dile getiriliyor. K\u00fclt\u00fcr Merkezi y\u00f6neticilerinin, \u00e7\u00fcr\u00fcyen tahtalar\u0131n g\u00f6r\u00fcnmemesi amac\u0131yla in\u015faat filesiyle kapatmas\u0131 ise tepkilere neden oldu. \u0130yice \u00e7\u00fcr\u00fcyen tahta \u00e7at\u0131n\u0131n file ile kapat\u0131lmas\u0131 b\u00fcy\u00fck tehlike arz ediyor. Mersin [&hellip;]<\/p>\n","protected":false},"author":2,"featured_media":0,"comment_status":"open","ping_status":"open","sticky":false,"template":"","format":"standard","meta":{"footnotes":""},"categories":[],"tags":[],"class_list":["post-2984","post","type-post","status-publish","format-standard","hentry"],"views":17,"_links":{"self":[{"href":"https:\/\/mersingazetesi.com\/index.php\/wp-json\/wp\/v2\/posts\/2984","targetHints":{"allow":["GET"]}}],"collection":[{"href":"https:\/\/mersingazetesi.com\/index.php\/wp-json\/wp\/v2\/posts"}],"about":[{"href":"https:\/\/mersingazetesi.com\/index.php\/wp-json\/wp\/v2\/types\/post"}],"author":[{"embeddable":true,"href":"https:\/\/mersingazetesi.com\/index.php\/wp-json\/wp\/v2\/users\/2"}],"replies":[{"embeddable":true,"href":"https:\/\/mersingazetesi.com\/index.php\/wp-json\/wp\/v2\/comments?post=2984"}],"version-history":[{"count":0,"href":"https:\/\/mersingazetesi.com\/index.php\/wp-json\/wp\/v2\/posts\/2984\/revisions"}],"wp:attachment":[{"href":"https:\/\/mersingazetesi.com\/index.php\/wp-json\/wp\/v2\/media?parent=2984"}],"wp:term":[{"taxonomy":"category","embeddable":true,"href":"https:\/\/mersingazetesi.com\/index.php\/wp-json\/wp\/v2\/categories?post=2984"},{"taxonomy":"post_tag","embeddable":true,"href":"https:\/\/mersingazetesi.com\/index.php\/wp-json\/wp\/v2\/tags?post=2984"}],"curies":[{"name":"wp","href":"https:\/\/api.w.org\/{rel}","templated":true}]}}