{"id":2972,"date":"2021-11-23T11:50:57","date_gmt":"2021-11-23T08:50:57","guid":{"rendered":"http:\/\/mersin.mesiad.org\/index.php\/2021\/11\/23\/mersini-turizm-kenti-yapmak-icin-denizleri-temizledik\/"},"modified":"2021-11-23T11:50:57","modified_gmt":"2021-11-23T08:50:57","slug":"mersini-turizm-kenti-yapmak-icin-denizleri-temizledik","status":"publish","type":"post","link":"https:\/\/mersingazetesi.com\/index.php\/2021\/11\/23\/mersini-turizm-kenti-yapmak-icin-denizleri-temizledik\/","title":{"rendered":"&#8220;Mersin&#8217;i turizm kenti yapmak i\u00e7in denizleri temizledik&#8221;"},"content":{"rendered":"<p>Mersin B\u00fcy\u00fck\u015fehir Belediye Ba\u015fkan\u0131 Burhanettin Kocamaz, &#8216;Mersin\u2019de Daha Yapacak \u00c7ok \u0130\u015fimiz Var&#8217; slogan\u0131 ile Erdemli&#8217;de hayata ge\u00e7irdi\u011fi hizmetlerin toplu a\u00e7\u0131l\u0131\u015f t\u00f6renini ger\u00e7ekle\u015ftirdi.<br \/>\nKocamaz, Erdemli \u0130tfaiye Grup Amirli\u011fi Hizmet Binas\u0131 ve MESK\u0130 K\u0131zkalesi At\u0131ks\u0131 Ar\u0131tma Tesisi a\u00e7\u0131l\u0131\u015f\u0131 ile fidan, sulama borusu ve g\u00fcne\u015f paneli da\u011f\u0131t\u0131m\u0131n\u0131n toplu a\u00e7\u0131l\u0131\u015f t\u00f6renini ger\u00e7ekle\u015ftirdi. Dualar ve kurban kesimi ile ger\u00e7ekle\u015ftirilen t\u00f6rende, Kocamaz ve protokol \u00fcyeleri, hay\u0131rl\u0131 olsun temennileri ile a\u00e7\u0131l\u0131\u015f kurdelesi kesti. T\u00f6rende ayr\u0131ca, B\u00fcy\u00fck\u015fehir Belediyesi taraf\u0131ndan d\u00f6rt bu\u00e7uk y\u0131l i\u00e7erisinde Erdemli il\u00e7esine yap\u0131lm\u0131\u015f olan hizmetlerin yer ald\u0131\u011f\u0131 film g\u00f6sterimi yap\u0131ld\u0131.\u00a0<\/p>\n<p>&#8220;Yol sorunu ortadan kalkt\u0131&#8221;<br \/>\n\u00a0<br \/>\nGer\u00e7ekle\u015ftirilen toplu a\u00e7\u0131l\u0131\u015f t\u00f6renine konu\u015fan Kocamaz, &#8220;2014\u2019ten bu yana birlikte yol y\u00fcr\u00fcd\u00fc\u011f\u00fcm\u00fcz, Mersin\u2019i il\u00e7e demeden, da\u011f, ta\u015f, k\u00f6y edemeden hep birlikte aya\u011fa kald\u0131rmaya ant i\u00e7ti\u011fimiz ve ger\u00e7ekten verdi\u011fimiz her s\u00f6z\u00fcn arkas\u0131nda durdu\u011fumuz de\u011ferli arkada\u015flar\u0131m\u0131z, 2014 \u00f6ncesinde yola \u00e7\u0131karken bir iddia ile yola \u00e7\u0131kt\u0131k. Susuz ve yolsuz yerle\u015fim birimi b\u0131rakmayaca\u011f\u0131z dedik. Allah\u2019a \u00e7ok \u015f\u00fck\u00fcr ki yolsuzlu\u011fu ortadan kald\u0131rd\u0131k. Vatanda\u015f\u0131m\u0131z art\u0131k her yere \u00e7ok rahat bir \u015fekilde ula\u015fman\u0131n konforunu ya\u015f\u0131yor. Her yeri, her noktay\u0131, her a\u011fac\u0131, her sebzeyi suyla bulu\u015fturduk. Sadece g\u00f6revimiz k\u0131rsalda de\u011fil. \u0130l\u00e7elerin yerle\u015fim alanlar\u0131n\u0131n tamam\u0131na uzand\u0131k. &#8221; dedi.\u00a0<br \/>\nMersin\u2019i turizm kenti yapmak i\u00e7in denizi temizlemek mecburiyetinde olduklar\u0131n\u0131 kaydeden Kocamaz, &#8220;Mersin merkezde 2012 y\u0131l\u0131nda hayata ge\u00e7irilen at\u0131k su ar\u0131tma tesisi Mersin\u2019in do\u011fu b\u00f6lgesine hizmet vermekte. Bat\u0131 b\u00f6lgesinde biz g\u00f6reve geldi\u011fimizde at\u0131k sular a\u00e7\u0131k kanallardan denize ak\u0131yordu. \u0130n\u015fallah Aral\u0131k ay\u0131 i\u00e7erisinde tamamlanacak ve Mersin\u2019imizin bat\u0131 taraf\u0131n\u0131n ar\u0131tma problemi k\u00f6k\u00fcnden \u00e7\u00f6z\u00fclecek. MESK\u0130 ve B\u00fcy\u00fck\u015fehir Belediyesi problemleri \u00e7\u00f6zme noktas\u0131nda Mersin\u2019de b\u00fcy\u00fck at\u0131l\u0131ma ge\u00e7ti. Mersin 2014\u2019\u00fc bir milat olarak kabul etti. Erdemli de bu hizmetlerden fazlas\u0131yla nasibini ald\u0131. Bug\u00fcn geldi\u011fimiz noktada Erdemli\u2019de yapmak istedi\u011fimiz projelerin bir k\u0131sm\u0131 tamamland\u0131. Erdemli\u2019nin hal sorunu var. Otogar eksikli\u011fi var. Bunlar tamamlanacak. Hal ta\u015f\u0131nd\u0131ktan sonra Erdemli otogar\u0131 eski halin bulundu\u011fu b\u00f6lgeye yap\u0131lacak. Bir taraftan sosyal projeler, halk\u0131n gelirini artt\u0131r\u0131c\u0131, tar\u0131ma y\u00f6nelik projeler hayata ge\u00e7ecek&#8221; ifadelerini kulland\u0131.\u00a0<\/p>\n<p>&#8220;\u00d6nemli hizmetler verdik&#8221;<br \/>\n\u00a0<br \/>\nErdemli&#8217;ye yap\u0131lan hizmetler ile ilgili de a\u00e7\u0131klamalarda bulunan Kocamaz, &#8220;4 bu\u00e7uk y\u0131lda, bin 319 olaya m\u00fcdahale ederek Erdemli halk\u0131n\u0131n can ve mal g\u00fcvenli\u011fi i\u00e7in 7\/24 g\u00f6rev ba\u015f\u0131nda olan itfaiye erlerinin kullan\u0131m\u0131 amac\u0131yla s\u00f6zle\u015fme bedeli 2 milyon 150 bin TL olan Erdemli \u0130tfaiye Grup Amirli\u011fi Hizmet Binas\u0131 bin 674 metre karelik bir alana in\u015fa edildi. K\u0131zkalesi At\u0131ksu Ar\u0131tma Tesisi\u2019nin mevcut kapasitesi yetmedi\u011fi i\u00e7in de kapasite art\u0131r\u0131m\u0131 ger\u00e7ekle\u015ftirildi. Mevcut terfi merkezi ekipmanlar\u0131 revizesi, \u00f6n ar\u0131tma, kum tutucu \u00fcniteleri ve kesikli biyolojik reakt\u00f6r sistemi ile biyolojik ar\u0131tma tesisi in\u015faat\u0131 \u00e7al\u0131\u015fmalar\u0131 da tamamland\u0131. \u2018Meyvecili\u011fi Yayma ve Geli\u015ftirme\u2019 ile \u2018K\u0131rsal Alanlar\u0131 Tar\u0131ma Kazand\u0131rma\u2019 projeleri kapsam\u0131nda \u00e7ift\u00e7ilere bir\u00e7ok \u00e7e\u015fitte, binlerce fide ve fidan da\u011f\u0131t\u0131m\u0131 ger\u00e7ekle\u015ftirildi. Mersin Y\u00f6r\u00fckleri i\u00e7in geli\u015ftirilen \u2018K\u0131l \u00c7ad\u0131r\u0131 Ayd\u0131nlan\u0131yor Projesi\u2019 kapsam\u0131nda, Y\u00f6r\u00fck \u00e7ad\u0131rlar\u0131 i\u00e7in g\u00fcne\u015f paneli sistemi da\u011f\u0131t\u0131m\u0131 ger\u00e7ekle\u015ftirdi&#8221; \u015feklinde konu\u015ftu.\u00a0<\/p>\n<p>\u0130HA<\/p>\n","protected":false},"excerpt":{"rendered":"<p>Mersin B\u00fcy\u00fck\u015fehir Belediye Ba\u015fkan\u0131 Burhanettin Kocamaz, &#8216;Mersin\u2019de Daha Yapacak \u00c7ok \u0130\u015fimiz Var&#8217; slogan\u0131 ile Erdemli&#8217;de hayata ge\u00e7irdi\u011fi hizmetlerin toplu a\u00e7\u0131l\u0131\u015f t\u00f6renini ger\u00e7ekle\u015ftirdi. Kocamaz, Erdemli \u0130tfaiye Grup Amirli\u011fi Hizmet Binas\u0131 ve MESK\u0130 K\u0131zkalesi At\u0131ks\u0131 Ar\u0131tma Tesisi a\u00e7\u0131l\u0131\u015f\u0131 ile fidan, sulama borusu ve g\u00fcne\u015f paneli da\u011f\u0131t\u0131m\u0131n\u0131n toplu a\u00e7\u0131l\u0131\u015f t\u00f6renini ger\u00e7ekle\u015ftirdi. Dualar ve kurban kesimi ile ger\u00e7ekle\u015ftirilen t\u00f6rende, [&hellip;]<\/p>\n","protected":false},"author":2,"featured_media":0,"comment_status":"open","ping_status":"open","sticky":false,"template":"","format":"standard","meta":{"footnotes":""},"categories":[],"tags":[],"class_list":["post-2972","post","type-post","status-publish","format-standard","hentry"],"views":19,"_links":{"self":[{"href":"https:\/\/mersingazetesi.com\/index.php\/wp-json\/wp\/v2\/posts\/2972","targetHints":{"allow":["GET"]}}],"collection":[{"href":"https:\/\/mersingazetesi.com\/index.php\/wp-json\/wp\/v2\/posts"}],"about":[{"href":"https:\/\/mersingazetesi.com\/index.php\/wp-json\/wp\/v2\/types\/post"}],"author":[{"embeddable":true,"href":"https:\/\/mersingazetesi.com\/index.php\/wp-json\/wp\/v2\/users\/2"}],"replies":[{"embeddable":true,"href":"https:\/\/mersingazetesi.com\/index.php\/wp-json\/wp\/v2\/comments?post=2972"}],"version-history":[{"count":0,"href":"https:\/\/mersingazetesi.com\/index.php\/wp-json\/wp\/v2\/posts\/2972\/revisions"}],"wp:attachment":[{"href":"https:\/\/mersingazetesi.com\/index.php\/wp-json\/wp\/v2\/media?parent=2972"}],"wp:term":[{"taxonomy":"category","embeddable":true,"href":"https:\/\/mersingazetesi.com\/index.php\/wp-json\/wp\/v2\/categories?post=2972"},{"taxonomy":"post_tag","embeddable":true,"href":"https:\/\/mersingazetesi.com\/index.php\/wp-json\/wp\/v2\/tags?post=2972"}],"curies":[{"name":"wp","href":"https:\/\/api.w.org\/{rel}","templated":true}]}}