{"id":2968,"date":"2021-11-23T11:50:57","date_gmt":"2021-11-23T08:50:57","guid":{"rendered":"http:\/\/mersin.mesiad.org\/index.php\/2021\/11\/23\/sehit-turkelin-vasiyeti-yerine-getirildi\/"},"modified":"2021-11-23T11:50:57","modified_gmt":"2021-11-23T08:50:57","slug":"sehit-turkelin-vasiyeti-yerine-getirildi","status":"publish","type":"post","link":"https:\/\/mersingazetesi.com\/index.php\/2021\/11\/23\/sehit-turkelin-vasiyeti-yerine-getirildi\/","title":{"rendered":"\u015eehit T\u00fcrkel&#8217;in vasiyeti yerine getirildi"},"content":{"rendered":"<p><span style=\"line-height: 1.6em;\">\u0130stanbul Kas\u0131mpa\u015fa B\u00fcy\u00fck Piyale Pa\u015fa Cami \u0130mam Hatibi \u0130shak Dan\u0131\u015f, Mersin \u0130l M\u00fcft\u00fcs\u00fc \u015eaban Kondi ve Toroslar M\u00fcft\u00fc Vekil Osman Haz\u0131r, \u015fehit As\u0131m T\u00fcrkel\u2019in evinde anne ve babas\u0131n\u0131 ziyaret etti. Ziyarette anne, o\u011flunun \u0130shak Dan\u0131\u015f\u2019\u0131 \u00e7ok sevdi\u011fini ve s\u00fcrekli olarak \u0130shak hocan\u0131n okudu\u011fu &#8220;Vak\u0131a&#8221; suresini dinledi\u011fini s\u00f6yledi. Anne T\u00fcrkel, o\u011flunun son iste\u011finin mezar\u0131nda \u0130shak Dan\u0131\u015f\u2019\u0131n Kur\u2019an okumas\u0131 oldu\u011funu belirterek, &#8220;Bug\u00fcn o\u011flumun bu vasiyetini yerine getiren \u0130shak Hocama, m\u00fcft\u00fcm\u00fcze, hocalar\u0131m\u0131za te\u015fekk\u00fcr ediyorum&#8221; dedi.\u00a0<\/span><\/p>\n<p>Mersin \u0130l M\u00fcft\u00fcs\u00fc \u015eaban Kondi, &#8220;\u015eehidimizin vasiyetini duydu\u011fumuzda gerekli \u00e7al\u0131\u015fmalar\u0131 ba\u015flatt\u0131k ve \u0130shak Dan\u0131\u015f Hocam\u0131z ile ileti\u015fime ge\u00e7tik. \u015eehidimizin vasiyetini s\u00f6yledi\u011fimizde memnuniyetle gelebileceklerini ifade ettiler ve bug\u00fcn aram\u0131zdalar. Vatan\u0131m\u0131z\u0131n bekas\u0131 i\u00e7in canlar\u0131n\u0131 feda eden \u015fehitlerimizin isteklerini yerine getirmek bizler i\u00e7in bir onurdur. Rabbim \u015fehadetlerini kabul etsin&#8221; ifadelerini kulland\u0131.\u00a0<br \/>\nDan\u0131\u015f ise b\u00f6yle bir iste\u011fi duydu\u011funda hi\u00e7 d\u00fc\u015f\u00fcnmeden kabul etti\u011fini belirterek, &#8220;As\u0131m T\u00fcrkel karde\u015fime Allah\u2019tan rahmet diliyorum. Onlar bu vatan i\u00e7in, bayrak i\u00e7in, ezan i\u00e7in hi\u00e7 d\u00fc\u015f\u00fcnmeden canlar\u0131n\u0131 feda ettiler. Onlar\u0131n son iste\u011fini yerine getirmek bizler i\u00e7in bir g\u00f6revdir, bir \u015fereftir&#8221; diye konu\u015ftu.\u00a0<br \/>\nDan\u0131\u015f, daha sonra \u015fehit As\u0131m T\u00fcrkel\u2019in kabrinin bulundu\u011fu Mersin \u015eehitli\u011fine ge\u00e7ti ve mezar\u0131 ba\u015f\u0131nda Kur\u2019an okudu.\u00a0<\/p>\n<p>\u0130HA<\/p>\n","protected":false},"excerpt":{"rendered":"<p>Mersin \u0130l M\u00fcft\u00fcl\u00fc\u011f\u00fc, ge\u00e7ti\u011fimiz hafta Tunceli&#8217;nin Naz\u0131miye il\u00e7esinde y\u00fcr\u00fct\u00fclen operasyonda \u015fehit olan Jandarma Uzman \u00c7avu\u015f As\u0131m T\u00fcrkel&#8217;in, &#8220;\u015eehit oldu\u011fumda mezar\u0131m\u0131n ba\u015f\u0131nda \u0130shak Dan\u0131\u015f Hocam\u0131n Kur\u2019an okumas\u0131n\u0131 isterim&#8221; vasiyetini yerine getirdi.<\/p>\n","protected":false},"author":2,"featured_media":0,"comment_status":"open","ping_status":"open","sticky":false,"template":"","format":"standard","meta":{"footnotes":""},"categories":[],"tags":[],"class_list":["post-2968","post","type-post","status-publish","format-standard","hentry"],"views":21,"_links":{"self":[{"href":"https:\/\/mersingazetesi.com\/index.php\/wp-json\/wp\/v2\/posts\/2968","targetHints":{"allow":["GET"]}}],"collection":[{"href":"https:\/\/mersingazetesi.com\/index.php\/wp-json\/wp\/v2\/posts"}],"about":[{"href":"https:\/\/mersingazetesi.com\/index.php\/wp-json\/wp\/v2\/types\/post"}],"author":[{"embeddable":true,"href":"https:\/\/mersingazetesi.com\/index.php\/wp-json\/wp\/v2\/users\/2"}],"replies":[{"embeddable":true,"href":"https:\/\/mersingazetesi.com\/index.php\/wp-json\/wp\/v2\/comments?post=2968"}],"version-history":[{"count":0,"href":"https:\/\/mersingazetesi.com\/index.php\/wp-json\/wp\/v2\/posts\/2968\/revisions"}],"wp:attachment":[{"href":"https:\/\/mersingazetesi.com\/index.php\/wp-json\/wp\/v2\/media?parent=2968"}],"wp:term":[{"taxonomy":"category","embeddable":true,"href":"https:\/\/mersingazetesi.com\/index.php\/wp-json\/wp\/v2\/categories?post=2968"},{"taxonomy":"post_tag","embeddable":true,"href":"https:\/\/mersingazetesi.com\/index.php\/wp-json\/wp\/v2\/tags?post=2968"}],"curies":[{"name":"wp","href":"https:\/\/api.w.org\/{rel}","templated":true}]}}