{"id":2966,"date":"2021-11-23T11:50:57","date_gmt":"2021-11-23T08:50:57","guid":{"rendered":"http:\/\/mersin.mesiad.org\/index.php\/2021\/11\/23\/adana-ve-mersin-bolgesinde-en-fazla-artis-kazakta-yasandi\/"},"modified":"2021-11-23T11:50:57","modified_gmt":"2021-11-23T08:50:57","slug":"adana-ve-mersin-bolgesinde-en-fazla-artis-kazakta-yasandi","status":"publish","type":"post","link":"https:\/\/mersingazetesi.com\/index.php\/2021\/11\/23\/adana-ve-mersin-bolgesinde-en-fazla-artis-kazakta-yasandi\/","title":{"rendered":"Adana ve Mersin  b\u00f6lgesinde en fazla art\u0131\u015f kazakta ya\u015fand\u0131"},"content":{"rendered":"<p>Adana ve Mersin illerinden olu\u015fan B\u00f6lgede T\u00dcFE\u2019 de 2018 y\u0131l\u0131 Ekim ay\u0131nda bir \u00f6nceki aya g\u00f6re y\u00fczde 2,61 bir \u00f6nceki y\u0131l\u0131n Aral\u0131k ay\u0131na g\u00f6re y\u00fczde 23,53, bir \u00f6nceki y\u0131l\u0131n ayn\u0131 ay\u0131na g\u00f6re y\u00fczde 26,57 ve on iki ayl\u0131k ortalamalara g\u00f6re y\u00fczde 15,67 oran\u0131nda art\u0131\u015f ger\u00e7ekle\u015fti\u011fi belirtildi.<\/p>\n<p>Enflasyon y\u0131ll\u0131k bazda y\u00fczde 25,24 oldu<\/p>\n<p>T\u00dc\u0130K Adana B\u00f6lge M\u00fcd\u00fcrl\u00fc\u011f\u00fc taraf\u0131ndan yap\u0131lan a\u00e7\u0131klamada T\u00fcrkiye genelinde ayl\u0131k enflasyonun y\u00fczde 2,67 oran\u0131nda artt\u0131\u011f\u0131 bildirildi. T\u00dcFE\u2019 de 2018 y\u0131l\u0131 Ekim ay\u0131nda bir \u00f6nceki aya g\u00f6re y\u00fczde 2,67, bir \u00f6nceki y\u0131l\u0131n Aral\u0131k ay\u0131na g\u00f6re y\u00fczde 22,56, bir \u00f6nceki y\u0131l\u0131n ayn\u0131 ay\u0131na g\u00f6re y\u00fczde 25,24 ve on iki ayl\u0131k ortalamalara g\u00f6re y\u00fczde 14,90 oran\u0131nda art\u0131\u015f ger\u00e7ekle\u015fti\u011fi ifade edildi.<br \/>\nEkim 2018\u2019de endekste kapsanan 407 maddeden, 42 maddenin ortalama fiyatlar\u0131nda de\u011fi\u015fim olmazken, 328 maddenin ortalama fiyatlar\u0131nda art\u0131\u015f, 37 maddenin ortalama fiyatlar\u0131nda ise d\u00fc\u015f\u00fc\u015f ger\u00e7ekle\u015fti\u011fi belirtildi.<\/p>\n<p>B\u00f6lgede en y\u00fcksek art\u0131\u015f g\u00f6steren kazak, en fazla d\u00fc\u015f\u00fc\u015f g\u00f6steren limon<\/p>\n<p>T\u00fcrkiye genelinde T\u00dcFE&#8217; de ayl\u0131k olarak en y\u00fcksek art\u0131\u015f g\u00f6steren madde y\u00fczde 41,21 de\u011fi\u015fim oran\u0131 ile kaban anorak tipi(\u00e7ocuk i\u00e7in), Adana B\u00f6lge&#8217;sinde ayl\u0131k olarak en y\u00fcksek art\u0131\u015f g\u00f6steren madde %61,41 ile kazak(kad\u0131n i\u00e7in) oldu\u011fu belirtildi. T\u00fcrkiye genelinde T\u00dcFE&#8217; de ayl\u0131k d\u00fc\u015f\u00fc\u015f g\u00f6steren madde y\u00fczde-29,14 de\u011fi\u015fim oran\u0131 ile limon, Adana B\u00f6lge&#8217;sinde de ayl\u0131k olarak en fazla d\u00fc\u015f\u00fc\u015f g\u00f6steren madde y\u00fczde-33,00 ile limon oldu\u011fu ifade edildi.<\/p>\n<p>MEHMET M\u0130RAS<\/p>\n","protected":false},"excerpt":{"rendered":"<p>T\u00dc\u0130KAdana B\u00f6lge M\u00fcd\u00fcrl\u00fc\u011f\u00fc taraf\u0131ndan enflasyon a\u00e7\u0131klamas\u0131 yap\u0131ld\u0131. Yap\u0131lan a\u00e7\u0131klamada, Adana ve Mersin illerinden olu\u015fan TR62 B\u00f6lgesi Ekim ay\u0131 t\u00fcketici fiyat endeksi (T\u00dcFE) de\u011fi\u015fim oranlar\u0131 de\u011ferlendirildi.<\/p>\n","protected":false},"author":2,"featured_media":0,"comment_status":"open","ping_status":"open","sticky":false,"template":"","format":"standard","meta":{"footnotes":""},"categories":[],"tags":[],"class_list":["post-2966","post","type-post","status-publish","format-standard","hentry"],"views":21,"_links":{"self":[{"href":"https:\/\/mersingazetesi.com\/index.php\/wp-json\/wp\/v2\/posts\/2966","targetHints":{"allow":["GET"]}}],"collection":[{"href":"https:\/\/mersingazetesi.com\/index.php\/wp-json\/wp\/v2\/posts"}],"about":[{"href":"https:\/\/mersingazetesi.com\/index.php\/wp-json\/wp\/v2\/types\/post"}],"author":[{"embeddable":true,"href":"https:\/\/mersingazetesi.com\/index.php\/wp-json\/wp\/v2\/users\/2"}],"replies":[{"embeddable":true,"href":"https:\/\/mersingazetesi.com\/index.php\/wp-json\/wp\/v2\/comments?post=2966"}],"version-history":[{"count":0,"href":"https:\/\/mersingazetesi.com\/index.php\/wp-json\/wp\/v2\/posts\/2966\/revisions"}],"wp:attachment":[{"href":"https:\/\/mersingazetesi.com\/index.php\/wp-json\/wp\/v2\/media?parent=2966"}],"wp:term":[{"taxonomy":"category","embeddable":true,"href":"https:\/\/mersingazetesi.com\/index.php\/wp-json\/wp\/v2\/categories?post=2966"},{"taxonomy":"post_tag","embeddable":true,"href":"https:\/\/mersingazetesi.com\/index.php\/wp-json\/wp\/v2\/tags?post=2966"}],"curies":[{"name":"wp","href":"https:\/\/api.w.org\/{rel}","templated":true}]}}