{"id":2961,"date":"2021-11-23T11:50:57","date_gmt":"2021-11-23T08:50:57","guid":{"rendered":"http:\/\/mersin.mesiad.org\/index.php\/2021\/11\/23\/balik-ciftligi-cedi-bilimsellikten-uzak\/"},"modified":"2021-11-23T11:50:57","modified_gmt":"2021-11-23T08:50:57","slug":"balik-ciftligi-cedi-bilimsellikten-uzak","status":"publish","type":"post","link":"https:\/\/mersingazetesi.com\/index.php\/2021\/11\/23\/balik-ciftligi-cedi-bilimsellikten-uzak\/","title":{"rendered":"BALIK \u00c7\u0130FTL\u0130\u011e\u0130 \u00c7ED\u2019\u0130  B\u0130L\u0130MSELL\u0130KTEN UZAK!"},"content":{"rendered":"<p>Ayd\u0131nc\u0131k \u00c7evre Koruma Derne\u011fi Ba\u015fkan\u0131 Mehmet Sar\u0131, Bal\u0131k \u00e7iftlikleri ile ilgili bas\u0131n a\u00e7\u0131klamas\u0131nda bulundu.<\/p>\n<p>Ayd\u0131nc\u0131k il\u00e7esinde hafta sonu bir araya gelen Mersin, Silifke, Ayd\u0131nc\u0131k, Bozyaz\u0131 ve Anamur \u00c7evre \u00d6rg\u00fctleri olarak bir kez daha Mersinin sahillerinde yap\u0131m\u0131 planlanan Bal\u0131k \u00c7iftlikleri Projelerine kar\u015f\u0131 olduklar\u0131n\u0131 kamuoyu ile payla\u015fan Ba\u015fkan Mehmet Sar\u0131: \u201cHalk\u0131n ve Yerel Y\u00f6neticilerin iradeleri hi\u00e7e say\u0131larak ilan edilenCED \u00a0Raporlar\u0131\u2019n\u0131n bilimsellikten uzak, hukuki dayana\u011f\u0131 yoktur.\u00a0<br \/>\nBal\u0131k \u00c7iftlikleri,Mersin de Akdenizin ekosistemini ve halk\u0131n sa\u011fl\u0131\u011f\u0131n\u0131 bozacak, turizme de \u00e7ok zarar verecektir. \u00a0Bal\u0131k \u00e7iftlikleri Mu\u011flada denizi \u00e7ok kirletmi\u015ftir. Kirli denizde verimli \u00fcretim yap\u0131lamad\u0131\u011f\u0131 i\u00e7in Mu\u011fladan s\u00f6k\u00fcl\u00fcp Mersin\u2019e kurulumu yap\u0131lmak istenmektedir.<br \/>\nBal\u0131k \u00e7iftliklerinde GDO\u2019lu yem ve \u00e7e\u015fitli kimyasallar\u0131n yan\u0131 s\u0131ra, bal\u0131klar\u0131n verimini art\u0131r\u0131c\u0131 ve hastal\u0131klara kar\u015f\u0131 da \u00a0antibiyotikler kullan\u0131lmaktad\u0131r. Bal\u0131k \u00e7iftliklerinde kullan\u0131lan yemler, antibiyotikler ve di\u011fer kimyasallar ile birlikte bal\u0131klar\u0131n d\u0131\u015fk\u0131lar\u0131 denizin dibinde birikerek zamanla denizin dibindeki bitki \u00f6rt\u00fcs\u00fcn\u00fc ve denizdeki oksijeni yok etmektedir. Bu durum denizdeki di\u011fer canl\u0131lar\u0131n b\u00f6lgedeki varl\u0131\u011f\u0131n\u0131 tehdit etmektedir. Deniz yata\u011f\u0131nda biriken bu yo\u011fun kirlilik denizin ekosistemini ve do\u011fal hayat\u0131n\u0131 zamanla yok etmektedir.\u201d dedi.<\/p>\n<p>K\u0130RL\u0130L\u0130K TUR\u0130ZM\u2019\u0130N B\u0130TMES\u0130NE DE NEDEN OLUYOR\u00a0<\/p>\n<p>A\u00e7\u0131klamas\u0131n\u0131 s\u00fcrd\u00fcren Ayd\u0131nc\u0131k \u00c7evre Koruma Derne\u011fi Mehmet Sar\u0131: \u00a0\u201cBal\u0131k \u00e7iftliklerindeki kirlilik ve kullan\u0131lan kimyasallar, bal\u0131klar\u0131n d\u0131\u015fk\u0131lar\u0131 denizin y\u00fczeyine de yay\u0131lmaktad\u0131r. Bu da insan sa\u011fl\u0131\u011f\u0131n\u0131 tehdit etmenin yan\u0131nda turizmin bitmesine de neden olmaktad\u0131r. Ayr\u0131ca, bal\u0131k \u00e7iftliklerinin s\u0131n\u0131r\u0131n\u0131 \u00e7izen varil ve \u015famand\u0131ralarla koylar kapat\u0131larak, yatlar\u0131n, teknelerin ve turistlerin denize girmeleri engellenmektedir. Bal\u0131k \u00e7iftliklerinin \u00e7al\u0131\u015fanlar\u0131n\u0131n kald\u0131\u011f\u0131 barakalar, k\u0131y\u0131lar\u0131n g\u00f6r\u00fcnt\u00fcs\u00fcn\u00fc bozmaktad\u0131r.\u00a0<br \/>\nMersinde Anamur, Ayd\u0131nc\u0131k ve Silifke sahillerinin sonuna kadar Mu\u011fladan s\u00f6k\u00fclerek yap\u0131m\u0131 planlanan bal\u0131k \u00e7iftliklerinin kurulum yerlerinin geneli 1. Derecede do\u011fal sit, Arkeolojik sit ve ilan edilmi\u015f Turizm b\u00f6lgeleridir. 1. derece do\u011fal sit alanlar\u0131 uluslar aras\u0131 s\u00f6zle\u015fmelerle koruma alt\u0131na al\u0131nm\u0131\u015ft\u0131r. Koruma alt\u0131na al\u0131nan alanlara Bal\u0131k \u00e7iftlikleri kurmak uluslararas\u0131 s\u00f6zle\u015fmelere ve \u00fclkemizdeki yasa ve y\u00f6netmeliklere ayk\u0131r\u0131d\u0131r.\u00a0<br \/>\nBizler Mersin de denizlerimizi kirletecek, ekosistemimizi ve sa\u011fl\u0131\u011f\u0131m\u0131z\u0131 bozacak bal\u0131k \u00e7iftliklerinin kurulmas\u0131n\u0131 istemiyoruz. Yetkililerden Mersin halk\u0131n\u0131n hakl\u0131 talebini yerine getirerek bal\u0131k \u00e7iftliklerinin b\u00fct\u00fcn projelerini iptal etmelerini istiyoruz.\u201d diyerek bu soruna dikkat \u00e7ekti.<\/p>\n<p>Bilal BAKIRD\u00d6VEN<\/p>\n","protected":false},"excerpt":{"rendered":"<p>Mersinin sahillerinde yap\u0131m\u0131 planlanan Bal\u0131k \u00c7iftlikleri Projelerine kar\u015f\u0131 olduklar\u0131n\u0131 kamuoyu ile payla\u015fan Ba\u015fkan Mehmet Sar\u0131, \u201cHalk\u0131n ve Yerel Y\u00f6neticilerin iradeleri hi\u00e7e say\u0131larak ilan edilenCED  Raporlar\u0131\u2019n\u0131n bilimsellikten uzak, hukuki dayana\u011f\u0131 yoktur.\u201ddedi.<\/p>\n","protected":false},"author":2,"featured_media":0,"comment_status":"open","ping_status":"open","sticky":false,"template":"","format":"standard","meta":{"footnotes":""},"categories":[],"tags":[],"class_list":["post-2961","post","type-post","status-publish","format-standard","hentry"],"views":19,"_links":{"self":[{"href":"https:\/\/mersingazetesi.com\/index.php\/wp-json\/wp\/v2\/posts\/2961","targetHints":{"allow":["GET"]}}],"collection":[{"href":"https:\/\/mersingazetesi.com\/index.php\/wp-json\/wp\/v2\/posts"}],"about":[{"href":"https:\/\/mersingazetesi.com\/index.php\/wp-json\/wp\/v2\/types\/post"}],"author":[{"embeddable":true,"href":"https:\/\/mersingazetesi.com\/index.php\/wp-json\/wp\/v2\/users\/2"}],"replies":[{"embeddable":true,"href":"https:\/\/mersingazetesi.com\/index.php\/wp-json\/wp\/v2\/comments?post=2961"}],"version-history":[{"count":0,"href":"https:\/\/mersingazetesi.com\/index.php\/wp-json\/wp\/v2\/posts\/2961\/revisions"}],"wp:attachment":[{"href":"https:\/\/mersingazetesi.com\/index.php\/wp-json\/wp\/v2\/media?parent=2961"}],"wp:term":[{"taxonomy":"category","embeddable":true,"href":"https:\/\/mersingazetesi.com\/index.php\/wp-json\/wp\/v2\/categories?post=2961"},{"taxonomy":"post_tag","embeddable":true,"href":"https:\/\/mersingazetesi.com\/index.php\/wp-json\/wp\/v2\/tags?post=2961"}],"curies":[{"name":"wp","href":"https:\/\/api.w.org\/{rel}","templated":true}]}}