{"id":2954,"date":"2021-11-23T11:50:56","date_gmt":"2021-11-23T08:50:56","guid":{"rendered":"http:\/\/mersin.mesiad.org\/index.php\/2021\/11\/23\/chpli-basarir-yasanan-bu-skandal-akp-iktidarinin-yargiya-mudahale-ettiginin-acik-bir-gostergesi-degil-midir\/"},"modified":"2021-11-23T11:50:56","modified_gmt":"2021-11-23T08:50:56","slug":"chpli-basarir-yasanan-bu-skandal-akp-iktidarinin-yargiya-mudahale-ettiginin-acik-bir-gostergesi-degil-midir","status":"publish","type":"post","link":"https:\/\/mersingazetesi.com\/index.php\/2021\/11\/23\/chpli-basarir-yasanan-bu-skandal-akp-iktidarinin-yargiya-mudahale-ettiginin-acik-bir-gostergesi-degil-midir\/","title":{"rendered":"CHP\u2019L\u0130 BA\u015eARIR: \u201c YA\u015eANAN BU SKANDAL, AKP \u0130KT\u0130DARININ YARGIYA M\u00dcDAHALE ETT\u0130\u011e\u0130N\u0130N A\u00c7IK B\u0130R G\u00d6STERGES\u0130 DE\u011e\u0130L M\u0130D\u0130R?\u201d"},"content":{"rendered":"<p>CHP Mersin Milletvekili Anayasa Komisyonu \u00fcyesi Ali Mahir Ba\u015far\u0131r, Habert\u00fcrk Gazetesi k\u00f6\u015fe yazar\u0131 Fatih Altayl\u0131\u2019n\u0131n g\u00fcndeme getirdi\u011fi, \u0130ranl\u0131 uyu\u015fturucu baronu ve bir dizi cinayetlerin azmettiricisi Naci \u015eerifi Zinda\u015fti\u2019nin serbest b\u0131rak\u0131lmas\u0131 i\u00e7in davaya bakan hakime bask\u0131 yapan ki\u015finin , eski AKP milletvekili Burhan Kuzu \u00a0oldu\u011fu iddialar\u0131n\u0131 meclis g\u00fcndemine ta\u015f\u0131d\u0131.<\/p>\n<p>\u00a0<\/p>\n<p>CHP\u2019li Ba\u015far\u0131r, Cumhurba\u015fkan\u0131 Yard\u0131mc\u0131s\u0131 Fuat Oktay taraf\u0131ndan yaz\u0131l\u0131 olarak yan\u0131tlanmas\u0131n\u0131 istedi\u011fi \u00f6nergesinde, \u201ciddialar do\u011fru ise ya\u015fanan bu skandal olay, AKP \u0130ktidar\u0131n\u0131n yarg\u0131ya a\u00e7\u0131k\u00e7a m\u00fcdahale etti\u011finin somut bir g\u00f6stergesi de\u011fil midir?\u201d sorusunu y\u00f6neltti.<\/p>\n<p>\u00a0<\/p>\n<p>\u00d6nergede Fatih Altayl\u0131\u2019n\u0131n iddia etti\u011fi bilgilere yer veren CHP\u2019li Ba\u015far\u0131r, \u201cher f\u0131rsatta uyu\u015fturucuya kar\u015f\u0131 m\u00fccadele eti\u011fini belirten iktidar partisinin eski bir milletvekilinin uyu\u015fturucu baronunun tahliyesi i\u00e7in yarg\u0131ya m\u00fcdahale etmesi kabul edilemez\u201d dedi.<\/p>\n<p>\u00a0<\/p>\n<p>CHP Mersin Milletvekili Ba\u015far\u0131r \u00f6nergesinde;<\/p>\n<p>\u00a0<\/p>\n<p>\u00a0\u201cHabert\u00fcrk Gazetesi yazar\u0131 Fatih Altayl\u0131, 31.10.2018 tarihinde k\u00f6\u015fesinde yer vermi\u015f oldu\u011fu yaz\u0131s\u0131nda; 2007 y\u0131l\u0131nda, B\u00fcy\u00fck\u00e7ekmece \u0130l\u00e7esi\u2019nde 75 kilo eroinle yakalanan \u0130ranl\u0131 Naci \u015eerifi Zinda\u015fti\u2019nin tutukland\u0131\u011f\u0131na ve ayn\u0131 y\u0131l d\u00f6nemin savc\u0131s\u0131 Zekeriya \u00d6z\u2019e ifade verdi\u011fine, ifade sonras\u0131 da \u201cgizli tan\u0131k\u201d olmak \u015fart\u0131yla serbest b\u0131rak\u0131ld\u0131\u011f\u0131na yer vermi\u015ftir.<\/p>\n<p>\u00a0<\/p>\n<p>Naci \u015eerifi Zinda\u015fti\u2019nin gizli tan\u0131k olarak serbest b\u0131rak\u0131lmas\u0131n\u0131n ard\u0131ndan uyu\u015fturucu ticareti hesapla\u015fmas\u0131 ad\u0131na bir dizi cinayetlerin azmettiricisi oldu\u011funa ve t\u00fcm bu su\u00e7lardan dolay\u0131 bir s\u00fcre \u00f6nce \u0130stanbul polisi taraf\u0131ndan yakaland\u0131\u011f\u0131 bilgileri de ilgili k\u00f6\u015fe yaz\u0131s\u0131nda yer alm\u0131\u015ft\u0131r.<\/p>\n<p>\u00a0<\/p>\n<p>Altayl\u0131 yaz\u0131s\u0131n\u0131n devam\u0131nda; Naci \u015eerifi Zinda\u015fti\u2019nin yakalanmas\u0131n\u0131n ard\u0131ndan k\u0131sa bir tutuklulu\u011fun sonras\u0131nda \u0130stanbul 5. Sulh Ceza Hakimi C.\u00d6. taraf\u0131ndan aniden tahliye edildi\u011finden; tahliyenin ard\u0131ndan \u0130stanbul Cumhuriyet Ba\u015fsavc\u0131l\u0131\u011f\u0131 derhal tahliyeye itiraz edip tutuklama karar\u0131 \u00e7\u0131kartt\u0131rd\u0131ysa da Zinda\u015fti\u2019nin kay\u0131plara kar\u0131\u015ft\u0131\u011f\u0131dan; HSK\u2019n\u0131n bu rezalet karar neticesinde soru\u015fturma a\u00e7t\u0131\u011f\u0131ndan bahisle HSK taraf\u0131ndan y\u00fcr\u00fct\u00fclen soru\u015fturma kapsam\u0131nda Zinda\u015fti hakk\u0131nda tahliye karar\u0131 veren hakiminin ifadesinde: \u201c\u0130ktidar partisinden eski milletvekili beni s\u00fcrekli arayarak bu \u015fahs\u0131n mutlaka tahliye edilmesi gerekti\u011fi y\u00f6n\u00fcnde telkinde ve bask\u0131da bulundu. Devletin bu konuda bir duyarl\u0131l\u0131\u011f\u0131 oldu\u011funu belirtti\u201d s\u00f6zlerini dile getirdi\u011fine yer vermi\u015ftir.<\/p>\n<p>\u00a0<\/p>\n<p>Fatih Altayl\u0131 yaz\u0131s\u0131nda s\u00f6z konusu eski milletvekilinin ad\u0131n\u0131 vermeden Burhan Kuzu oldu\u011funu i\u015faret etmi\u015f ve bu mesele ile ilgili konu\u015ftu\u011fu herkes, ki buna iktidar partisinden \u00f6nemli isimler de dahil, \u201cNe devlet duyarl\u0131l\u0131\u011f\u0131. Mesele tamamen duygusal\u201d dediklerine de yer vermi\u015ftir.<\/p>\n<p>\u00a0<\/p>\n<p>Altayl\u0131 1.11.2018 tarihli k\u00f6\u015fe yaz\u0131s\u0131nda ise hakime bask\u0131 yapan\u0131n Burhan Kuzu oldu\u011funa dair g\u00fcvenilir kaynaklardan bilgi ald\u0131\u011f\u0131n\u0131 belirtmi\u015f ve \u00a0\u201cHSK \u0130ranl\u0131 uyu\u015fturucu baronu Naci \u015eerifi Zinda\u015fti&#8217;yi tahliye eden Hakim Cevdet \u00d6zcan&#8217;\u0131n g\u00f6rev yerini de\u011fi\u015ftirdi. \u00d6zcan, \u0130stanbul 5. Sulh Ceza Mahkemesi&#8217;nden K\u00fc\u00e7\u00fck\u00e7ekmece Hakimli\u011fi&#8217;ne atand\u0131\u201d bilgisini payla\u015fm\u0131\u015ft\u0131r.<\/p>\n<p>\u00a0<\/p>\n<p>Her f\u0131rsatta uyu\u015fturucu ile m\u00fccadele etti\u011fini belirten iktidar partisinin eski bir milletvekilinin uyu\u015fturucu baronunun tahliyesi i\u00e7in yarg\u0131ya m\u00fcdahale etmesi kabul edilemez\u201d a\u00e7\u0131klamalar\u0131na yer vererek \u015fu sorular\u0131n yan\u0131tlanmas\u0131n\u0131 istedi.<\/p>\n<p>Bu \u00e7er\u00e7evede:<\/p>\n<p>\u00a0<\/p>\n<p>\u0130ranl\u0131 uyu\u015fturucu baronu Naci \u015eerifi Zinda\u015fti ve 3 adam\u0131n\u0131n serbest b\u0131rak\u0131lmas\u0131 i\u00e7in davaya bakan hakime, bir d\u00f6nem TBMM Anayasa Komisyonu Ba\u015fkanl\u0131\u011f\u0131 yapan AKP eski milletvekili Burhan Kuzu oldu\u011fu iddialar\u0131n\u0131n do\u011fru olup olmad\u0131\u011f\u0131 hakk\u0131nda bir soru\u015fturma ba\u015flat\u0131lm\u0131\u015f m\u0131d\u0131r? Ba\u015flat\u0131ld\u0131 ise sonu\u00e7lar\u0131 ne olmu\u015ftur? Ba\u015flat\u0131lmad\u0131 ise gerek\u00e7eleri nelerdir?<br \/>\nFatih Altayl\u0131\u2019n\u0131n iddialar\u0131 do\u011fruysa;<\/p>\n<p>A-) Benzer bi\u00e7imde ba\u015fka davalarla ilgili olarak da Burhan Kuzu ya da ba\u015fka AKP \u00fcst d\u00fczey y\u00f6neticileri ve milletvekillerince h\u00e2kimlere bask\u0131 yap\u0131l\u0131p yap\u0131lmad\u0131\u011f\u0131 ara\u015ft\u0131r\u0131lm\u0131\u015f m\u0131d\u0131r? Ara\u015ft\u0131r\u0131lm\u0131\u015fsa sonu\u00e7lar\u0131 ne olmu\u015ftur?<\/p>\n<p>B-) Ya\u015fanan bu skandal olay AKP iktidarlar\u0131nda yarg\u0131ya a\u00e7\u0131k\u00e7a m\u00fcdahale edildi\u011finin somut bir g\u00f6stergesi de\u011fil midir?<\/p>\n<p>C-) Ayr\u0131ca bu olayda hakime, Zinda\u015fti\u2019nin serbest kalmas\u0131 i\u00e7in bask\u0131 yapan Burhan Kuzu\u2019nun \u201cDevlet duyarl\u0131l\u0131\u011f\u0131\u201d demesi, her f\u0131rsatta uyu\u015fturucuya kar\u015f\u0131 m\u00fccadele etti\u011fini belirten AKP iktidar\u0131n\u0131n, kar\u015f\u0131 m\u00fccadele yerine destek verdi\u011finin a\u00e7\u0131k bir \u00f6rne\u011fi de\u011fil midir?\u00a0<\/p>\n<p>C-) TCK\u2019ya g\u00f6re Burhan Kuzu\u2019nun a\u00e7\u0131k\u00e7a su\u00e7 i\u015fledi\u011fi ortadayken, H\u00e2kimler ve Savc\u0131lar Kurulu, Burhan Kuzu hakk\u0131nda su\u00e7 duyurusunda bulunmu\u015f mudur? Bulunduysa su\u00e7 duyurusunun i\u00e7eri\u011fi nelerdir?<\/p>\n<p>D-) HSK \u00fcyeleri taraf\u0131ndan su\u00e7 duyurusunda bulunulmad\u0131ysa, konuyu bilmelerine ra\u011fmen Burhan Kuzu hakk\u0131nda su\u00e7 duyurusunda bulunmayan HSK \u00fcyeleri hakk\u0131nda herhangi bir yasal i\u015flem ba\u015flat\u0131lm\u0131\u015f m\u0131d\u0131r? Ba\u015flat\u0131lmad\u0131ysa gerek\u00e7eleri nelerdir?<br \/>\nE-) Skandal olay ile ilgili soru\u015fturma s\u00fcreci tamamlanana kadar Burhan Kuzu\u2019yu, Hukuk Politikalar\u0131 Kurulu\u2019ndaki g\u00f6revinden uzakla\u015ft\u0131rmay\u0131 d\u00fc\u015f\u00fcn\u00fcyor musunuz?<\/p>\n<p>B\u00fcltendir<\/p>\n","protected":false},"excerpt":{"rendered":"<p>CHP Mersin Milletvekili Anayasa Komisyonu \u00fcyesi Ali Mahir Ba\u015far\u0131r, Habert\u00fcrk Gazetesi k\u00f6\u015fe yazar\u0131 Fatih Altayl\u0131\u2019n\u0131n g\u00fcndeme getirdi\u011fi, \u0130ranl\u0131 uyu\u015fturucu baronu ve bir dizi cinayetlerin azmettiricisi Naci \u015eerifi Zinda\u015fti\u2019nin serbest b\u0131rak\u0131lmas\u0131 i\u00e7in davaya bakan hakime bask\u0131 yapan ki\u015finin , eski AKP milletvekili Burhan Kuzu \u00a0oldu\u011fu iddialar\u0131n\u0131 meclis g\u00fcndemine ta\u015f\u0131d\u0131. \u00a0 CHP\u2019li Ba\u015far\u0131r, Cumhurba\u015fkan\u0131 Yard\u0131mc\u0131s\u0131 Fuat Oktay [&hellip;]<\/p>\n","protected":false},"author":2,"featured_media":0,"comment_status":"open","ping_status":"open","sticky":false,"template":"","format":"standard","meta":{"footnotes":""},"categories":[],"tags":[],"class_list":["post-2954","post","type-post","status-publish","format-standard","hentry"],"views":17,"_links":{"self":[{"href":"https:\/\/mersingazetesi.com\/index.php\/wp-json\/wp\/v2\/posts\/2954","targetHints":{"allow":["GET"]}}],"collection":[{"href":"https:\/\/mersingazetesi.com\/index.php\/wp-json\/wp\/v2\/posts"}],"about":[{"href":"https:\/\/mersingazetesi.com\/index.php\/wp-json\/wp\/v2\/types\/post"}],"author":[{"embeddable":true,"href":"https:\/\/mersingazetesi.com\/index.php\/wp-json\/wp\/v2\/users\/2"}],"replies":[{"embeddable":true,"href":"https:\/\/mersingazetesi.com\/index.php\/wp-json\/wp\/v2\/comments?post=2954"}],"version-history":[{"count":0,"href":"https:\/\/mersingazetesi.com\/index.php\/wp-json\/wp\/v2\/posts\/2954\/revisions"}],"wp:attachment":[{"href":"https:\/\/mersingazetesi.com\/index.php\/wp-json\/wp\/v2\/media?parent=2954"}],"wp:term":[{"taxonomy":"category","embeddable":true,"href":"https:\/\/mersingazetesi.com\/index.php\/wp-json\/wp\/v2\/categories?post=2954"},{"taxonomy":"post_tag","embeddable":true,"href":"https:\/\/mersingazetesi.com\/index.php\/wp-json\/wp\/v2\/tags?post=2954"}],"curies":[{"name":"wp","href":"https:\/\/api.w.org\/{rel}","templated":true}]}}