{"id":2920,"date":"2021-11-23T11:50:55","date_gmt":"2021-11-23T08:50:55","guid":{"rendered":"http:\/\/mersin.mesiad.org\/index.php\/2021\/11\/23\/kurum-mersin-millet-bahcesi-ocak-subat-aylarinda-baslayacak\/"},"modified":"2021-11-23T11:50:55","modified_gmt":"2021-11-23T08:50:55","slug":"kurum-mersin-millet-bahcesi-ocak-subat-aylarinda-baslayacak","status":"publish","type":"post","link":"https:\/\/mersingazetesi.com\/index.php\/2021\/11\/23\/kurum-mersin-millet-bahcesi-ocak-subat-aylarinda-baslayacak\/","title":{"rendered":"Kurum: &#8220;Mersin Millet Bah\u00e7esi ocak, \u015fubat aylar\u0131nda  ba\u015flayacak&#8221;"},"content":{"rendered":"<p>\u00c7evre ve \u015eehircilik Bakan\u0131 Murat Kurum, Mersin&#8217;de Tevfik S\u0131rr\u0131 G\u00fcr Stadyumu&#8217;nun bulundu\u011fu yeri &#8216;Millet Bah\u00e7esi&#8217; yapmak i\u00e7in projelendirdiklerini belirterek stad\u0131n y\u0131k\u0131m\u0131na ba\u015fland\u0131\u011f\u0131n\u0131, Millet Bah\u00e7esi yap\u0131m\u0131n\u0131n da ocak, \u015fubat aylar\u0131nda ba\u015flanaca\u011f\u0131n\u0131 s\u00f6yledi.\u00a0<br \/>\n\u00c7evre ve \u015eehircilik Bakan\u0131 Murat Kurum ile AK Parti Genel Ba\u015fkan Yard\u0131mc\u0131s\u0131 L\u00fctfi Elvan, bir dizi ziyaret ve incelemelerde bulunmak \u00fczere Mersin&#8217;e geldi. \u0130lk olarak Tunceli\u2019nin Naz\u0131miye il\u00e7esi k\u0131rsal\u0131nda operasyonda so\u011fuk havadan etkilenen ve kald\u0131r\u0131ld\u0131\u011f\u0131 hastanede \u015fehit olan Ferruh Dikmen ve As\u0131m T\u00fcrkel\u2019in ailelerine taziye ziyaretinde bulunan Kurum ve Elvan, daha sonra Mersin Valili\u011fi&#8217;ne geldi.\u00a0<\/p>\n<p>&#8220;Millet Bah\u00e7esi&#8217;ni 110 d\u00f6n\u00fcm alana yapaca\u011f\u0131z&#8221;<br \/>\n\u00a0<br \/>\nMillet Bah\u00e7esi&#8217;nin Mersin&#8217;de 110 d\u00f6n\u00fcm alanda yap\u0131laca\u011f\u0131n\u0131 aktaran Kurum, &#8220;Stadyumun bulundu\u011fu yeri biz Millet Bah\u00e7esi yapma noktas\u0131nda projelendirme \u00e7al\u0131\u015fmalar\u0131 yap\u0131yoruz. Valili\u011fimiz y\u0131k\u0131m\u0131n\u0131 ger\u00e7ekle\u015ftiriyor. \u0130n\u015fallah aral\u0131k ay\u0131na kadar y\u0131k\u0131m\u0131n\u0131 ger\u00e7ekle\u015ftirecek. Bizde ocak, \u015fubat ay\u0131nda in\u015fallah yap\u0131m\u0131na ba\u015flayaca\u011f\u0131z. 50 bin metre kare bir alan. Birde bu alan\u0131n \u00f6n\u00fcnde denizpark diye bilinen yakla\u015f\u0131k 60 d\u00f6n\u00fcml\u00fck bir alan daha var. Bunu da Mersinlilere kazand\u0131racak \u015fekilde Millet Bah\u00e7emizi b\u00fcy\u00fct\u00fcyoruz. 110 d\u00f6n\u00fcm alanda, i\u00e7inde Millet K\u0131raathanesinin oldu\u011fu, sosyal anlamda b\u00fct\u00fcn vatanda\u015flar\u0131m\u0131z\u0131n her t\u00fcrl\u00fc ihtiyac\u0131n\u0131 kar\u015f\u0131layabilece\u011fi bir alan projesini ger\u00e7ekle\u015ftirmi\u015f olaca\u011f\u0131z&#8221; \u015feklinde konu\u015ftu.\u00a0<br \/>\nKurum ayr\u0131ca, emeklilerin ve sosyal anlamda alt gelir grubunda bulunan vatanda\u015flar\u0131n bekledi\u011fi TOK\u0130 konutlar\u0131yla ilgili de a\u00e7\u0131klamalarda bulunarak, &#8220;Konutlar\u0131n yap\u0131lmas\u0131 i\u00e7in gereken arazilere bakt\u0131k. Bunlarla ilgili kararlar\u0131 ald\u0131k. \u0130n\u015fallah \u00f6n\u00fcm\u00fczdeki s\u00fcre\u00e7te bu projeyi de Mersin&#8217;de ger\u00e7ekle\u015ftirmi\u015f olaca\u011f\u0131z&#8221; diye konu\u015ftu. (\u0130HA)<\/p>\n<p>\u0130HA<\/p>\n","protected":false},"excerpt":{"rendered":"<p>\u00c7evre ve \u015eehircilik Bakan\u0131 Murat Kurum, Mersin&#8217;de Tevfik S\u0131rr\u0131 G\u00fcr Stadyumu&#8217;nun bulundu\u011fu yeri &#8216;Millet Bah\u00e7esi&#8217; yapmak i\u00e7in projelendirdiklerini belirterek stad\u0131n y\u0131k\u0131m\u0131na ba\u015fland\u0131\u011f\u0131n\u0131, Millet Bah\u00e7esi yap\u0131m\u0131n\u0131n da ocak, \u015fubat aylar\u0131nda ba\u015flanaca\u011f\u0131n\u0131 s\u00f6yledi.\u00a0 \u00c7evre ve \u015eehircilik Bakan\u0131 Murat Kurum ile AK Parti Genel Ba\u015fkan Yard\u0131mc\u0131s\u0131 L\u00fctfi Elvan, bir dizi ziyaret ve incelemelerde bulunmak \u00fczere Mersin&#8217;e geldi. \u0130lk [&hellip;]<\/p>\n","protected":false},"author":2,"featured_media":0,"comment_status":"open","ping_status":"open","sticky":false,"template":"","format":"standard","meta":{"footnotes":""},"categories":[],"tags":[],"class_list":["post-2920","post","type-post","status-publish","format-standard","hentry"],"views":17,"_links":{"self":[{"href":"https:\/\/mersingazetesi.com\/index.php\/wp-json\/wp\/v2\/posts\/2920","targetHints":{"allow":["GET"]}}],"collection":[{"href":"https:\/\/mersingazetesi.com\/index.php\/wp-json\/wp\/v2\/posts"}],"about":[{"href":"https:\/\/mersingazetesi.com\/index.php\/wp-json\/wp\/v2\/types\/post"}],"author":[{"embeddable":true,"href":"https:\/\/mersingazetesi.com\/index.php\/wp-json\/wp\/v2\/users\/2"}],"replies":[{"embeddable":true,"href":"https:\/\/mersingazetesi.com\/index.php\/wp-json\/wp\/v2\/comments?post=2920"}],"version-history":[{"count":0,"href":"https:\/\/mersingazetesi.com\/index.php\/wp-json\/wp\/v2\/posts\/2920\/revisions"}],"wp:attachment":[{"href":"https:\/\/mersingazetesi.com\/index.php\/wp-json\/wp\/v2\/media?parent=2920"}],"wp:term":[{"taxonomy":"category","embeddable":true,"href":"https:\/\/mersingazetesi.com\/index.php\/wp-json\/wp\/v2\/categories?post=2920"},{"taxonomy":"post_tag","embeddable":true,"href":"https:\/\/mersingazetesi.com\/index.php\/wp-json\/wp\/v2\/tags?post=2920"}],"curies":[{"name":"wp","href":"https:\/\/api.w.org\/{rel}","templated":true}]}}