{"id":2905,"date":"2021-11-23T11:50:54","date_gmt":"2021-11-23T08:50:54","guid":{"rendered":"http:\/\/mersin.mesiad.org\/index.php\/2021\/11\/23\/mersinde-seralari-hortum-vurdu\/"},"modified":"2021-11-23T11:50:54","modified_gmt":"2021-11-23T08:50:54","slug":"mersinde-seralari-hortum-vurdu","status":"publish","type":"post","link":"https:\/\/mersingazetesi.com\/index.php\/2021\/11\/23\/mersinde-seralari-hortum-vurdu\/","title":{"rendered":"Mersin&#8217;de seralar\u0131 hortum vurdu"},"content":{"rendered":"<p>Mersin\u2019in Bozyaz\u0131 il\u00e7esinde meydana gelen hortum seralar\u0131n b\u00fcy\u00fck zarar g\u00f6rmesine neden oldu.\u00a0<br \/>\nBozyaz\u0131&#8217;da gece yar\u0131s\u0131 sa\u011fanak ya\u011f\u0131\u015f\u0131n ard\u0131ndan sabaha kar\u015f\u0131 \u00e7\u0131kan hortum, Tekeli, G\u00f6zs\u00fczce ve Karaisal\u0131 mahallelerinde yakla\u015f\u0131k 7 d\u00f6n\u00fcm muz seras\u0131na zarar verdi. Seralar\u0131 zarar g\u00f6ren vatanda\u015flar\u0131 ziyaret eden Bozyaz\u0131 Kaymakam\u0131 Hayat\u0131 Ta\u015fdan, seralardaki zarar\u0131 inceledi. Bu t\u00fcr do\u011fal afetler kar\u015f\u0131s\u0131nda devletin belirli konularda vatanda\u015flara yard\u0131mc\u0131 olabildi\u011fini vurgulayan Ta\u015fdan, vatanda\u015flar\u0131n mutlaka seralar\u0131n\u0131 sigortalatmalar\u0131 gerekti\u011fini s\u00f6yledi. \u00a0<\/p>\n<p>\u0130HA<\/p>\n","protected":false},"excerpt":{"rendered":"<p>Mersin\u2019in Bozyaz\u0131 il\u00e7esinde meydana gelen hortum seralar\u0131n b\u00fcy\u00fck zarar g\u00f6rmesine neden oldu.\u00a0 Bozyaz\u0131&#8217;da gece yar\u0131s\u0131 sa\u011fanak ya\u011f\u0131\u015f\u0131n ard\u0131ndan sabaha kar\u015f\u0131 \u00e7\u0131kan hortum, Tekeli, G\u00f6zs\u00fczce ve Karaisal\u0131 mahallelerinde yakla\u015f\u0131k 7 d\u00f6n\u00fcm muz seras\u0131na zarar verdi. Seralar\u0131 zarar g\u00f6ren vatanda\u015flar\u0131 ziyaret eden Bozyaz\u0131 Kaymakam\u0131 Hayat\u0131 Ta\u015fdan, seralardaki zarar\u0131 inceledi. Bu t\u00fcr do\u011fal afetler kar\u015f\u0131s\u0131nda devletin belirli konularda [&hellip;]<\/p>\n","protected":false},"author":2,"featured_media":0,"comment_status":"open","ping_status":"open","sticky":false,"template":"","format":"standard","meta":{"footnotes":""},"categories":[],"tags":[],"class_list":["post-2905","post","type-post","status-publish","format-standard","hentry"],"views":16,"_links":{"self":[{"href":"https:\/\/mersingazetesi.com\/index.php\/wp-json\/wp\/v2\/posts\/2905","targetHints":{"allow":["GET"]}}],"collection":[{"href":"https:\/\/mersingazetesi.com\/index.php\/wp-json\/wp\/v2\/posts"}],"about":[{"href":"https:\/\/mersingazetesi.com\/index.php\/wp-json\/wp\/v2\/types\/post"}],"author":[{"embeddable":true,"href":"https:\/\/mersingazetesi.com\/index.php\/wp-json\/wp\/v2\/users\/2"}],"replies":[{"embeddable":true,"href":"https:\/\/mersingazetesi.com\/index.php\/wp-json\/wp\/v2\/comments?post=2905"}],"version-history":[{"count":0,"href":"https:\/\/mersingazetesi.com\/index.php\/wp-json\/wp\/v2\/posts\/2905\/revisions"}],"wp:attachment":[{"href":"https:\/\/mersingazetesi.com\/index.php\/wp-json\/wp\/v2\/media?parent=2905"}],"wp:term":[{"taxonomy":"category","embeddable":true,"href":"https:\/\/mersingazetesi.com\/index.php\/wp-json\/wp\/v2\/categories?post=2905"},{"taxonomy":"post_tag","embeddable":true,"href":"https:\/\/mersingazetesi.com\/index.php\/wp-json\/wp\/v2\/tags?post=2905"}],"curies":[{"name":"wp","href":"https:\/\/api.w.org\/{rel}","templated":true}]}}