{"id":2898,"date":"2021-11-23T11:50:54","date_gmt":"2021-11-23T08:50:54","guid":{"rendered":"http:\/\/mersin.mesiad.org\/index.php\/2021\/11\/23\/lisede-yasanan-taciz-iddialari-meclis-gundeminde\/"},"modified":"2021-11-23T11:50:54","modified_gmt":"2021-11-23T08:50:54","slug":"lisede-yasanan-taciz-iddialari-meclis-gundeminde","status":"publish","type":"post","link":"https:\/\/mersingazetesi.com\/index.php\/2021\/11\/23\/lisede-yasanan-taciz-iddialari-meclis-gundeminde\/","title":{"rendered":"L\u0130SEDE YA\u015eANAN TAC\u0130Z \u0130DD\u0130ALARI MECL\u0130S G\u00dcNDEM\u0130NDE"},"content":{"rendered":"<p>\u0130stanbul Kadriye Moro\u011flu Anadolu Lisesinden mezun olan ve bu y\u0131l \u00fcniversiteye ba\u015flayan E.\u2019yi taciz etti\u011fi \u00f6ne s\u00fcr\u00fclen Co\u011frafya \u00f6\u011fretmeninin g\u00f6revine devam etmesinin ortaya \u00e7\u0131kmas\u0131 sonras\u0131 CHP konuyu Meclise ta\u015f\u0131d\u0131.<br \/>\nMilli E\u011fitim Bakan\u0131 Ziya Sel\u00e7uk\u2019un yan\u0131tlamas\u0131 istemiyle soru \u00f6nergesi veren CHP Mersin Milletvekili Alpay Antmen, \u0130stanbul Kadriye Moro\u011flu Anadolu Lisesinden mezun olan ve bu y\u0131l \u00fcniversiteye ba\u015flayan bir k\u0131z \u00f6\u011frencinin, lisedeyken kendisini taciz eden co\u011frafya \u00f6\u011fretmeniyle ilgili okul idaresine \u015fikayette bulundu\u011funu; yapt\u0131\u011f\u0131 \u015fikayet ve y\u00fcr\u00fct\u00fclen soru\u015fturmadan bir sonu\u00e7 alamay\u0131nca da olay\u0131 yarg\u0131ya ta\u015f\u0131d\u0131\u011f\u0131n\u0131n bas\u0131na yans\u0131d\u0131\u011f\u0131n\u0131 belirterek \u201cTaciz iddialar\u0131 do\u011fru mudur? Taciz iddialar\u0131n\u0131n g\u00fcndeme gelmesi ve olay\u0131n yarg\u0131ya ta\u015f\u0131nmas\u0131 sonras\u0131 bu \u00f6\u011fretmen hangi gerek\u00e7elerle g\u00f6revine devam etmektedir?\u201d diye sordu.<br \/>\nAntmen, taciz sonras\u0131nda \u00f6\u011fretmenin g\u00f6revine devam etmesi sonucunda \u00f6\u011frencilerin ve velilerin durumu protesto ettiklerini belirtti.<\/p>\n<p>CHP\u2019li vekilin \u00f6nergesinde yer alan sorular \u015fu \u015fekilde;<br \/>\n\u2013 Bas\u0131na yans\u0131yan taciz iddialar\u0131 do\u011fru mudur? Taciz iddialar\u0131n\u0131n g\u00fcndeme gelmesi ve olay\u0131n yarg\u0131ya ta\u015f\u0131nmas\u0131 sonras\u0131 bu \u00f6\u011fretmen hangi gerek\u00e7elerle g\u00f6revine devam etmektedir?<\/p>\n<p>\u2013 Bilgileri olmas\u0131na ra\u011fmen iddia edilen su\u00e7u okul idaresi neden gerekli makamlara bildirmemi\u015ftir? Okul idaresi hakk\u0131nda idari soru\u015fturma a\u00e7\u0131lm\u0131\u015f m\u0131d\u0131r?<\/p>\n<p>\u00a0\u2013 Bakanl\u0131k olarak konuyla ilgili ba\u015flat\u0131lan bir soru\u015fturma var m\u0131d\u0131r? Yoksa neden halen soru\u015fturma a\u00e7\u0131lmamaktad\u0131r?<\/p>\n<p>\u2013 K\u0131z \u00f6\u011frenci E.\u2019yi taciz etti\u011fi iddia edilen co\u011frafya \u00f6\u011fretmeni hakk\u0131nda ba\u015fka \u015fikayet bulunmakta m\u0131d\u0131r?<\/p>\n<p>\u2013 T\u00fcrkiye genelinde 2003 ila 2018 y\u0131llar\u0131 aras\u0131nda okullarda ya\u015fanan taciz vakas\u0131 say\u0131s\u0131 ka\u00e7t\u0131r? Hangi illerde ka\u00e7 taciz ve suiistimal vakas\u0131 tespit edilmi\u015ftir? \u0130ller s\u0131ras\u0131yla belirtilmek \u00fczere; hangi ilde ka\u00e7 taciz vakas\u0131 tespit edilmi\u015f, hangi soru\u015fturmalar a\u00e7\u0131lm\u0131\u015f, ka\u00e7 ki\u015fi cezaland\u0131r\u0131lm\u0131\u015ft\u0131r?<\/p>\n<p>\u2013 2003-2018 y\u0131llar\u0131 aras\u0131nda okullarda ya\u015fanan taciz ve suiistimal iddialar\u0131 ile ilgili; su\u00e7u bildirmeyen ya da su\u00e7u gizleyen ka\u00e7 idareci tespit edilmi\u015f, konuyla ilgili hangi soru\u015fturmalar a\u00e7\u0131lm\u0131\u015ft\u0131r? Sonu\u00e7lar\u0131 ne olmu\u015ftur?<\/p>\n<p>\u2013 Bakanl\u0131k olarak \u00f6\u011frencilerin taciz ve suiistimale kar\u015f\u0131 bilin\u00e7lendirilmesiyle ilgili ne t\u00fcr \u00e7al\u0131\u015fmalar yapmaktas\u0131n\u0131z?\u00a0<br \/>\n\u00a0<\/p>\n<p>B\u00fcltendir<\/p>\n","protected":false},"excerpt":{"rendered":"<p>\u0130stanbul Kadriye Moro\u011flu Anadolu Lisesinden mezun olan ve bu y\u0131l \u00fcniversiteye ba\u015flayan E.\u2019yi taciz etti\u011fi \u00f6ne s\u00fcr\u00fclen Co\u011frafya \u00f6\u011fretmeninin g\u00f6revine devam etmesinin ortaya \u00e7\u0131kmas\u0131 sonras\u0131 CHP konuyu Meclise ta\u015f\u0131d\u0131. Milli E\u011fitim Bakan\u0131 Ziya Sel\u00e7uk\u2019un yan\u0131tlamas\u0131 istemiyle soru \u00f6nergesi veren CHP Mersin Milletvekili Alpay Antmen, \u0130stanbul Kadriye Moro\u011flu Anadolu Lisesinden mezun olan ve bu y\u0131l \u00fcniversiteye [&hellip;]<\/p>\n","protected":false},"author":2,"featured_media":0,"comment_status":"open","ping_status":"open","sticky":false,"template":"","format":"standard","meta":{"footnotes":""},"categories":[],"tags":[],"class_list":["post-2898","post","type-post","status-publish","format-standard","hentry"],"views":20,"_links":{"self":[{"href":"https:\/\/mersingazetesi.com\/index.php\/wp-json\/wp\/v2\/posts\/2898","targetHints":{"allow":["GET"]}}],"collection":[{"href":"https:\/\/mersingazetesi.com\/index.php\/wp-json\/wp\/v2\/posts"}],"about":[{"href":"https:\/\/mersingazetesi.com\/index.php\/wp-json\/wp\/v2\/types\/post"}],"author":[{"embeddable":true,"href":"https:\/\/mersingazetesi.com\/index.php\/wp-json\/wp\/v2\/users\/2"}],"replies":[{"embeddable":true,"href":"https:\/\/mersingazetesi.com\/index.php\/wp-json\/wp\/v2\/comments?post=2898"}],"version-history":[{"count":0,"href":"https:\/\/mersingazetesi.com\/index.php\/wp-json\/wp\/v2\/posts\/2898\/revisions"}],"wp:attachment":[{"href":"https:\/\/mersingazetesi.com\/index.php\/wp-json\/wp\/v2\/media?parent=2898"}],"wp:term":[{"taxonomy":"category","embeddable":true,"href":"https:\/\/mersingazetesi.com\/index.php\/wp-json\/wp\/v2\/categories?post=2898"},{"taxonomy":"post_tag","embeddable":true,"href":"https:\/\/mersingazetesi.com\/index.php\/wp-json\/wp\/v2\/tags?post=2898"}],"curies":[{"name":"wp","href":"https:\/\/api.w.org\/{rel}","templated":true}]}}